{"id":4850,"date":"2025-07-02T10:38:48","date_gmt":"2025-07-02T10:38:48","guid":{"rendered":"https:\/\/blogsaverroes.juntadeandalucia.es\/ceiplacruz\/?p=4850"},"modified":"2025-07-02T10:38:48","modified_gmt":"2025-07-02T10:38:48","slug":"hasta-el-proximo-curso","status":"publish","type":"post","link":"https:\/\/blogsaverroes.juntadeandalucia.es\/ceiplacruz\/hasta-el-proximo-curso\/","title":{"rendered":"HASTA EL PR\u00d3XIMO CURSO"},"content":{"rendered":"<p>Queridas familias, queridos alumnos y alumnas,<\/p>\n<p>Con la llegada del verano, cerramos un nuevo curso escolar lleno de aprendizajes, experiencias y momentos compartidos que, sin duda, quedar\u00e1n en nuestra memoria. Ha sido un a\u00f1o de esfuerzo, dedicaci\u00f3n y crecimiento para todos, y desde el centro queremos expresar nuestro m\u00e1s sincero agradecimiento a cada uno de vosotros.<\/p>\n<p>A nuestros alumnos y alumnas, gracias por vuestra energ\u00eda, vuestra curiosidad y vuestras ganas de aprender. Sois el motor de nuestra labor y ver vuestro progreso es nuestra mayor recompensa. A las familias, gracias por vuestra confianza, vuestro apoyo constante y vuestra implicaci\u00f3n en la educaci\u00f3n de vuestros hijos e hijas. Vuestra colaboraci\u00f3n es fundamental para el \u00e9xito de nuestro proyecto educativo.<\/p>\n<p>Ha sido un placer acompa\u00f1aros en este camino, y desde el claustro de profesores nos sentimos orgullosos de los logros alcanzados y de la comunidad educativa que formamos juntos.<\/p>\n<p>&nbsp;<\/p>\n<p>Ahora es tiempo de descansar, desconectar y disfrutar de unas merecidas vacaciones. Os deseamos un verano maravilloso, lleno de alegr\u00eda y momentos especiales.<\/p>\n<p>\u00a1Nos vemos a la vuelta, con las energ\u00edas renovadas y la ilusi\u00f3n de seguir construyendo juntos!<\/p>\n<p>Un cordial saludo,<\/p>\n<p>El Equipo Directivo y el Claustro de Profesores\/as<\/p>\n<p>CEIP LA CRUZ<br \/>\n<a href=\"https:\/\/blogsaverroes.juntadeandalucia.es\/ceiplacruz\/files\/2025\/07\/Imagen-de-WhatsApp-2025-06-30-a-las-13.41.09_f451cccb.jpg\"><img loading=\"lazy\" decoding=\"async\" class=\"aligncenter size-large wp-image-4851\" src=\"https:\/\/blogsaverroes.juntadeandalucia.es\/ceiplacruz\/files\/2025\/07\/Imagen-de-WhatsApp-2025-06-30-a-las-13.41.09_f451cccb-1024x576.jpg\" alt=\"\" width=\"1024\" height=\"576\" srcset=\"https:\/\/blogsaverroes.juntadeandalucia.es\/ceiplacruz\/files\/2025\/07\/Imagen-de-WhatsApp-2025-06-30-a-las-13.41.09_f451cccb-1024x576.jpg 1024w, https:\/\/blogsaverroes.juntadeandalucia.es\/ceiplacruz\/files\/2025\/07\/Imagen-de-WhatsApp-2025-06-30-a-las-13.41.09_f451cccb-300x169.jpg 300w, https:\/\/blogsaverroes.juntadeandalucia.es\/ceiplacruz\/files\/2025\/07\/Imagen-de-WhatsApp-2025-06-30-a-las-13.41.09_f451cccb-768x432.jpg 768w, https:\/\/blogsaverroes.juntadeandalucia.es\/ceiplacruz\/files\/2025\/07\/Imagen-de-WhatsApp-2025-06-30-a-las-13.41.09_f451cccb-1536x864.jpg 1536w, https:\/\/blogsaverroes.juntadeandalucia.es\/ceiplacruz\/files\/2025\/07\/Imagen-de-WhatsApp-2025-06-30-a-las-13.41.09_f451cccb.jpg 1600w\" sizes=\"(max-width: 1024px) 100vw, 1024px\" \/><\/a><\/p>\n","protected":false},"excerpt":{"rendered":"<p>Queridas familias, queridos alumnos y alumnas, Con la llegada del verano, cerramos un nuevo curso escolar lleno de aprendizajes, experiencias y momentos compartidos que, sin duda, quedar\u00e1n en nuestra memoria. Ha sido un a\u00f1o&#46;&#46;&#46;<\/p>\n","protected":false},"author":11553,"featured_media":4851,"comment_status":"open","ping_status":"open","sticky":true,"template":"","format":"standard","meta":{"ngg_post_thumbnail":0,"footnotes":""},"categories":[26636],"tags":[],"aioseo_notices":[],"_links":{"self":[{"href":"https:\/\/blogsaverroes.juntadeandalucia.es\/ceiplacruz\/wp-json\/wp\/v2\/posts\/4850"}],"collection":[{"href":"https:\/\/blogsaverroes.juntadeandalucia.es\/ceiplacruz\/wp-json\/wp\/v2\/posts"}],"about":[{"href":"https:\/\/blogsaverroes.juntadeandalucia.es\/ceiplacruz\/wp-json\/wp\/v2\/types\/post"}],"author":[{"embeddable":true,"href":"https:\/\/blogsaverroes.juntadeandalucia.es\/ceiplacruz\/wp-json\/wp\/v2\/users\/11553"}],"replies":[{"embeddable":true,"href":"https:\/\/blogsaverroes.juntadeandalucia.es\/ceiplacruz\/wp-json\/wp\/v2\/comments?post=4850"}],"version-history":[{"count":1,"href":"https:\/\/blogsaverroes.juntadeandalucia.es\/ceiplacruz\/wp-json\/wp\/v2\/posts\/4850\/revisions"}],"predecessor-version":[{"id":4852,"href":"https:\/\/blogsaverroes.juntadeandalucia.es\/ceiplacruz\/wp-json\/wp\/v2\/posts\/4850\/revisions\/4852"}],"wp:featuredmedia":[{"embeddable":true,"href":"https:\/\/blogsaverroes.juntadeandalucia.es\/ceiplacruz\/wp-json\/wp\/v2\/media\/4851"}],"wp:attachment":[{"href":"https:\/\/blogsaverroes.juntadeandalucia.es\/ceiplacruz\/wp-json\/wp\/v2\/media?parent=4850"}],"wp:term":[{"taxonomy":"category","embeddable":true,"href":"https:\/\/blogsaverroes.juntadeandalucia.es\/ceiplacruz\/wp-json\/wp\/v2\/categories?post=4850"},{"taxonomy":"post_tag","embeddable":true,"href":"https:\/\/blogsaverroes.juntadeandalucia.es\/ceiplacruz\/wp-json\/wp\/v2\/tags?post=4850"}],"curies":[{"name":"wp","href":"https:\/\/api.w.org\/{rel}","templated":true}]}}