{"id":2179,"date":"2015-09-22T09:09:47","date_gmt":"2015-09-22T09:09:47","guid":{"rendered":"http:\/\/blogsaverroes.juntadeandalucia.es\/ceiplaesperanza\/?p=2179"},"modified":"2016-02-02T09:19:51","modified_gmt":"2016-02-02T09:19:51","slug":"reflexiones","status":"publish","type":"post","link":"https:\/\/blogsaverroes.juntadeandalucia.es\/ceiplaesperanza\/?p=2179","title":{"rendered":"Reflexiones"},"content":{"rendered":"<div id=\"js_2e\" class=\"_5pbx userContent\">\n<p>A veces es bu<img loading=\"lazy\" decoding=\"async\" class=\"scaledImageFitWidth img alignleft\" src=\"https:\/\/scontent-lhr3-1.xx.fbcdn.net\/hphotos-xft1\/v\/t1.0-0\/p480x480\/12004968_1199591306724606_1653186975129999374_n.jpg?oh=c270424d0cf875828b120072ed48ceb9&amp;oe=573C39B4\" alt=\"Foto de CEIP La Esperanza.\" width=\"470\" height=\"470\" \/>eno reflexionar sobre el gran privilegio que tenemos en Occidente con nuestra Escuela P\u00fablica. Tenemos el deber de aprovecharlo y luchar por un mundo m\u00e1s justo. (Fotograf\u00eda de Frau Blucher en Gaza)<\/p>\n<div class=\"_5wpt\"><\/div>\n<\/div>\n<div class=\"_3x-2\"><\/div>\n","protected":false},"excerpt":{"rendered":"<p>A veces es bueno reflexionar sobre el gran privilegio que tenemos en Occidente con nuestra Escuela P\u00fablica. Tenemos el deber de aprovecharlo y luchar por un mundo m\u00e1s justo. (Fotograf\u00eda de Frau Blucher en&#46;&#46;&#46;<\/p>\n","protected":false},"author":1943,"featured_media":2180,"comment_status":"open","ping_status":"open","sticky":false,"template":"","format":"standard","meta":{"ngg_post_thumbnail":0,"footnotes":""},"categories":[11909],"tags":[],"aioseo_notices":[],"_links":{"self":[{"href":"https:\/\/blogsaverroes.juntadeandalucia.es\/ceiplaesperanza\/index.php?rest_route=\/wp\/v2\/posts\/2179"}],"collection":[{"href":"https:\/\/blogsaverroes.juntadeandalucia.es\/ceiplaesperanza\/index.php?rest_route=\/wp\/v2\/posts"}],"about":[{"href":"https:\/\/blogsaverroes.juntadeandalucia.es\/ceiplaesperanza\/index.php?rest_route=\/wp\/v2\/types\/post"}],"author":[{"embeddable":true,"href":"https:\/\/blogsaverroes.juntadeandalucia.es\/ceiplaesperanza\/index.php?rest_route=\/wp\/v2\/users\/1943"}],"replies":[{"embeddable":true,"href":"https:\/\/blogsaverroes.juntadeandalucia.es\/ceiplaesperanza\/index.php?rest_route=%2Fwp%2Fv2%2Fcomments&post=2179"}],"version-history":[{"count":2,"href":"https:\/\/blogsaverroes.juntadeandalucia.es\/ceiplaesperanza\/index.php?rest_route=\/wp\/v2\/posts\/2179\/revisions"}],"predecessor-version":[{"id":2186,"href":"https:\/\/blogsaverroes.juntadeandalucia.es\/ceiplaesperanza\/index.php?rest_route=\/wp\/v2\/posts\/2179\/revisions\/2186"}],"wp:featuredmedia":[{"embeddable":true,"href":"https:\/\/blogsaverroes.juntadeandalucia.es\/ceiplaesperanza\/index.php?rest_route=\/wp\/v2\/media\/2180"}],"wp:attachment":[{"href":"https:\/\/blogsaverroes.juntadeandalucia.es\/ceiplaesperanza\/index.php?rest_route=%2Fwp%2Fv2%2Fmedia&parent=2179"}],"wp:term":[{"taxonomy":"category","embeddable":true,"href":"https:\/\/blogsaverroes.juntadeandalucia.es\/ceiplaesperanza\/index.php?rest_route=%2Fwp%2Fv2%2Fcategories&post=2179"},{"taxonomy":"post_tag","embeddable":true,"href":"https:\/\/blogsaverroes.juntadeandalucia.es\/ceiplaesperanza\/index.php?rest_route=%2Fwp%2Fv2%2Ftags&post=2179"}],"curies":[{"name":"wp","href":"https:\/\/api.w.org\/{rel}","templated":true}]}}