{"id":2389,"date":"2016-04-04T07:49:02","date_gmt":"2016-04-04T07:49:02","guid":{"rendered":"http:\/\/blogsaverroes.juntadeandalucia.es\/ceiplaesperanza\/?p=2389"},"modified":"2016-04-04T07:57:51","modified_gmt":"2016-04-04T07:57:51","slug":"mediacion-escolar-c-e-i-p-la-esperanza","status":"publish","type":"post","link":"https:\/\/blogsaverroes.juntadeandalucia.es\/ceiplaesperanza\/?p=2389","title":{"rendered":"Mediaci\u00f3n Escolar. C.E.I.P. La Esperanza"},"content":{"rendered":"<p>Buenos d\u00edas.<\/p>\n<p>Queremos compartir con vosotros\u00a0el proyecto de mediaci\u00f3n escolar que estamos llevando a cabo en el centro. La mediaci\u00f3n es un servicio que est\u00e1 a disposici\u00f3n de cualquier alumno o alumna que lo pueda necesitar. Los mediadores estar\u00e1n encantados de poder ayudaros.<\/p>\n<p><iframe loading=\"lazy\" width=\"500\" height=\"281\" src=\"https:\/\/www.youtube.com\/embed\/HZEBnF9GbcM?feature=oembed&#038;wmode=opaque\" frameborder=\"0\" allowfullscreen><\/iframe><\/p>\n<p>&nbsp;<\/p>\n<p>&nbsp;<\/p>\n","protected":false},"excerpt":{"rendered":"<p>Buenos d\u00edas. Queremos compartir con vosotros\u00a0el proyecto de mediaci\u00f3n escolar que estamos llevando a cabo en el centro. La mediaci\u00f3n es un servicio que est\u00e1 a disposici\u00f3n de cualquier alumno o alumna que lo&#46;&#46;&#46;<\/p>\n","protected":false},"author":1943,"featured_media":2394,"comment_status":"open","ping_status":"open","sticky":false,"template":"","format":"standard","meta":{"ngg_post_thumbnail":0,"footnotes":""},"categories":[11909],"tags":[],"aioseo_notices":[],"_links":{"self":[{"href":"https:\/\/blogsaverroes.juntadeandalucia.es\/ceiplaesperanza\/index.php?rest_route=\/wp\/v2\/posts\/2389"}],"collection":[{"href":"https:\/\/blogsaverroes.juntadeandalucia.es\/ceiplaesperanza\/index.php?rest_route=\/wp\/v2\/posts"}],"about":[{"href":"https:\/\/blogsaverroes.juntadeandalucia.es\/ceiplaesperanza\/index.php?rest_route=\/wp\/v2\/types\/post"}],"author":[{"embeddable":true,"href":"https:\/\/blogsaverroes.juntadeandalucia.es\/ceiplaesperanza\/index.php?rest_route=\/wp\/v2\/users\/1943"}],"replies":[{"embeddable":true,"href":"https:\/\/blogsaverroes.juntadeandalucia.es\/ceiplaesperanza\/index.php?rest_route=%2Fwp%2Fv2%2Fcomments&post=2389"}],"version-history":[{"count":3,"href":"https:\/\/blogsaverroes.juntadeandalucia.es\/ceiplaesperanza\/index.php?rest_route=\/wp\/v2\/posts\/2389\/revisions"}],"predecessor-version":[{"id":2392,"href":"https:\/\/blogsaverroes.juntadeandalucia.es\/ceiplaesperanza\/index.php?rest_route=\/wp\/v2\/posts\/2389\/revisions\/2392"}],"wp:featuredmedia":[{"embeddable":true,"href":"https:\/\/blogsaverroes.juntadeandalucia.es\/ceiplaesperanza\/index.php?rest_route=\/wp\/v2\/media\/2394"}],"wp:attachment":[{"href":"https:\/\/blogsaverroes.juntadeandalucia.es\/ceiplaesperanza\/index.php?rest_route=%2Fwp%2Fv2%2Fmedia&parent=2389"}],"wp:term":[{"taxonomy":"category","embeddable":true,"href":"https:\/\/blogsaverroes.juntadeandalucia.es\/ceiplaesperanza\/index.php?rest_route=%2Fwp%2Fv2%2Fcategories&post=2389"},{"taxonomy":"post_tag","embeddable":true,"href":"https:\/\/blogsaverroes.juntadeandalucia.es\/ceiplaesperanza\/index.php?rest_route=%2Fwp%2Fv2%2Ftags&post=2389"}],"curies":[{"name":"wp","href":"https:\/\/api.w.org\/{rel}","templated":true}]}}