{"id":2396,"date":"2016-04-16T08:25:05","date_gmt":"2016-04-16T08:25:05","guid":{"rendered":"http:\/\/blogsaverroes.juntadeandalucia.es\/ceiplaesperanza\/?p=2396"},"modified":"2016-04-21T08:28:56","modified_gmt":"2016-04-21T08:28:56","slug":"juntos-semana-cultural","status":"publish","type":"post","link":"https:\/\/blogsaverroes.juntadeandalucia.es\/ceiplaesperanza\/?p=2396","title":{"rendered":"JUNTOS. (Semana Cultural)"},"content":{"rendered":"<p>Los tres centros educativos de Cantillana (colegio Ntra. Sra. de la Soledad, colegio la Esperanza y el IES) junto a sus respectivos AMPAS, estamos organizando por primera vez juntos una semana cultural programada para el pr\u00f3ximo mes de mayo.<\/p>\n<p>Necesitabamos un s\u00edmbolo oficial y elegimos a Miguel Ferrera estudio creativo para dise\u00f1arlo.Le explicamos la filosof\u00eda que inspira este proyecto y la ha sabido plasmar perfectamente. Aunque a primera vista parece el rostro de un simp\u00e1tico personaje, est\u00e1 formado por una tuerca, una arandela y un tornillo (cada pieza representa a un centro). Juntos, pueden crear estructuras tan poderosas como el Golden Gate o la Torre Eiffel. La uni\u00f3n hace la fuerza.<\/p>\n<p>Gracias a Miguel Ferrera por su trabajo y profesionalidad. Todos estamos muy contentos y satisfechos.<\/p>\n<p><a href=\"http:\/\/blogsaverroes.juntadeandalucia.es\/ceiplaesperanza\/files\/2016\/04\/13001315_1329884797028589_4616149483173118832_n.jpg\"><img loading=\"lazy\" decoding=\"async\" class=\"alignleft size-thumbnail wp-image-2398\" src=\"http:\/\/blogsaverroes.juntadeandalucia.es\/ceiplaesperanza\/files\/2016\/04\/13001315_1329884797028589_4616149483173118832_n-150x150.jpg\" alt=\"13001315_1329884797028589_4616149483173118832_n\" width=\"150\" height=\"150\" srcset=\"https:\/\/blogsaverroes.juntadeandalucia.es\/ceiplaesperanza\/files\/2016\/04\/13001315_1329884797028589_4616149483173118832_n-150x150.jpg 150w, https:\/\/blogsaverroes.juntadeandalucia.es\/ceiplaesperanza\/files\/2016\/04\/13001315_1329884797028589_4616149483173118832_n-300x300.jpg 300w, https:\/\/blogsaverroes.juntadeandalucia.es\/ceiplaesperanza\/files\/2016\/04\/13001315_1329884797028589_4616149483173118832_n-100x100.jpg 100w, https:\/\/blogsaverroes.juntadeandalucia.es\/ceiplaesperanza\/files\/2016\/04\/13001315_1329884797028589_4616149483173118832_n-160x160.jpg 160w, https:\/\/blogsaverroes.juntadeandalucia.es\/ceiplaesperanza\/files\/2016\/04\/13001315_1329884797028589_4616149483173118832_n-480x480.jpg 480w, https:\/\/blogsaverroes.juntadeandalucia.es\/ceiplaesperanza\/files\/2016\/04\/13001315_1329884797028589_4616149483173118832_n.jpg 542w\" sizes=\"(max-width: 150px) 100vw, 150px\" \/><\/a> <a href=\"http:\/\/blogsaverroes.juntadeandalucia.es\/ceiplaesperanza\/files\/2016\/04\/12974551_1329884807028588_4249793966352768083_n.jpg\"><img loading=\"lazy\" decoding=\"async\" class=\"alignleft size-thumbnail wp-image-2397\" src=\"http:\/\/blogsaverroes.juntadeandalucia.es\/ceiplaesperanza\/files\/2016\/04\/12974551_1329884807028588_4249793966352768083_n-150x150.jpg\" alt=\"12974551_1329884807028588_4249793966352768083_n\" width=\"150\" height=\"150\" srcset=\"https:\/\/blogsaverroes.juntadeandalucia.es\/ceiplaesperanza\/files\/2016\/04\/12974551_1329884807028588_4249793966352768083_n-150x150.jpg 150w, https:\/\/blogsaverroes.juntadeandalucia.es\/ceiplaesperanza\/files\/2016\/04\/12974551_1329884807028588_4249793966352768083_n-100x100.jpg 100w, https:\/\/blogsaverroes.juntadeandalucia.es\/ceiplaesperanza\/files\/2016\/04\/12974551_1329884807028588_4249793966352768083_n-160x160.jpg 160w\" sizes=\"(max-width: 150px) 100vw, 150px\" \/><\/a><\/p>\n","protected":false},"excerpt":{"rendered":"<p>Los tres centros educativos de Cantillana (colegio Ntra. Sra. de la Soledad, colegio la Esperanza y el IES) junto a sus respectivos AMPAS, estamos organizando por primera vez juntos una semana cultural programada para&#46;&#46;&#46;<\/p>\n","protected":false},"author":1943,"featured_media":2398,"comment_status":"open","ping_status":"open","sticky":false,"template":"","format":"standard","meta":{"ngg_post_thumbnail":0,"footnotes":""},"categories":[11909],"tags":[],"aioseo_notices":[],"_links":{"self":[{"href":"https:\/\/blogsaverroes.juntadeandalucia.es\/ceiplaesperanza\/index.php?rest_route=\/wp\/v2\/posts\/2396"}],"collection":[{"href":"https:\/\/blogsaverroes.juntadeandalucia.es\/ceiplaesperanza\/index.php?rest_route=\/wp\/v2\/posts"}],"about":[{"href":"https:\/\/blogsaverroes.juntadeandalucia.es\/ceiplaesperanza\/index.php?rest_route=\/wp\/v2\/types\/post"}],"author":[{"embeddable":true,"href":"https:\/\/blogsaverroes.juntadeandalucia.es\/ceiplaesperanza\/index.php?rest_route=\/wp\/v2\/users\/1943"}],"replies":[{"embeddable":true,"href":"https:\/\/blogsaverroes.juntadeandalucia.es\/ceiplaesperanza\/index.php?rest_route=%2Fwp%2Fv2%2Fcomments&post=2396"}],"version-history":[{"count":1,"href":"https:\/\/blogsaverroes.juntadeandalucia.es\/ceiplaesperanza\/index.php?rest_route=\/wp\/v2\/posts\/2396\/revisions"}],"predecessor-version":[{"id":2399,"href":"https:\/\/blogsaverroes.juntadeandalucia.es\/ceiplaesperanza\/index.php?rest_route=\/wp\/v2\/posts\/2396\/revisions\/2399"}],"wp:featuredmedia":[{"embeddable":true,"href":"https:\/\/blogsaverroes.juntadeandalucia.es\/ceiplaesperanza\/index.php?rest_route=\/wp\/v2\/media\/2398"}],"wp:attachment":[{"href":"https:\/\/blogsaverroes.juntadeandalucia.es\/ceiplaesperanza\/index.php?rest_route=%2Fwp%2Fv2%2Fmedia&parent=2396"}],"wp:term":[{"taxonomy":"category","embeddable":true,"href":"https:\/\/blogsaverroes.juntadeandalucia.es\/ceiplaesperanza\/index.php?rest_route=%2Fwp%2Fv2%2Fcategories&post=2396"},{"taxonomy":"post_tag","embeddable":true,"href":"https:\/\/blogsaverroes.juntadeandalucia.es\/ceiplaesperanza\/index.php?rest_route=%2Fwp%2Fv2%2Ftags&post=2396"}],"curies":[{"name":"wp","href":"https:\/\/api.w.org\/{rel}","templated":true}]}}