{"id":2416,"date":"2016-05-01T07:15:22","date_gmt":"2016-05-01T07:15:22","guid":{"rendered":"http:\/\/blogsaverroes.juntadeandalucia.es\/ceiplaesperanza\/?p=2416"},"modified":"2016-05-09T07:16:16","modified_gmt":"2016-05-09T07:16:16","slug":"feliz-dia-de-la-madre","status":"publish","type":"post","link":"https:\/\/blogsaverroes.juntadeandalucia.es\/ceiplaesperanza\/?p=2416","title":{"rendered":"Feliz d\u00eda de la madre."},"content":{"rendered":"<div class=\"_xlr\"><span id=\"fbPhotoSnowliftCaption\" class=\"fbPhotosPhotoCaption\"><span class=\"hasCaption\">FEL<img loading=\"lazy\" decoding=\"async\" class=\"alignleft size-thumbnail wp-image-2417\" src=\"http:\/\/blogsaverroes.juntadeandalucia.es\/ceiplaesperanza\/files\/2016\/05\/3-150x150.jpg\" alt=\"3\" width=\"150\" height=\"150\" srcset=\"https:\/\/blogsaverroes.juntadeandalucia.es\/ceiplaesperanza\/files\/2016\/05\/3-150x150.jpg 150w, https:\/\/blogsaverroes.juntadeandalucia.es\/ceiplaesperanza\/files\/2016\/05\/3-100x100.jpg 100w, https:\/\/blogsaverroes.juntadeandalucia.es\/ceiplaesperanza\/files\/2016\/05\/3-160x160.jpg 160w, https:\/\/blogsaverroes.juntadeandalucia.es\/ceiplaesperanza\/files\/2016\/05\/3-480x480.jpg 480w\" sizes=\"(max-width: 150px) 100vw, 150px\" \/>IZ D\u00cdA DE LA MADRE. Vosotras con vuestro esfuerzo, dedicaci\u00f3n y cari\u00f1o hac\u00e9is que la Educaci\u00f3n sea una palabra con may\u00fasculas. Desde el CEIP La Esperanza os deseamos un feliz d\u00eda con este cuadro de Picasso que engalana las paredes de nuestro centro. \u00bfSab\u00e9is d\u00f3nde est\u00e1?<\/span><\/span><\/p>\n<div id=\"fbPhotoSnowliftLegacyTagList\" class=\"pts fbPhotoLegacyTagList\"><\/div>\n<div id=\"fbPhotoSnowliftOwnerButtons\" class=\"mvm fbPhotosPhotoOwnerButtons stat_elem\"><\/div>\n<\/div>\n<div id=\"fbPhotoSnowliftViews\" class=\"_4p3v\"><\/div>\n<div id=\"fbPhotoSnowliftFeedback\" class=\"fbPhotosSnowliftFeedback\">\n<div class=\"fbPhotosSnowliftFeedback\">\n<div id=\"u_jsonp_2_m\" class=\"uiUfi UFIContainer fbPhotosSnowliftUfi _5vsj\">\n<div class=\"UFIList\">\n<div class=\"UFIRow UFILikeSentence _4204\">\n<div class=\"clearfix\">\n<div class=\"_ohf rfloat\"><\/div>\n<div class=\"\"><\/div>\n<\/div>\n<\/div>\n<\/div>\n<\/div>\n<\/div>\n<\/div>\n<p>&nbsp;<\/p>\n","protected":false},"excerpt":{"rendered":"<p>FELIZ D\u00cdA DE LA MADRE. Vosotras con vuestro esfuerzo, dedicaci\u00f3n y cari\u00f1o hac\u00e9is que la Educaci\u00f3n sea una palabra con may\u00fasculas. Desde el CEIP La Esperanza os deseamos un feliz d\u00eda con este cuadro&#46;&#46;&#46;<\/p>\n","protected":false},"author":1943,"featured_media":2417,"comment_status":"open","ping_status":"open","sticky":false,"template":"","format":"standard","meta":{"ngg_post_thumbnail":0,"footnotes":""},"categories":[11909],"tags":[],"aioseo_notices":[],"_links":{"self":[{"href":"https:\/\/blogsaverroes.juntadeandalucia.es\/ceiplaesperanza\/index.php?rest_route=\/wp\/v2\/posts\/2416"}],"collection":[{"href":"https:\/\/blogsaverroes.juntadeandalucia.es\/ceiplaesperanza\/index.php?rest_route=\/wp\/v2\/posts"}],"about":[{"href":"https:\/\/blogsaverroes.juntadeandalucia.es\/ceiplaesperanza\/index.php?rest_route=\/wp\/v2\/types\/post"}],"author":[{"embeddable":true,"href":"https:\/\/blogsaverroes.juntadeandalucia.es\/ceiplaesperanza\/index.php?rest_route=\/wp\/v2\/users\/1943"}],"replies":[{"embeddable":true,"href":"https:\/\/blogsaverroes.juntadeandalucia.es\/ceiplaesperanza\/index.php?rest_route=%2Fwp%2Fv2%2Fcomments&post=2416"}],"version-history":[{"count":1,"href":"https:\/\/blogsaverroes.juntadeandalucia.es\/ceiplaesperanza\/index.php?rest_route=\/wp\/v2\/posts\/2416\/revisions"}],"predecessor-version":[{"id":2418,"href":"https:\/\/blogsaverroes.juntadeandalucia.es\/ceiplaesperanza\/index.php?rest_route=\/wp\/v2\/posts\/2416\/revisions\/2418"}],"wp:featuredmedia":[{"embeddable":true,"href":"https:\/\/blogsaverroes.juntadeandalucia.es\/ceiplaesperanza\/index.php?rest_route=\/wp\/v2\/media\/2417"}],"wp:attachment":[{"href":"https:\/\/blogsaverroes.juntadeandalucia.es\/ceiplaesperanza\/index.php?rest_route=%2Fwp%2Fv2%2Fmedia&parent=2416"}],"wp:term":[{"taxonomy":"category","embeddable":true,"href":"https:\/\/blogsaverroes.juntadeandalucia.es\/ceiplaesperanza\/index.php?rest_route=%2Fwp%2Fv2%2Fcategories&post=2416"},{"taxonomy":"post_tag","embeddable":true,"href":"https:\/\/blogsaverroes.juntadeandalucia.es\/ceiplaesperanza\/index.php?rest_route=%2Fwp%2Fv2%2Ftags&post=2416"}],"curies":[{"name":"wp","href":"https:\/\/api.w.org\/{rel}","templated":true}]}}