{"id":2509,"date":"2016-12-29T12:41:02","date_gmt":"2016-12-29T12:41:02","guid":{"rendered":"http:\/\/blogsaverroes.juntadeandalucia.es\/ceiplaesperanza\/?p=2509"},"modified":"2016-12-29T12:41:02","modified_gmt":"2016-12-29T12:41:02","slug":"interculturalidad-1-de-diciembre-dia-nacional-de-rumania","status":"publish","type":"post","link":"https:\/\/blogsaverroes.juntadeandalucia.es\/ceiplaesperanza\/?p=2509","title":{"rendered":"INTERCULTURALIDAD 1 de Diciembre d\u00eda nacional de Ruman\u00eda"},"content":{"rendered":"<p>Como cada a\u00f1o nuestro alumnado ha participado a la celebraci\u00f3n del d\u00eda de Ruman\u00eda.<\/p>\n<p>Tambi\u00e9n han realizado una exposici\u00f3n con distintos objetos tradicionales de Ruman\u00eda para dar a conocer parte de su folklore<\/p>\n<p>Aqu\u00ed les dejamos algunas de sus actividades<a href=\"http:\/\/blogsaverroes.juntadeandalucia.es\/ceiplaesperanza\/files\/2016\/12\/IMG_20161130_114959.jpg\"><img loading=\"lazy\" decoding=\"async\" class=\"alignnone size-medium wp-image-2510\" src=\"http:\/\/blogsaverroes.juntadeandalucia.es\/ceiplaesperanza\/files\/2016\/12\/IMG_20161130_114959-300x225.jpg\" alt=\"IMG_20161130_114959\" width=\"300\" height=\"225\" srcset=\"https:\/\/blogsaverroes.juntadeandalucia.es\/ceiplaesperanza\/files\/2016\/12\/IMG_20161130_114959-300x225.jpg 300w, https:\/\/blogsaverroes.juntadeandalucia.es\/ceiplaesperanza\/files\/2016\/12\/IMG_20161130_114959-1024x768.jpg 1024w, https:\/\/blogsaverroes.juntadeandalucia.es\/ceiplaesperanza\/files\/2016\/12\/IMG_20161130_114959-24x18.jpg 24w, https:\/\/blogsaverroes.juntadeandalucia.es\/ceiplaesperanza\/files\/2016\/12\/IMG_20161130_114959-36x27.jpg 36w, https:\/\/blogsaverroes.juntadeandalucia.es\/ceiplaesperanza\/files\/2016\/12\/IMG_20161130_114959-48x36.jpg 48w, https:\/\/blogsaverroes.juntadeandalucia.es\/ceiplaesperanza\/files\/2016\/12\/IMG_20161130_114959.jpg 1600w\" sizes=\"(max-width: 300px) 100vw, 300px\" \/><\/a> <a href=\"http:\/\/blogsaverroes.juntadeandalucia.es\/ceiplaesperanza\/files\/2016\/12\/IMG_20161129_120622.jpg\"><img loading=\"lazy\" decoding=\"async\" class=\"alignnone size-medium wp-image-2511\" src=\"http:\/\/blogsaverroes.juntadeandalucia.es\/ceiplaesperanza\/files\/2016\/12\/IMG_20161129_120622-300x225.jpg\" alt=\"IMG_20161129_120622\" width=\"300\" height=\"225\" srcset=\"https:\/\/blogsaverroes.juntadeandalucia.es\/ceiplaesperanza\/files\/2016\/12\/IMG_20161129_120622-300x225.jpg 300w, https:\/\/blogsaverroes.juntadeandalucia.es\/ceiplaesperanza\/files\/2016\/12\/IMG_20161129_120622-1024x768.jpg 1024w, https:\/\/blogsaverroes.juntadeandalucia.es\/ceiplaesperanza\/files\/2016\/12\/IMG_20161129_120622-24x18.jpg 24w, https:\/\/blogsaverroes.juntadeandalucia.es\/ceiplaesperanza\/files\/2016\/12\/IMG_20161129_120622-36x27.jpg 36w, https:\/\/blogsaverroes.juntadeandalucia.es\/ceiplaesperanza\/files\/2016\/12\/IMG_20161129_120622-48x36.jpg 48w, https:\/\/blogsaverroes.juntadeandalucia.es\/ceiplaesperanza\/files\/2016\/12\/IMG_20161129_120622.jpg 1600w\" sizes=\"(max-width: 300px) 100vw, 300px\" \/><\/a> <a href=\"http:\/\/blogsaverroes.juntadeandalucia.es\/ceiplaesperanza\/files\/2016\/12\/IMG_20161128_100934.jpg\"><img loading=\"lazy\" decoding=\"async\" class=\"alignnone size-medium wp-image-2512\" src=\"http:\/\/blogsaverroes.juntadeandalucia.es\/ceiplaesperanza\/files\/2016\/12\/IMG_20161128_100934-300x225.jpg\" alt=\"IMG_20161128_100934\" width=\"300\" height=\"225\" srcset=\"https:\/\/blogsaverroes.juntadeandalucia.es\/ceiplaesperanza\/files\/2016\/12\/IMG_20161128_100934-300x225.jpg 300w, https:\/\/blogsaverroes.juntadeandalucia.es\/ceiplaesperanza\/files\/2016\/12\/IMG_20161128_100934-1024x768.jpg 1024w, https:\/\/blogsaverroes.juntadeandalucia.es\/ceiplaesperanza\/files\/2016\/12\/IMG_20161128_100934-24x18.jpg 24w, https:\/\/blogsaverroes.juntadeandalucia.es\/ceiplaesperanza\/files\/2016\/12\/IMG_20161128_100934-36x27.jpg 36w, https:\/\/blogsaverroes.juntadeandalucia.es\/ceiplaesperanza\/files\/2016\/12\/IMG_20161128_100934-48x36.jpg 48w, https:\/\/blogsaverroes.juntadeandalucia.es\/ceiplaesperanza\/files\/2016\/12\/IMG_20161128_100934.jpg 1600w\" sizes=\"(max-width: 300px) 100vw, 300px\" \/><\/a><\/p>\n","protected":false},"excerpt":{"rendered":"<p>Como cada a\u00f1o nuestro alumnado ha participado a la celebraci\u00f3n del d\u00eda de Ruman\u00eda. Tambi\u00e9n han realizado una exposici\u00f3n con distintos objetos tradicionales de Ruman\u00eda para dar a conocer parte de su folklore Aqu\u00ed&#46;&#46;&#46;<\/p>\n","protected":false},"author":3050,"featured_media":0,"comment_status":"open","ping_status":"open","sticky":false,"template":"","format":"standard","meta":{"ngg_post_thumbnail":0,"footnotes":""},"categories":[11909],"tags":[],"aioseo_notices":[],"_links":{"self":[{"href":"https:\/\/blogsaverroes.juntadeandalucia.es\/ceiplaesperanza\/index.php?rest_route=\/wp\/v2\/posts\/2509"}],"collection":[{"href":"https:\/\/blogsaverroes.juntadeandalucia.es\/ceiplaesperanza\/index.php?rest_route=\/wp\/v2\/posts"}],"about":[{"href":"https:\/\/blogsaverroes.juntadeandalucia.es\/ceiplaesperanza\/index.php?rest_route=\/wp\/v2\/types\/post"}],"author":[{"embeddable":true,"href":"https:\/\/blogsaverroes.juntadeandalucia.es\/ceiplaesperanza\/index.php?rest_route=\/wp\/v2\/users\/3050"}],"replies":[{"embeddable":true,"href":"https:\/\/blogsaverroes.juntadeandalucia.es\/ceiplaesperanza\/index.php?rest_route=%2Fwp%2Fv2%2Fcomments&post=2509"}],"version-history":[{"count":1,"href":"https:\/\/blogsaverroes.juntadeandalucia.es\/ceiplaesperanza\/index.php?rest_route=\/wp\/v2\/posts\/2509\/revisions"}],"predecessor-version":[{"id":2513,"href":"https:\/\/blogsaverroes.juntadeandalucia.es\/ceiplaesperanza\/index.php?rest_route=\/wp\/v2\/posts\/2509\/revisions\/2513"}],"wp:attachment":[{"href":"https:\/\/blogsaverroes.juntadeandalucia.es\/ceiplaesperanza\/index.php?rest_route=%2Fwp%2Fv2%2Fmedia&parent=2509"}],"wp:term":[{"taxonomy":"category","embeddable":true,"href":"https:\/\/blogsaverroes.juntadeandalucia.es\/ceiplaesperanza\/index.php?rest_route=%2Fwp%2Fv2%2Fcategories&post=2509"},{"taxonomy":"post_tag","embeddable":true,"href":"https:\/\/blogsaverroes.juntadeandalucia.es\/ceiplaesperanza\/index.php?rest_route=%2Fwp%2Fv2%2Ftags&post=2509"}],"curies":[{"name":"wp","href":"https:\/\/api.w.org\/{rel}","templated":true}]}}