{"id":2618,"date":"2023-03-23T08:41:09","date_gmt":"2023-03-23T08:41:09","guid":{"rendered":"http:\/\/blogsaverroes.juntadeandalucia.es\/ceiplaesperanza\/?p=2618"},"modified":"2023-03-23T08:41:09","modified_gmt":"2023-03-23T08:41:09","slug":"proyecto-bilingue-oceans-rivers-and-life-con-motivo-del-dia-mundial-del-agua","status":"publish","type":"post","link":"https:\/\/blogsaverroes.juntadeandalucia.es\/ceiplaesperanza\/?p=2618","title":{"rendered":"Proyecto biling\u00fce OCEANS, RIVERS AND LIFE con motivo del D\u00eda Mundial del Agua"},"content":{"rendered":"<p>Os mostramos nuestro proyecto biling\u00fce para el D\u00eda Mundial del Agua.<\/p>\n<p>&nbsp;<\/p>\n<p><a href=\"https:\/\/blogsaverroes.juntadeandalucia.es\/ceiplaesperanza\/files\/2023\/03\/OCEANS-RIVERS-AND-LIFE.pdf\">OCEANS, RIVERS AND LIFE<img loading=\"lazy\" decoding=\"async\" class=\"aligncenter size-thumbnail wp-image-2620\" src=\"https:\/\/blogsaverroes.juntadeandalucia.es\/ceiplaesperanza\/files\/2023\/03\/22-150x150.jpeg\" alt=\"\" width=\"150\" height=\"150\" srcset=\"https:\/\/blogsaverroes.juntadeandalucia.es\/ceiplaesperanza\/files\/2023\/03\/22-150x150.jpeg 150w, https:\/\/blogsaverroes.juntadeandalucia.es\/ceiplaesperanza\/files\/2023\/03\/22-80x80.jpeg 80w, https:\/\/blogsaverroes.juntadeandalucia.es\/ceiplaesperanza\/files\/2023\/03\/22-320x320.jpeg 320w\" sizes=\"(max-width: 150px) 100vw, 150px\" \/> <img loading=\"lazy\" decoding=\"async\" class=\"aligncenter size-thumbnail wp-image-2621\" src=\"https:\/\/blogsaverroes.juntadeandalucia.es\/ceiplaesperanza\/files\/2023\/03\/222-150x150.jpeg\" alt=\"\" width=\"150\" height=\"150\" srcset=\"https:\/\/blogsaverroes.juntadeandalucia.es\/ceiplaesperanza\/files\/2023\/03\/222-150x150.jpeg 150w, https:\/\/blogsaverroes.juntadeandalucia.es\/ceiplaesperanza\/files\/2023\/03\/222-80x80.jpeg 80w, https:\/\/blogsaverroes.juntadeandalucia.es\/ceiplaesperanza\/files\/2023\/03\/222-320x320.jpeg 320w\" sizes=\"(max-width: 150px) 100vw, 150px\" \/> <img loading=\"lazy\" decoding=\"async\" class=\"aligncenter size-thumbnail wp-image-2622\" src=\"https:\/\/blogsaverroes.juntadeandalucia.es\/ceiplaesperanza\/files\/2023\/03\/WhatsApp-Image-2023-03-17-at-21.15.08-1-150x150.jpeg\" alt=\"\" width=\"150\" height=\"150\" srcset=\"https:\/\/blogsaverroes.juntadeandalucia.es\/ceiplaesperanza\/files\/2023\/03\/WhatsApp-Image-2023-03-17-at-21.15.08-1-150x150.jpeg 150w, https:\/\/blogsaverroes.juntadeandalucia.es\/ceiplaesperanza\/files\/2023\/03\/WhatsApp-Image-2023-03-17-at-21.15.08-1-80x80.jpeg 80w, https:\/\/blogsaverroes.juntadeandalucia.es\/ceiplaesperanza\/files\/2023\/03\/WhatsApp-Image-2023-03-17-at-21.15.08-1-320x320.jpeg 320w\" sizes=\"(max-width: 150px) 100vw, 150px\" \/> <img loading=\"lazy\" decoding=\"async\" class=\"aligncenter size-thumbnail wp-image-2623\" src=\"https:\/\/blogsaverroes.juntadeandalucia.es\/ceiplaesperanza\/files\/2023\/03\/WhatsApp-Image-2023-03-17-at-21.15.09-10-150x150.jpeg\" alt=\"\" width=\"150\" height=\"150\" srcset=\"https:\/\/blogsaverroes.juntadeandalucia.es\/ceiplaesperanza\/files\/2023\/03\/WhatsApp-Image-2023-03-17-at-21.15.09-10-150x150.jpeg 150w, https:\/\/blogsaverroes.juntadeandalucia.es\/ceiplaesperanza\/files\/2023\/03\/WhatsApp-Image-2023-03-17-at-21.15.09-10-80x80.jpeg 80w, https:\/\/blogsaverroes.juntadeandalucia.es\/ceiplaesperanza\/files\/2023\/03\/WhatsApp-Image-2023-03-17-at-21.15.09-10-320x320.jpeg 320w\" sizes=\"(max-width: 150px) 100vw, 150px\" \/><\/a><\/p>\n","protected":false},"excerpt":{"rendered":"<p>Os mostramos nuestro proyecto biling\u00fce para el D\u00eda Mundial del Agua. &nbsp; OCEANS, RIVERS AND LIFE<\/p>\n","protected":false},"author":1943,"featured_media":0,"comment_status":"open","ping_status":"open","sticky":false,"template":"","format":"standard","meta":{"ngg_post_thumbnail":0,"footnotes":""},"categories":[11909],"tags":[],"aioseo_notices":[],"_links":{"self":[{"href":"https:\/\/blogsaverroes.juntadeandalucia.es\/ceiplaesperanza\/index.php?rest_route=\/wp\/v2\/posts\/2618"}],"collection":[{"href":"https:\/\/blogsaverroes.juntadeandalucia.es\/ceiplaesperanza\/index.php?rest_route=\/wp\/v2\/posts"}],"about":[{"href":"https:\/\/blogsaverroes.juntadeandalucia.es\/ceiplaesperanza\/index.php?rest_route=\/wp\/v2\/types\/post"}],"author":[{"embeddable":true,"href":"https:\/\/blogsaverroes.juntadeandalucia.es\/ceiplaesperanza\/index.php?rest_route=\/wp\/v2\/users\/1943"}],"replies":[{"embeddable":true,"href":"https:\/\/blogsaverroes.juntadeandalucia.es\/ceiplaesperanza\/index.php?rest_route=%2Fwp%2Fv2%2Fcomments&post=2618"}],"version-history":[{"count":1,"href":"https:\/\/blogsaverroes.juntadeandalucia.es\/ceiplaesperanza\/index.php?rest_route=\/wp\/v2\/posts\/2618\/revisions"}],"predecessor-version":[{"id":2624,"href":"https:\/\/blogsaverroes.juntadeandalucia.es\/ceiplaesperanza\/index.php?rest_route=\/wp\/v2\/posts\/2618\/revisions\/2624"}],"wp:attachment":[{"href":"https:\/\/blogsaverroes.juntadeandalucia.es\/ceiplaesperanza\/index.php?rest_route=%2Fwp%2Fv2%2Fmedia&parent=2618"}],"wp:term":[{"taxonomy":"category","embeddable":true,"href":"https:\/\/blogsaverroes.juntadeandalucia.es\/ceiplaesperanza\/index.php?rest_route=%2Fwp%2Fv2%2Fcategories&post=2618"},{"taxonomy":"post_tag","embeddable":true,"href":"https:\/\/blogsaverroes.juntadeandalucia.es\/ceiplaesperanza\/index.php?rest_route=%2Fwp%2Fv2%2Ftags&post=2618"}],"curies":[{"name":"wp","href":"https:\/\/api.w.org\/{rel}","templated":true}]}}