{"id":3189,"date":"2019-10-24T16:22:23","date_gmt":"2019-10-24T16:22:23","guid":{"rendered":"https:\/\/blogsaverroes.juntadeandalucia.es\/ceiplaflorida\/?p=3189"},"modified":"2019-10-24T16:38:09","modified_gmt":"2019-10-24T16:38:09","slug":"cuento-de-halloween","status":"publish","type":"post","link":"https:\/\/blogsaverroes.juntadeandalucia.es\/ceiplaflorida\/2019\/10\/24\/cuento-de-halloween\/","title":{"rendered":"CUENTO DE HALLOWEEN"},"content":{"rendered":"<h2 style=\"text-align: center\">\u00a1EL CUENTO M\u00c1S <span style=\"color: #ff0000\">TERROR\u00cdFICO<\/span> DEL A\u00d1O LLEGA A LA FLORIDA EN FORMA DE <span style=\"text-decoration: underline\">TEATRO<\/span>!<\/h2>\n<p style=\"text-align: center\">La pr\u00f3xima semana los alumnos\/as de 3\u00baA y 5\u00baB har\u00e1n un pase teatral para los ni\u00f1os de infantil,<br \/>\ndirigido por nuestra maravillosa <strong>SE\u00d1O SILVIA<\/strong>!! \ud83d\ude00&nbsp;<\/p>\n<p>Conoce a los personajes:<\/p>\n<p style=\"text-align: center\"><a href=\"https:\/\/blogsaverroes.juntadeandalucia.es\/ceiplaflorida\/files\/2019\/10\/viejo-gru\u00f1\u00f3n.jpeg\"><img loading=\"lazy\" decoding=\"async\" class=\"size-medium wp-image-3196 aligncenter\" src=\"https:\/\/blogsaverroes.juntadeandalucia.es\/ceiplaflorida\/files\/2019\/10\/viejo-gru\u00f1\u00f3n-225x300.jpeg\" alt=\"\" width=\"225\" height=\"300\" srcset=\"https:\/\/blogsaverroes.juntadeandalucia.es\/ceiplaflorida\/files\/2019\/10\/viejo-gru\u00f1\u00f3n-225x300.jpeg 225w, https:\/\/blogsaverroes.juntadeandalucia.es\/ceiplaflorida\/files\/2019\/10\/viejo-gru\u00f1\u00f3n-768x1026.jpeg 768w, https:\/\/blogsaverroes.juntadeandalucia.es\/ceiplaflorida\/files\/2019\/10\/viejo-gru\u00f1\u00f3n-767x1024.jpeg 767w, https:\/\/blogsaverroes.juntadeandalucia.es\/ceiplaflorida\/files\/2019\/10\/viejo-gru\u00f1\u00f3n-18x24.jpeg 18w, https:\/\/blogsaverroes.juntadeandalucia.es\/ceiplaflorida\/files\/2019\/10\/viejo-gru\u00f1\u00f3n-27x36.jpeg 27w, https:\/\/blogsaverroes.juntadeandalucia.es\/ceiplaflorida\/files\/2019\/10\/viejo-gru\u00f1\u00f3n-36x48.jpeg 36w, https:\/\/blogsaverroes.juntadeandalucia.es\/ceiplaflorida\/files\/2019\/10\/viejo-gru\u00f1\u00f3n.jpeg 1198w\" sizes=\"(max-width: 225px) 100vw, 225px\" \/>EMILIO, NUESTRO VIEJO GRU\u00d1\u00d3N! \ud83d\udc7f <\/a> &nbsp;<a href=\"https:\/\/blogsaverroes.juntadeandalucia.es\/ceiplaflorida\/files\/2019\/10\/princess.jpg\"><img loading=\"lazy\" decoding=\"async\" class=\"size-medium wp-image-3197 aligncenter\" src=\"https:\/\/blogsaverroes.juntadeandalucia.es\/ceiplaflorida\/files\/2019\/10\/princess-182x300.jpg\" alt=\"\" width=\"182\" height=\"300\" srcset=\"https:\/\/blogsaverroes.juntadeandalucia.es\/ceiplaflorida\/files\/2019\/10\/princess-182x300.jpg 182w, https:\/\/blogsaverroes.juntadeandalucia.es\/ceiplaflorida\/files\/2019\/10\/princess-621x1024.jpg 621w, https:\/\/blogsaverroes.juntadeandalucia.es\/ceiplaflorida\/files\/2019\/10\/princess-15x24.jpg 15w, https:\/\/blogsaverroes.juntadeandalucia.es\/ceiplaflorida\/files\/2019\/10\/princess-22x36.jpg 22w, https:\/\/blogsaverroes.juntadeandalucia.es\/ceiplaflorida\/files\/2019\/10\/princess-29x48.jpg 29w, https:\/\/blogsaverroes.juntadeandalucia.es\/ceiplaflorida\/files\/2019\/10\/princess.jpg 650w\" sizes=\"(max-width: 182px) 100vw, 182px\" \/>MAR\u00cdA, NUESTRA PRINCESA DE BARRIO \ud83d\ude42 <\/a><a href=\"https:\/\/blogsaverroes.juntadeandalucia.es\/ceiplaflorida\/files\/2019\/10\/bruja.jpg\"><img loading=\"lazy\" decoding=\"async\" class=\"size-medium wp-image-3198 aligncenter\" src=\"https:\/\/blogsaverroes.juntadeandalucia.es\/ceiplaflorida\/files\/2019\/10\/bruja-222x300.jpg\" alt=\"\" width=\"222\" height=\"300\" srcset=\"https:\/\/blogsaverroes.juntadeandalucia.es\/ceiplaflorida\/files\/2019\/10\/bruja-222x300.jpg 222w, https:\/\/blogsaverroes.juntadeandalucia.es\/ceiplaflorida\/files\/2019\/10\/bruja-18x24.jpg 18w, https:\/\/blogsaverroes.juntadeandalucia.es\/ceiplaflorida\/files\/2019\/10\/bruja-27x36.jpg 27w, https:\/\/blogsaverroes.juntadeandalucia.es\/ceiplaflorida\/files\/2019\/10\/bruja-36x48.jpg 36w, https:\/\/blogsaverroes.juntadeandalucia.es\/ceiplaflorida\/files\/2019\/10\/bruja.jpg 563w\" sizes=\"(max-width: 222px) 100vw, 222px\" \/>YUMALAHY, LA BRUJA M\u00c1S MALVADA!! \ud83d\ude08 <\/a><a href=\"https:\/\/blogsaverroes.juntadeandalucia.es\/ceiplaflorida\/files\/2019\/10\/prince.jpg\"><img loading=\"lazy\" decoding=\"async\" class=\"size-medium wp-image-3199 aligncenter\" src=\"https:\/\/blogsaverroes.juntadeandalucia.es\/ceiplaflorida\/files\/2019\/10\/prince-223x300.jpg\" alt=\"\" width=\"223\" height=\"300\" srcset=\"https:\/\/blogsaverroes.juntadeandalucia.es\/ceiplaflorida\/files\/2019\/10\/prince-223x300.jpg 223w, https:\/\/blogsaverroes.juntadeandalucia.es\/ceiplaflorida\/files\/2019\/10\/prince-768x1035.jpg 768w, https:\/\/blogsaverroes.juntadeandalucia.es\/ceiplaflorida\/files\/2019\/10\/prince-760x1024.jpg 760w, https:\/\/blogsaverroes.juntadeandalucia.es\/ceiplaflorida\/files\/2019\/10\/prince-18x24.jpg 18w, https:\/\/blogsaverroes.juntadeandalucia.es\/ceiplaflorida\/files\/2019\/10\/prince-27x36.jpg 27w, https:\/\/blogsaverroes.juntadeandalucia.es\/ceiplaflorida\/files\/2019\/10\/prince-36x48.jpg 36w, https:\/\/blogsaverroes.juntadeandalucia.es\/ceiplaflorida\/files\/2019\/10\/prince.jpg 796w\" sizes=\"(max-width: 223px) 100vw, 223px\" \/>DAVID, EL CABALLERO VALIENTE \ud83d\ude0e <\/a><\/p>\n<p>En este teatro los personajes se las arreglan para <strong>acabar con las malas intenciones de la bruja<\/strong> \u00bf\u00a1lo conseguir\u00e1n!? \u00bfAyudar\u00e1n los peque\u00f1os <em>minions<\/em> <img src=\"https:\/\/blogsaverroes.juntadeandalucia.es\/ceiplaflorida\/wp-includes\/images\/smilies\/mrgreen.png\" alt=\":mrgreen:\" class=\"wp-smiley\" style=\"height: 1em; max-height: 1em;\" \/> de infantil a luchar contra la bruja?&nbsp;<\/p>\n<h4 style=\"text-align: center\">Lo veremos la pr\u00f3xima semana&#8230; \u00a1No os lo perd\u00e1is!<a href=\"https:\/\/blogsaverroes.juntadeandalucia.es\/ceiplaflorida\/files\/2019\/10\/1iPh.gif\"><img loading=\"lazy\" decoding=\"async\" class=\"size-medium wp-image-3191 aligncenter\" src=\"https:\/\/blogsaverroes.juntadeandalucia.es\/ceiplaflorida\/files\/2019\/10\/1iPh-232x300.gif\" alt=\"\" width=\"232\" height=\"300\" srcset=\"https:\/\/blogsaverroes.juntadeandalucia.es\/ceiplaflorida\/files\/2019\/10\/1iPh-232x300.gif 232w, https:\/\/blogsaverroes.juntadeandalucia.es\/ceiplaflorida\/files\/2019\/10\/1iPh-19x24.gif 19w, https:\/\/blogsaverroes.juntadeandalucia.es\/ceiplaflorida\/files\/2019\/10\/1iPh-28x36.gif 28w, https:\/\/blogsaverroes.juntadeandalucia.es\/ceiplaflorida\/files\/2019\/10\/1iPh-37x48.gif 37w\" sizes=\"(max-width: 232px) 100vw, 232px\" \/>WE CAN&#8217;T WAIT!!<\/a><a href=\"https:\/\/blogsaverroes.juntadeandalucia.es\/ceiplaflorida\/files\/2019\/10\/WhatsApp-Image-2019-10-23-at-15.12.44.jpeg\"><img loading=\"lazy\" decoding=\"async\" class=\" wp-image-3190 aligncenter\" src=\"https:\/\/blogsaverroes.juntadeandalucia.es\/ceiplaflorida\/files\/2019\/10\/WhatsApp-Image-2019-10-23-at-15.12.44-240x300.jpeg\" alt=\"\" width=\"347\" height=\"434\" srcset=\"https:\/\/blogsaverroes.juntadeandalucia.es\/ceiplaflorida\/files\/2019\/10\/WhatsApp-Image-2019-10-23-at-15.12.44-240x300.jpeg 240w, https:\/\/blogsaverroes.juntadeandalucia.es\/ceiplaflorida\/files\/2019\/10\/WhatsApp-Image-2019-10-23-at-15.12.44-768x960.jpeg 768w, https:\/\/blogsaverroes.juntadeandalucia.es\/ceiplaflorida\/files\/2019\/10\/WhatsApp-Image-2019-10-23-at-15.12.44-819x1024.jpeg 819w, https:\/\/blogsaverroes.juntadeandalucia.es\/ceiplaflorida\/files\/2019\/10\/WhatsApp-Image-2019-10-23-at-15.12.44-19x24.jpeg 19w, https:\/\/blogsaverroes.juntadeandalucia.es\/ceiplaflorida\/files\/2019\/10\/WhatsApp-Image-2019-10-23-at-15.12.44-29x36.jpeg 29w, https:\/\/blogsaverroes.juntadeandalucia.es\/ceiplaflorida\/files\/2019\/10\/WhatsApp-Image-2019-10-23-at-15.12.44-38x48.jpeg 38w, https:\/\/blogsaverroes.juntadeandalucia.es\/ceiplaflorida\/files\/2019\/10\/WhatsApp-Image-2019-10-23-at-15.12.44.jpeg 1280w\" sizes=\"(max-width: 347px) 100vw, 347px\" \/><\/a><\/h4>\n","protected":false},"excerpt":{"rendered":"<p>\u00a1EL CUENTO M\u00c1S TERROR\u00cdFICO DEL A\u00d1O LLEGA A LA FLORIDA EN FORMA DE TEATRO! La pr\u00f3xima semana los alumnos\/as de 3\u00baA y 5\u00baB har\u00e1n un pase teatral para los ni\u00f1os de infantil, dirigido por&#46;&#46;&#46;<\/p>\n","protected":false},"author":5273,"featured_media":3214,"comment_status":"open","ping_status":"open","sticky":false,"template":"","format":"standard","meta":{"ngg_post_thumbnail":0,"footnotes":""},"categories":[11909,185379,348133,1852],"tags":[],"aioseo_notices":[],"_links":{"self":[{"href":"https:\/\/blogsaverroes.juntadeandalucia.es\/ceiplaflorida\/wp-json\/wp\/v2\/posts\/3189"}],"collection":[{"href":"https:\/\/blogsaverroes.juntadeandalucia.es\/ceiplaflorida\/wp-json\/wp\/v2\/posts"}],"about":[{"href":"https:\/\/blogsaverroes.juntadeandalucia.es\/ceiplaflorida\/wp-json\/wp\/v2\/types\/post"}],"author":[{"embeddable":true,"href":"https:\/\/blogsaverroes.juntadeandalucia.es\/ceiplaflorida\/wp-json\/wp\/v2\/users\/5273"}],"replies":[{"embeddable":true,"href":"https:\/\/blogsaverroes.juntadeandalucia.es\/ceiplaflorida\/wp-json\/wp\/v2\/comments?post=3189"}],"version-history":[{"count":13,"href":"https:\/\/blogsaverroes.juntadeandalucia.es\/ceiplaflorida\/wp-json\/wp\/v2\/posts\/3189\/revisions"}],"predecessor-version":[{"id":3208,"href":"https:\/\/blogsaverroes.juntadeandalucia.es\/ceiplaflorida\/wp-json\/wp\/v2\/posts\/3189\/revisions\/3208"}],"wp:featuredmedia":[{"embeddable":true,"href":"https:\/\/blogsaverroes.juntadeandalucia.es\/ceiplaflorida\/wp-json\/wp\/v2\/media\/3214"}],"wp:attachment":[{"href":"https:\/\/blogsaverroes.juntadeandalucia.es\/ceiplaflorida\/wp-json\/wp\/v2\/media?parent=3189"}],"wp:term":[{"taxonomy":"category","embeddable":true,"href":"https:\/\/blogsaverroes.juntadeandalucia.es\/ceiplaflorida\/wp-json\/wp\/v2\/categories?post=3189"},{"taxonomy":"post_tag","embeddable":true,"href":"https:\/\/blogsaverroes.juntadeandalucia.es\/ceiplaflorida\/wp-json\/wp\/v2\/tags?post=3189"}],"curies":[{"name":"wp","href":"https:\/\/api.w.org\/{rel}","templated":true}]}}