{"id":4062,"date":"2021-05-19T07:15:41","date_gmt":"2021-05-19T07:15:41","guid":{"rendered":"https:\/\/blogsaverroes.juntadeandalucia.es\/ceiplaflorida\/?p=4062"},"modified":"2021-05-20T07:06:57","modified_gmt":"2021-05-20T07:06:57","slug":"dias-de-lacteos","status":"publish","type":"post","link":"https:\/\/blogsaverroes.juntadeandalucia.es\/ceiplaflorida\/2021\/05\/19\/dias-de-lacteos\/","title":{"rendered":"D\u00edas de l\u00e1cteos"},"content":{"rendered":"<p>A partir de esta semana, nuestros chicos y nuestras chicas de 6\u00ba estar\u00e1n a cargo del reparto de leche del Plan Escolar de Consumo de Leche y Otros Productos L\u00e1cteos cada d\u00eda a la hora del recreo. No olvides traer y llevar tu recipiente en la mochila para disfrutar de un buen vaso de leche fr\u00eda cada ma\u00f1ana. Puedes traer cacao en polvo o cereales para acompa\u00f1ar. \u00a1Tienes que probarla!<\/p>\n<p><a href=\"https:\/\/blogsaverroes.juntadeandalucia.es\/ceiplaflorida\/files\/2021\/05\/unnamed.jpg\"><img loading=\"lazy\" decoding=\"async\" class=\"alignnone size-medium wp-image-4068\" src=\"https:\/\/blogsaverroes.juntadeandalucia.es\/ceiplaflorida\/files\/2021\/05\/unnamed-212x300.jpg\" alt=\"\" width=\"212\" height=\"300\" srcset=\"https:\/\/blogsaverroes.juntadeandalucia.es\/ceiplaflorida\/files\/2021\/05\/unnamed-212x300.jpg 212w, https:\/\/blogsaverroes.juntadeandalucia.es\/ceiplaflorida\/files\/2021\/05\/unnamed.jpg 362w\" sizes=\"(max-width: 212px) 100vw, 212px\" \/><\/a><a href=\"https:\/\/blogsaverroes.juntadeandalucia.es\/ceiplaflorida\/files\/2021\/05\/1621363660588-scaled.jpg\"><img loading=\"lazy\" decoding=\"async\" class=\"alignnone size-medium wp-image-4063\" src=\"https:\/\/blogsaverroes.juntadeandalucia.es\/ceiplaflorida\/files\/2021\/05\/1621363660588-225x300.jpg\" alt=\"\" width=\"225\" height=\"300\" srcset=\"https:\/\/blogsaverroes.juntadeandalucia.es\/ceiplaflorida\/files\/2021\/05\/1621363660588-225x300.jpg 225w, https:\/\/blogsaverroes.juntadeandalucia.es\/ceiplaflorida\/files\/2021\/05\/1621363660588-769x1024.jpg 769w, https:\/\/blogsaverroes.juntadeandalucia.es\/ceiplaflorida\/files\/2021\/05\/1621363660588-768x1023.jpg 768w, https:\/\/blogsaverroes.juntadeandalucia.es\/ceiplaflorida\/files\/2021\/05\/1621363660588-1153x1536.jpg 1153w, https:\/\/blogsaverroes.juntadeandalucia.es\/ceiplaflorida\/files\/2021\/05\/1621363660588-1538x2048.jpg 1538w, https:\/\/blogsaverroes.juntadeandalucia.es\/ceiplaflorida\/files\/2021\/05\/1621363660588-scaled.jpg 1201w\" sizes=\"(max-width: 225px) 100vw, 225px\" \/><\/a> <a href=\"https:\/\/blogsaverroes.juntadeandalucia.es\/ceiplaflorida\/files\/2021\/05\/1621363660574-scaled.jpg\"><img loading=\"lazy\" decoding=\"async\" class=\"alignnone size-medium wp-image-4065\" src=\"https:\/\/blogsaverroes.juntadeandalucia.es\/ceiplaflorida\/files\/2021\/05\/1621363660574-300x225.jpg\" alt=\"\" width=\"300\" height=\"225\" srcset=\"https:\/\/blogsaverroes.juntadeandalucia.es\/ceiplaflorida\/files\/2021\/05\/1621363660574-300x225.jpg 300w, https:\/\/blogsaverroes.juntadeandalucia.es\/ceiplaflorida\/files\/2021\/05\/1621363660574-1024x769.jpg 1024w, https:\/\/blogsaverroes.juntadeandalucia.es\/ceiplaflorida\/files\/2021\/05\/1621363660574-768x577.jpg 768w, https:\/\/blogsaverroes.juntadeandalucia.es\/ceiplaflorida\/files\/2021\/05\/1621363660574-1536x1153.jpg 1536w, https:\/\/blogsaverroes.juntadeandalucia.es\/ceiplaflorida\/files\/2021\/05\/1621363660574-2048x1538.jpg 2048w, https:\/\/blogsaverroes.juntadeandalucia.es\/ceiplaflorida\/files\/2021\/05\/1621363660574-scaled.jpg 1600w\" sizes=\"(max-width: 300px) 100vw, 300px\" \/><\/a><\/p>\n<header class=\"titleoverbackground\">\n<h2 id=\"detalle_plan-escolar-de-consumo-de-leche-y-otros-productos-lacteos\" class=\"titulo\">&nbsp;<\/h2>\n<\/header>\n<div class=\"contenido_detalle\">\n<div class=\"imagen-representativa imagen-web image-position-right\">&nbsp;<\/div>\n<\/div>\n","protected":false},"excerpt":{"rendered":"<p>A partir de esta semana, nuestros chicos y nuestras chicas de 6\u00ba estar\u00e1n a cargo del reparto de leche del Plan Escolar de Consumo de Leche y Otros Productos L\u00e1cteos cada d\u00eda a la&#46;&#46;&#46;<\/p>\n","protected":false},"author":5273,"featured_media":4065,"comment_status":"open","ping_status":"open","sticky":false,"template":"","format":"standard","meta":{"ngg_post_thumbnail":0,"footnotes":""},"categories":[1628977,1628976],"tags":[],"aioseo_notices":[],"_links":{"self":[{"href":"https:\/\/blogsaverroes.juntadeandalucia.es\/ceiplaflorida\/wp-json\/wp\/v2\/posts\/4062"}],"collection":[{"href":"https:\/\/blogsaverroes.juntadeandalucia.es\/ceiplaflorida\/wp-json\/wp\/v2\/posts"}],"about":[{"href":"https:\/\/blogsaverroes.juntadeandalucia.es\/ceiplaflorida\/wp-json\/wp\/v2\/types\/post"}],"author":[{"embeddable":true,"href":"https:\/\/blogsaverroes.juntadeandalucia.es\/ceiplaflorida\/wp-json\/wp\/v2\/users\/5273"}],"replies":[{"embeddable":true,"href":"https:\/\/blogsaverroes.juntadeandalucia.es\/ceiplaflorida\/wp-json\/wp\/v2\/comments?post=4062"}],"version-history":[{"count":7,"href":"https:\/\/blogsaverroes.juntadeandalucia.es\/ceiplaflorida\/wp-json\/wp\/v2\/posts\/4062\/revisions"}],"predecessor-version":[{"id":4077,"href":"https:\/\/blogsaverroes.juntadeandalucia.es\/ceiplaflorida\/wp-json\/wp\/v2\/posts\/4062\/revisions\/4077"}],"wp:featuredmedia":[{"embeddable":true,"href":"https:\/\/blogsaverroes.juntadeandalucia.es\/ceiplaflorida\/wp-json\/wp\/v2\/media\/4065"}],"wp:attachment":[{"href":"https:\/\/blogsaverroes.juntadeandalucia.es\/ceiplaflorida\/wp-json\/wp\/v2\/media?parent=4062"}],"wp:term":[{"taxonomy":"category","embeddable":true,"href":"https:\/\/blogsaverroes.juntadeandalucia.es\/ceiplaflorida\/wp-json\/wp\/v2\/categories?post=4062"},{"taxonomy":"post_tag","embeddable":true,"href":"https:\/\/blogsaverroes.juntadeandalucia.es\/ceiplaflorida\/wp-json\/wp\/v2\/tags?post=4062"}],"curies":[{"name":"wp","href":"https:\/\/api.w.org\/{rel}","templated":true}]}}