{"id":4252,"date":"2022-03-17T19:00:33","date_gmt":"2022-03-17T19:00:33","guid":{"rendered":"https:\/\/blogsaverroes.juntadeandalucia.es\/ceiplaflorida\/?p=4252"},"modified":"2022-03-18T11:42:44","modified_gmt":"2022-03-18T11:42:44","slug":"nos-vamos-de-excursion","status":"publish","type":"post","link":"https:\/\/blogsaverroes.juntadeandalucia.es\/ceiplaflorida\/2022\/03\/17\/nos-vamos-de-excursion\/","title":{"rendered":"\u00a1Nos vamos de excursi\u00f3n!"},"content":{"rendered":"<p>Est\u00e1bamos deseando, no os vamos a enga\u00f1ar. Y aunque solo ha sido un pase\u00edto hasta la biblioteca p\u00fablica de nuestra ciudad, las clases de 4\u00baA y 4\u00baB acompa\u00f1ados de la se\u00f1o Lourdes Sampedro, el profe Paco y la se\u00f1o Silvia hemos disfrutado much\u00edsimo. Hemos tenido la oportunidad de visitar la exposici\u00f3n \u201cMujeres, La otra mirada\u201d situada en el edificio Alfonso X El Sabio. Luego, hemos podido dar un paseo por la biblioteca y que nos expliquen un poco de su funcionamiento.&nbsp;<\/p>\n<p>Ya vemos un poco m\u00e1s cerca la vuelta a la normalidad. \u00a1Estamos deseando que surja la siguiente oportunidad!<\/p>\n<p>#somoslaflorida<\/p>\n<p><a href=\"https:\/\/blogsaverroes.juntadeandalucia.es\/ceiplaflorida\/files\/2022\/03\/WhatsApp-Image-2022-03-14-at-12.01.22.jpeg\"><img loading=\"lazy\" decoding=\"async\" class=\"alignnone size-medium wp-image-4255\" src=\"https:\/\/blogsaverroes.juntadeandalucia.es\/ceiplaflorida\/files\/2022\/03\/WhatsApp-Image-2022-03-14-at-12.01.22-300x169.jpeg\" alt=\"\" width=\"300\" height=\"169\" srcset=\"https:\/\/blogsaverroes.juntadeandalucia.es\/ceiplaflorida\/files\/2022\/03\/WhatsApp-Image-2022-03-14-at-12.01.22-300x169.jpeg 300w, https:\/\/blogsaverroes.juntadeandalucia.es\/ceiplaflorida\/files\/2022\/03\/WhatsApp-Image-2022-03-14-at-12.01.22-1024x576.jpeg 1024w, https:\/\/blogsaverroes.juntadeandalucia.es\/ceiplaflorida\/files\/2022\/03\/WhatsApp-Image-2022-03-14-at-12.01.22-768x432.jpeg 768w, https:\/\/blogsaverroes.juntadeandalucia.es\/ceiplaflorida\/files\/2022\/03\/WhatsApp-Image-2022-03-14-at-12.01.22-1536x864.jpeg 1536w, https:\/\/blogsaverroes.juntadeandalucia.es\/ceiplaflorida\/files\/2022\/03\/WhatsApp-Image-2022-03-14-at-12.01.22.jpeg 1600w\" sizes=\"(max-width: 300px) 100vw, 300px\" \/><\/a><a href=\"https:\/\/blogsaverroes.juntadeandalucia.es\/ceiplaflorida\/files\/2022\/03\/WhatsApp-Image-2022-03-14-at-12.01.20.jpeg\"><img loading=\"lazy\" decoding=\"async\" class=\"alignnone size-medium wp-image-4256\" src=\"https:\/\/blogsaverroes.juntadeandalucia.es\/ceiplaflorida\/files\/2022\/03\/WhatsApp-Image-2022-03-14-at-12.01.20-169x300.jpeg\" alt=\"\" width=\"169\" height=\"300\" srcset=\"https:\/\/blogsaverroes.juntadeandalucia.es\/ceiplaflorida\/files\/2022\/03\/WhatsApp-Image-2022-03-14-at-12.01.20-169x300.jpeg 169w, https:\/\/blogsaverroes.juntadeandalucia.es\/ceiplaflorida\/files\/2022\/03\/WhatsApp-Image-2022-03-14-at-12.01.20-576x1024.jpeg 576w, https:\/\/blogsaverroes.juntadeandalucia.es\/ceiplaflorida\/files\/2022\/03\/WhatsApp-Image-2022-03-14-at-12.01.20-768x1365.jpeg 768w, https:\/\/blogsaverroes.juntadeandalucia.es\/ceiplaflorida\/files\/2022\/03\/WhatsApp-Image-2022-03-14-at-12.01.20-864x1536.jpeg 864w, https:\/\/blogsaverroes.juntadeandalucia.es\/ceiplaflorida\/files\/2022\/03\/WhatsApp-Image-2022-03-14-at-12.01.20.jpeg 900w\" sizes=\"(max-width: 169px) 100vw, 169px\" \/><\/a><a href=\"https:\/\/blogsaverroes.juntadeandalucia.es\/ceiplaflorida\/files\/2022\/03\/WhatsApp-Image-2022-03-14-at-12.01.23-3.jpeg\"><img loading=\"lazy\" decoding=\"async\" class=\"alignnone size-medium wp-image-4253\" src=\"https:\/\/blogsaverroes.juntadeandalucia.es\/ceiplaflorida\/files\/2022\/03\/WhatsApp-Image-2022-03-14-at-12.01.23-3-300x225.jpeg\" alt=\"\" width=\"300\" height=\"225\" srcset=\"https:\/\/blogsaverroes.juntadeandalucia.es\/ceiplaflorida\/files\/2022\/03\/WhatsApp-Image-2022-03-14-at-12.01.23-3-300x225.jpeg 300w, https:\/\/blogsaverroes.juntadeandalucia.es\/ceiplaflorida\/files\/2022\/03\/WhatsApp-Image-2022-03-14-at-12.01.23-3-1024x768.jpeg 1024w, https:\/\/blogsaverroes.juntadeandalucia.es\/ceiplaflorida\/files\/2022\/03\/WhatsApp-Image-2022-03-14-at-12.01.23-3-768x576.jpeg 768w, https:\/\/blogsaverroes.juntadeandalucia.es\/ceiplaflorida\/files\/2022\/03\/WhatsApp-Image-2022-03-14-at-12.01.23-3-1536x1152.jpeg 1536w, https:\/\/blogsaverroes.juntadeandalucia.es\/ceiplaflorida\/files\/2022\/03\/WhatsApp-Image-2022-03-14-at-12.01.23-3.jpeg 1600w\" sizes=\"(max-width: 300px) 100vw, 300px\" \/><\/a>&nbsp;<\/p>\n<p>&nbsp;<\/p>\n","protected":false},"excerpt":{"rendered":"<p>Est\u00e1bamos deseando, no os vamos a enga\u00f1ar. Y aunque solo ha sido un pase\u00edto hasta la biblioteca p\u00fablica de nuestra ciudad, las clases de 4\u00baA y 4\u00baB acompa\u00f1ados de la se\u00f1o Lourdes Sampedro, el&#46;&#46;&#46;<\/p>\n","protected":false},"author":5273,"featured_media":4255,"comment_status":"open","ping_status":"open","sticky":false,"template":"","format":"standard","meta":{"ngg_post_thumbnail":0,"footnotes":""},"categories":[11909],"tags":[],"aioseo_notices":[],"_links":{"self":[{"href":"https:\/\/blogsaverroes.juntadeandalucia.es\/ceiplaflorida\/wp-json\/wp\/v2\/posts\/4252"}],"collection":[{"href":"https:\/\/blogsaverroes.juntadeandalucia.es\/ceiplaflorida\/wp-json\/wp\/v2\/posts"}],"about":[{"href":"https:\/\/blogsaverroes.juntadeandalucia.es\/ceiplaflorida\/wp-json\/wp\/v2\/types\/post"}],"author":[{"embeddable":true,"href":"https:\/\/blogsaverroes.juntadeandalucia.es\/ceiplaflorida\/wp-json\/wp\/v2\/users\/5273"}],"replies":[{"embeddable":true,"href":"https:\/\/blogsaverroes.juntadeandalucia.es\/ceiplaflorida\/wp-json\/wp\/v2\/comments?post=4252"}],"version-history":[{"count":2,"href":"https:\/\/blogsaverroes.juntadeandalucia.es\/ceiplaflorida\/wp-json\/wp\/v2\/posts\/4252\/revisions"}],"predecessor-version":[{"id":4258,"href":"https:\/\/blogsaverroes.juntadeandalucia.es\/ceiplaflorida\/wp-json\/wp\/v2\/posts\/4252\/revisions\/4258"}],"wp:featuredmedia":[{"embeddable":true,"href":"https:\/\/blogsaverroes.juntadeandalucia.es\/ceiplaflorida\/wp-json\/wp\/v2\/media\/4255"}],"wp:attachment":[{"href":"https:\/\/blogsaverroes.juntadeandalucia.es\/ceiplaflorida\/wp-json\/wp\/v2\/media?parent=4252"}],"wp:term":[{"taxonomy":"category","embeddable":true,"href":"https:\/\/blogsaverroes.juntadeandalucia.es\/ceiplaflorida\/wp-json\/wp\/v2\/categories?post=4252"},{"taxonomy":"post_tag","embeddable":true,"href":"https:\/\/blogsaverroes.juntadeandalucia.es\/ceiplaflorida\/wp-json\/wp\/v2\/tags?post=4252"}],"curies":[{"name":"wp","href":"https:\/\/api.w.org\/{rel}","templated":true}]}}