{"id":2889,"date":"2023-02-27T13:47:34","date_gmt":"2023-02-27T13:47:34","guid":{"rendered":"https:\/\/blogsaverroes.juntadeandalucia.es\/ceiplagloria\/?p=2889"},"modified":"2023-04-07T12:17:48","modified_gmt":"2023-04-07T12:17:48","slug":"conoce-nuestro-colegio-video-10-razones-para-elegirnos","status":"publish","type":"post","link":"https:\/\/blogsaverroes.juntadeandalucia.es\/ceiplagloria\/2023\/02\/27\/conoce-nuestro-colegio-video-10-razones-para-elegirnos\/","title":{"rendered":"CONOCE NUESTRO COLEGIO: V\u00eddeo 10 razones para elegirnos."},"content":{"rendered":"<p>Recordamos a todas las familias del Centro que&nbsp;&nbsp;<strong><u>desde&nbsp;<\/u><\/strong><u>el pr\u00f3ximo d\u00eda 1<\/u><strong><u>&nbsp;de Marzo<\/u><\/strong><u>&nbsp;y&nbsp;<\/u><strong><u>hasta el 31&nbsp;<\/u><\/strong><u>de dicho mes<\/u>, se encuentra abierto el plazo para presentar las&nbsp;<u>solicitudes de admisi\u00f3n para el&nbsp;<\/u><strong><u>alumnado de nuevo ingreso.<\/u><\/strong><\/p>\n<p>&nbsp;Deben presentar su solicitud para el<u>&nbsp;alumnado que cumpla 3 a\u00f1os durante 2023 (es decir los nacidos hasta el 31 de Diciembre de 2020) y para aquellos que vayan a cambiar de Centro.<\/u><\/p>\n<p>&nbsp;<u>El&nbsp;<\/u><strong><u>alumnado actual<\/u><\/strong><u>&nbsp;del Centro&nbsp;<\/u><strong><u>NO DEBE HACER NADA.<\/u><\/strong><\/p>\n<p><u>&nbsp;El periodo de&nbsp;<\/u><strong><u>MATRICULACI\u00d3N PARA TODOS<\/u><\/strong><u>&nbsp;ES DEL 1 al 8 DE JUNIO<\/u><\/p>\n<p>Para m\u00e1s informaci\u00f3n pueden llamar a los&nbsp;<strong><u>tel\u00e9fonos 951 28 99 72 y 697 95 21 34<\/u><\/strong><\/p>\n<p>Recogida de impresos y entrega de documentaci\u00f3n:&nbsp;CEIP La Gloria<\/p>\n<p>Tambi\u00e9n se puede descargar el impreso oficial en este&nbsp;<strong><a href=\"https:\/\/blogsaverroes.juntadeandalucia.es\/cprtorrejaral\/files\/2021\/03\/ANEXO-III-Solicitud-admision.pdf\">enlace<\/a><\/strong>.<\/p>\n<p>Se habilitar\u00e1 pr\u00f3ximamente un procedimiento para realizar los&nbsp;<strong>tr\u00e1mites<\/strong>&nbsp;necesarios&nbsp;<strong>de forma telem\u00e1tica<\/strong>&nbsp;a trav\u00e9s de la Secretar\u00eda Virtual de Centros.<\/p>\n<p>Visualiza la oferta educativa y las instalaciones de nuestro Colegio mediante el siguiente v\u00eddeo.<\/p>\n<p>LA DIRECCI\u00d3N<\/p>\n<p>Les esperamos.<\/p>\n<p><a href=\"https:\/\/www.youtube.com\/watch?v=1CZXMdyLLnA\"><img loading=\"lazy\" decoding=\"async\" class=\"aligncenter wp-image-2890 size-large\" src=\"https:\/\/blogsaverroes.juntadeandalucia.es\/ceiplagloria\/files\/2021\/02\/Imagen-v\u00eddeo-Matr\u00edcula-1024x529.jpg\" alt=\"\" width=\"782\" height=\"404\" srcset=\"https:\/\/blogsaverroes.juntadeandalucia.es\/ceiplagloria\/files\/2021\/02\/Imagen-v\u00eddeo-Matr\u00edcula-1024x529.jpg 1024w, https:\/\/blogsaverroes.juntadeandalucia.es\/ceiplagloria\/files\/2021\/02\/Imagen-v\u00eddeo-Matr\u00edcula-300x155.jpg 300w, https:\/\/blogsaverroes.juntadeandalucia.es\/ceiplagloria\/files\/2021\/02\/Imagen-v\u00eddeo-Matr\u00edcula-768x396.jpg 768w, https:\/\/blogsaverroes.juntadeandalucia.es\/ceiplagloria\/files\/2021\/02\/Imagen-v\u00eddeo-Matr\u00edcula.jpg 1238w\" sizes=\"(max-width: 782px) 100vw, 782px\" \/><\/a><\/p>\n<p>&nbsp;<\/p>\n<p><a href=\"https:\/\/blogsaverroes.juntadeandalucia.es\/ceiplagloria\/files\/2022\/02\/CEIP-LA-GLORIA.png\"><img loading=\"lazy\" decoding=\"async\" class=\"aligncenter wp-image-3481 size-large\" src=\"https:\/\/blogsaverroes.juntadeandalucia.es\/ceiplagloria\/files\/2022\/02\/CEIP-LA-GLORIA-724x1024.png\" alt=\"\" width=\"724\" height=\"1024\" srcset=\"https:\/\/blogsaverroes.juntadeandalucia.es\/ceiplagloria\/files\/2022\/02\/CEIP-LA-GLORIA-724x1024.png 724w, https:\/\/blogsaverroes.juntadeandalucia.es\/ceiplagloria\/files\/2022\/02\/CEIP-LA-GLORIA-212x300.png 212w, https:\/\/blogsaverroes.juntadeandalucia.es\/ceiplagloria\/files\/2022\/02\/CEIP-LA-GLORIA-768x1086.png 768w, https:\/\/blogsaverroes.juntadeandalucia.es\/ceiplagloria\/files\/2022\/02\/CEIP-LA-GLORIA-1086x1536.png 1086w, https:\/\/blogsaverroes.juntadeandalucia.es\/ceiplagloria\/files\/2022\/02\/CEIP-LA-GLORIA.png 1131w\" sizes=\"(max-width: 724px) 100vw, 724px\" \/><\/a><\/p>\n<p>&nbsp;<\/p>\n<p>&nbsp;<\/p>\n","protected":false},"excerpt":{"rendered":"<p>Recordamos a todas las familias del Centro que&nbsp;&nbsp;desde&nbsp;el pr\u00f3ximo d\u00eda 1&nbsp;de Marzo&nbsp;y&nbsp;hasta el 31&nbsp;de dicho mes, se encuentra abierto el plazo para presentar las&nbsp;solicitudes de admisi\u00f3n para el&nbsp;alumnado de nuevo ingreso. &nbsp;Deben presentar su solicitud para el&nbsp;alumnado que cumpla 3 a\u00f1os durante 2023 (es decir los nacidos hasta el 31 de Diciembre de 2020) y &hellip; <\/p>\n<p><a class=\"more-link btn\" href=\"https:\/\/blogsaverroes.juntadeandalucia.es\/ceiplagloria\/2023\/02\/27\/conoce-nuestro-colegio-video-10-razones-para-elegirnos\/\">Seguir leyendo<\/a><\/p>\n","protected":false},"author":8164,"featured_media":2892,"comment_status":"open","ping_status":"open","sticky":false,"template":"","format":"standard","meta":{"ngg_post_thumbnail":0,"footnotes":""},"categories":[526,11909],"tags":[],"aioseo_notices":[],"_links":{"self":[{"href":"https:\/\/blogsaverroes.juntadeandalucia.es\/ceiplagloria\/wp-json\/wp\/v2\/posts\/2889"}],"collection":[{"href":"https:\/\/blogsaverroes.juntadeandalucia.es\/ceiplagloria\/wp-json\/wp\/v2\/posts"}],"about":[{"href":"https:\/\/blogsaverroes.juntadeandalucia.es\/ceiplagloria\/wp-json\/wp\/v2\/types\/post"}],"author":[{"embeddable":true,"href":"https:\/\/blogsaverroes.juntadeandalucia.es\/ceiplagloria\/wp-json\/wp\/v2\/users\/8164"}],"replies":[{"embeddable":true,"href":"https:\/\/blogsaverroes.juntadeandalucia.es\/ceiplagloria\/wp-json\/wp\/v2\/comments?post=2889"}],"version-history":[{"count":5,"href":"https:\/\/blogsaverroes.juntadeandalucia.es\/ceiplagloria\/wp-json\/wp\/v2\/posts\/2889\/revisions"}],"predecessor-version":[{"id":3483,"href":"https:\/\/blogsaverroes.juntadeandalucia.es\/ceiplagloria\/wp-json\/wp\/v2\/posts\/2889\/revisions\/3483"}],"wp:featuredmedia":[{"embeddable":true,"href":"https:\/\/blogsaverroes.juntadeandalucia.es\/ceiplagloria\/wp-json\/wp\/v2\/media\/2892"}],"wp:attachment":[{"href":"https:\/\/blogsaverroes.juntadeandalucia.es\/ceiplagloria\/wp-json\/wp\/v2\/media?parent=2889"}],"wp:term":[{"taxonomy":"category","embeddable":true,"href":"https:\/\/blogsaverroes.juntadeandalucia.es\/ceiplagloria\/wp-json\/wp\/v2\/categories?post=2889"},{"taxonomy":"post_tag","embeddable":true,"href":"https:\/\/blogsaverroes.juntadeandalucia.es\/ceiplagloria\/wp-json\/wp\/v2\/tags?post=2889"}],"curies":[{"name":"wp","href":"https:\/\/api.w.org\/{rel}","templated":true}]}}