{"id":3179,"date":"2021-10-15T20:57:58","date_gmt":"2021-10-15T20:57:58","guid":{"rendered":"https:\/\/blogsaverroes.juntadeandalucia.es\/ceiplagloria\/?p=3179"},"modified":"2021-10-16T21:25:50","modified_gmt":"2021-10-16T21:25:50","slug":"3179","status":"publish","type":"post","link":"https:\/\/blogsaverroes.juntadeandalucia.es\/ceiplagloria\/2021\/10\/15\/3179\/","title":{"rendered":"EL CINE LLEGA A NUESTRO COLEGIO"},"content":{"rendered":"<p>LUCES, C\u00c1MARA y ACCI\u00d3N \ud83c\udfa5\ud83d\udcfd<br \/>\nHoy comenzamos, con mucha ilusi\u00f3n, una nueva iniciativa en nuestro cole \ud83d\udc4f\ud83c\udffb.<\/p>\n<p>En colaboraci\u00f3n con la asociaci\u00f3n <span style=\"color: #0000ff\"><a style=\"color: #0000ff\" href=\"https:\/\/cinedeplano.wordpress.com\/\"><strong>\u201cCine de plano\u201d<\/strong><\/a><\/span>.<\/p>\nngg_shortcode_0_placeholder\n<p style=\"text-align: justify\">\ud83d\udc49Es un colectivo integrado por profesionales de diversas \u00e1reas:&nbsp; documentalistas, cineastas, actores y actrices, trabajador@s sociales, dise\u00f1ador@s gr\u00e1fic@s, psic\u00f3log@s\u2026<\/p>\n<p style=\"text-align: justify\">Tod@s con una pasi\u00f3n com\u00fan: crear formas alternativas de comunicaci\u00f3n.<\/p>\n<p style=\"text-align: justify\">Cine de plano es un proyecto que acerca a la realizaci\u00f3n de audiovisuales a los barrios, a las escuelas, a los colectivos o a las comunidades.<\/p>\n<p style=\"text-align: justify\">Su objetivo es poner voz y rostro a todas aquellas personas, que normalmente no son escuchadas ni vistas, para que sean ellas, quienes decidan qu\u00e9 quieren contar y c\u00f3mo lo quieren contar.<\/p>\n<p style=\"text-align: justify\">Os iremos informando de todas las actividades que realicemos en nuestro gran taller\ud83d\udc4f\ud83c\udffb\ud83c\udfa5<\/p>\n<p style=\"text-align: justify\"><span style=\"color: #ff6600\"><strong>S\u00edguenos en Instagram y en facebook<\/strong><\/span>\ud83d\udd1d\ud83d\udd1d<\/p>\n<p style=\"text-align: justify\">\u201cCEIP La Gloria\u201d<\/p>\n","protected":false},"excerpt":{"rendered":"<p>LUCES, C\u00c1MARA y ACCI\u00d3N \ud83c\udfa5\ud83d\udcfd Hoy comenzamos, con mucha ilusi\u00f3n, una nueva iniciativa en nuestro cole \ud83d\udc4f\ud83c\udffb. En colaboraci\u00f3n con la asociaci\u00f3n \u201cCine de plano\u201d. \ud83d\udc49Es un colectivo integrado por profesionales de diversas \u00e1reas:&nbsp; documentalistas, cineastas, actores y actrices, trabajador@s sociales, dise\u00f1ador@s gr\u00e1fic@s, psic\u00f3log@s\u2026 Tod@s con una pasi\u00f3n com\u00fan: crear formas alternativas de comunicaci\u00f3n. Cine &hellip; <\/p>\n<p><a class=\"more-link btn\" href=\"https:\/\/blogsaverroes.juntadeandalucia.es\/ceiplagloria\/2021\/10\/15\/3179\/\">Seguir leyendo<\/a><\/p>\n","protected":false},"author":8164,"featured_media":3195,"comment_status":"open","ping_status":"open","sticky":false,"template":"","format":"standard","meta":{"ngg_post_thumbnail":0,"footnotes":""},"categories":[526,1338823],"tags":[],"aioseo_notices":[],"_links":{"self":[{"href":"https:\/\/blogsaverroes.juntadeandalucia.es\/ceiplagloria\/wp-json\/wp\/v2\/posts\/3179"}],"collection":[{"href":"https:\/\/blogsaverroes.juntadeandalucia.es\/ceiplagloria\/wp-json\/wp\/v2\/posts"}],"about":[{"href":"https:\/\/blogsaverroes.juntadeandalucia.es\/ceiplagloria\/wp-json\/wp\/v2\/types\/post"}],"author":[{"embeddable":true,"href":"https:\/\/blogsaverroes.juntadeandalucia.es\/ceiplagloria\/wp-json\/wp\/v2\/users\/8164"}],"replies":[{"embeddable":true,"href":"https:\/\/blogsaverroes.juntadeandalucia.es\/ceiplagloria\/wp-json\/wp\/v2\/comments?post=3179"}],"version-history":[{"count":4,"href":"https:\/\/blogsaverroes.juntadeandalucia.es\/ceiplagloria\/wp-json\/wp\/v2\/posts\/3179\/revisions"}],"predecessor-version":[{"id":3197,"href":"https:\/\/blogsaverroes.juntadeandalucia.es\/ceiplagloria\/wp-json\/wp\/v2\/posts\/3179\/revisions\/3197"}],"wp:featuredmedia":[{"embeddable":true,"href":"https:\/\/blogsaverroes.juntadeandalucia.es\/ceiplagloria\/wp-json\/wp\/v2\/media\/3195"}],"wp:attachment":[{"href":"https:\/\/blogsaverroes.juntadeandalucia.es\/ceiplagloria\/wp-json\/wp\/v2\/media?parent=3179"}],"wp:term":[{"taxonomy":"category","embeddable":true,"href":"https:\/\/blogsaverroes.juntadeandalucia.es\/ceiplagloria\/wp-json\/wp\/v2\/categories?post=3179"},{"taxonomy":"post_tag","embeddable":true,"href":"https:\/\/blogsaverroes.juntadeandalucia.es\/ceiplagloria\/wp-json\/wp\/v2\/tags?post=3179"}],"curies":[{"name":"wp","href":"https:\/\/api.w.org\/{rel}","templated":true}]}}