{"id":3471,"date":"2023-02-22T19:25:25","date_gmt":"2023-02-22T19:25:25","guid":{"rendered":"https:\/\/blogsaverroes.juntadeandalucia.es\/ceiplagloria\/?p=3471"},"modified":"2023-02-22T19:37:14","modified_gmt":"2023-02-22T19:37:14","slug":"concurso-de-carteles-de-carnaval","status":"publish","type":"post","link":"https:\/\/blogsaverroes.juntadeandalucia.es\/ceiplagloria\/2023\/02\/22\/concurso-de-carteles-de-carnaval\/","title":{"rendered":"CONCURSO DE CARTELES DE CARNAVAL"},"content":{"rendered":"<p style=\"text-align: justify\">El alumnado de valores de 6\u00ba de primaria ha elaborado, trabajando la competencia digital, un cartel promocional para el d\u00eda de carnaval.<\/p>\n<p style=\"text-align: justify\">Tras someterlo a votaci\u00f3n, ha sido escogido el de la alumna <strong>Iman Gaga<\/strong>.<\/p>\n<p style=\"text-align: justify\">Aqu\u00ed os lo mostramos.<\/p>\n<p><a href=\"https:\/\/blogsaverroes.juntadeandalucia.es\/ceiplagloria\/files\/2023\/02\/Cartel-carnaval1.jpg\" target=\"_blank\" rel=\"noopener noreferrer\"><img loading=\"lazy\" decoding=\"async\" class=\"aligncenter wp-image-3472 size-full\" src=\"https:\/\/blogsaverroes.juntadeandalucia.es\/ceiplagloria\/files\/2023\/02\/Cartel-carnaval1.jpg\" alt=\"\" width=\"533\" height=\"759\" srcset=\"https:\/\/blogsaverroes.juntadeandalucia.es\/ceiplagloria\/files\/2023\/02\/Cartel-carnaval1.jpg 533w, https:\/\/blogsaverroes.juntadeandalucia.es\/ceiplagloria\/files\/2023\/02\/Cartel-carnaval1-211x300.jpg 211w\" sizes=\"(max-width: 533px) 100vw, 533px\" \/><\/a><\/p>\n<p><strong>\u00a1BUEN TRABAJO IMAN!<\/strong><\/p>\n","protected":false},"excerpt":{"rendered":"<p>El alumnado de valores de 6\u00ba de primaria ha elaborado, trabajando la competencia digital, un cartel promocional para el d\u00eda de carnaval. Tras someterlo a votaci\u00f3n, ha sido escogido el de la alumna Iman Gaga. Aqu\u00ed os lo mostramos. \u00a1BUEN TRABAJO IMAN!<\/p>\n","protected":false},"author":8164,"featured_media":3473,"comment_status":"open","ping_status":"open","sticky":false,"template":"","format":"standard","meta":{"ngg_post_thumbnail":0,"footnotes":""},"categories":[11909],"tags":[],"aioseo_notices":[],"_links":{"self":[{"href":"https:\/\/blogsaverroes.juntadeandalucia.es\/ceiplagloria\/wp-json\/wp\/v2\/posts\/3471"}],"collection":[{"href":"https:\/\/blogsaverroes.juntadeandalucia.es\/ceiplagloria\/wp-json\/wp\/v2\/posts"}],"about":[{"href":"https:\/\/blogsaverroes.juntadeandalucia.es\/ceiplagloria\/wp-json\/wp\/v2\/types\/post"}],"author":[{"embeddable":true,"href":"https:\/\/blogsaverroes.juntadeandalucia.es\/ceiplagloria\/wp-json\/wp\/v2\/users\/8164"}],"replies":[{"embeddable":true,"href":"https:\/\/blogsaverroes.juntadeandalucia.es\/ceiplagloria\/wp-json\/wp\/v2\/comments?post=3471"}],"version-history":[{"count":3,"href":"https:\/\/blogsaverroes.juntadeandalucia.es\/ceiplagloria\/wp-json\/wp\/v2\/posts\/3471\/revisions"}],"predecessor-version":[{"id":3476,"href":"https:\/\/blogsaverroes.juntadeandalucia.es\/ceiplagloria\/wp-json\/wp\/v2\/posts\/3471\/revisions\/3476"}],"wp:featuredmedia":[{"embeddable":true,"href":"https:\/\/blogsaverroes.juntadeandalucia.es\/ceiplagloria\/wp-json\/wp\/v2\/media\/3473"}],"wp:attachment":[{"href":"https:\/\/blogsaverroes.juntadeandalucia.es\/ceiplagloria\/wp-json\/wp\/v2\/media?parent=3471"}],"wp:term":[{"taxonomy":"category","embeddable":true,"href":"https:\/\/blogsaverroes.juntadeandalucia.es\/ceiplagloria\/wp-json\/wp\/v2\/categories?post=3471"},{"taxonomy":"post_tag","embeddable":true,"href":"https:\/\/blogsaverroes.juntadeandalucia.es\/ceiplagloria\/wp-json\/wp\/v2\/tags?post=3471"}],"curies":[{"name":"wp","href":"https:\/\/api.w.org\/{rel}","templated":true}]}}