{"id":11881,"date":"2025-01-31T11:42:04","date_gmt":"2025-01-31T11:42:04","guid":{"rendered":"https:\/\/blogsaverroes.juntadeandalucia.es\/ceiplainmaculada\/?p=11881"},"modified":"2025-01-31T12:07:08","modified_gmt":"2025-01-31T12:07:08","slug":"puertas-abiertas","status":"publish","type":"post","link":"https:\/\/blogsaverroes.juntadeandalucia.es\/ceiplainmaculada\/2025\/01\/31\/puertas-abiertas\/","title":{"rendered":"PUERTAS ABIERTAS EN EL COLE"},"content":{"rendered":"<h2 style=\"text-align: center\"><span style=\"color: #008080\">#CON\u00d3CENOS<\/span><\/h2>\n<p>En <strong>CEIP La Inmaculada<\/strong> apostamos por el aprendizaje innovador, el crecimiento en comunidad y un ambiente donde cada ni\u00f1o y ni\u00f1a se sienta feliz y motivado. \ud83c\udf92\ud83d\udca1<\/p>\n<p>\ud83c\udfb8 <strong>\u00a1Aprendemos con m\u00fasica!<\/strong> Nuestro <strong>Proyecto Ukelele<\/strong> introduce a los peques en el mundo de la m\u00fasica de forma divertida, fomentando su creatividad y coordinaci\u00f3n. \ud83c\udfb6\ud83d\udc99<\/p>\n<p>\ud83c\udf31 <strong>Comunidad Educativa Activa<\/strong><br \/>\n\ud83e\udd16 <strong>Rob\u00f3tica, inform\u00e1tica, yoga y actividades creativas<\/strong><br \/>\n\ud83d\udcda <strong>Biblioteca, huerto escolar y rincones de lectura<\/strong><br \/>\n\ud83e\udd57 <strong>Comedor in situ<\/strong>, con comida reci\u00e9n hecha cada d\u00eda<br \/>\n\ud83d\udc68\u200d\ud83c\udfeb <strong>Aulas amplias, climatizadas y con tecnolog\u00eda innovadora<\/strong><\/p>\n<h3><span style=\"color: #008080\">\u00bfCu\u00e1ndo?<\/span><\/h3>\n<p>\ud83d\udcc5 Lunes 17 de febrero<\/p>\n<h3><span style=\"color: #008080\">\u00bfA qu\u00e9 hora?<\/span><\/h3>\n<p>\ud83d\udd59 10:00 h (ma\u00f1ana)<br \/>\n\ud83d\udd54 17:00 h (tarde, con tertulia y merienda \u2615\ud83c\udf6a)<\/p>\n<h3><span style=\"color: #008080\">\u00bfQu\u00e9 haremos?<\/span><\/h3>\n<p>Tendremos una merienda &#8211; tertulia donde os ense\u00f1aremos el centro, informaremos sobre el d\u00eda a d\u00eda del cole, c\u00f3mo trabajamos con las ni\u00f1as y los ni\u00f1os,&#8230;<\/p>\n<h3><span style=\"color: #008080\">\u00bfNo puedes venir ese d\u00eda?<\/span><\/h3>\n<p>No te preocupes, durante todo el mes de febrero te atenderemos en horario de ma\u00f1ana y los lunes, tambi\u00e9n, por la tarde de 17:00 a 19:00. Conf\u00edrmanos tu cita por tel\u00e9fono o por e-mail.<\/p>\n<p>Descarga nuestro <a href=\"https:\/\/blogsaverroes.juntadeandalucia.es\/ceiplainmaculada\/files\/2025\/01\/24-25-Triptico-CEIP-LA-INMACULADA.pdf\"><strong>tr\u00edptico informativo<\/strong><\/a> \ud83d\udcc4 para conocer m\u00e1s sobre nuestros servicios y proyectos.<\/p>\n<p>&nbsp;<\/p>\n<p><a href=\"https:\/\/blogsaverroes.juntadeandalucia.es\/ceiplainmaculada\/files\/2025\/01\/1.png\"><img fetchpriority=\"high\" decoding=\"async\" class=\"aligncenter size-full wp-image-11882\" src=\"https:\/\/blogsaverroes.juntadeandalucia.es\/ceiplainmaculada\/files\/2025\/01\/1.png\" alt=\"\" width=\"2000\" height=\"1414\" srcset=\"https:\/\/blogsaverroes.juntadeandalucia.es\/ceiplainmaculada\/files\/2025\/01\/1.png 1600w, https:\/\/blogsaverroes.juntadeandalucia.es\/ceiplainmaculada\/files\/2025\/01\/1-300x212.png 300w, https:\/\/blogsaverroes.juntadeandalucia.es\/ceiplainmaculada\/files\/2025\/01\/1-1024x724.png 1024w, https:\/\/blogsaverroes.juntadeandalucia.es\/ceiplainmaculada\/files\/2025\/01\/1-768x543.png 768w, https:\/\/blogsaverroes.juntadeandalucia.es\/ceiplainmaculada\/files\/2025\/01\/1-1536x1086.png 1536w\" sizes=\"(max-width: 2000px) 100vw, 2000px\" \/><\/a> <a href=\"https:\/\/blogsaverroes.juntadeandalucia.es\/ceiplainmaculada\/files\/2025\/01\/2.png\"><img decoding=\"async\" class=\"aligncenter size-full wp-image-11883\" src=\"https:\/\/blogsaverroes.juntadeandalucia.es\/ceiplainmaculada\/files\/2025\/01\/2.png\" alt=\"\" width=\"2000\" height=\"1414\" srcset=\"https:\/\/blogsaverroes.juntadeandalucia.es\/ceiplainmaculada\/files\/2025\/01\/2.png 2000w, https:\/\/blogsaverroes.juntadeandalucia.es\/ceiplainmaculada\/files\/2025\/01\/2-300x212.png 300w, https:\/\/blogsaverroes.juntadeandalucia.es\/ceiplainmaculada\/files\/2025\/01\/2-1024x724.png 1024w, https:\/\/blogsaverroes.juntadeandalucia.es\/ceiplainmaculada\/files\/2025\/01\/2-768x543.png 768w, https:\/\/blogsaverroes.juntadeandalucia.es\/ceiplainmaculada\/files\/2025\/01\/2-1536x1086.png 1536w\" sizes=\"(max-width: 2000px) 100vw, 2000px\" \/><\/a><\/p>\n<p>&nbsp;<\/p>\n<p>&nbsp;<\/p>\n","protected":false},"excerpt":{"rendered":"<p>#CON\u00d3CENOS En CEIP La Inmaculada apostamos por el aprendizaje innovador, el crecimiento en comunidad y un ambiente donde cada ni\u00f1o y ni\u00f1a se sienta feliz y motivado. \ud83c\udf92\ud83d\udca1 \ud83c\udfb8 \u00a1Aprendemos con m\u00fasica! Nuestro Proyecto Ukelele&#46;&#46;&#46;<\/p>\n","protected":false},"author":3031,"featured_media":11887,"comment_status":"open","ping_status":"open","sticky":false,"template":"","format":"standard","meta":{"ngg_post_thumbnail":0,"footnotes":""},"categories":[2239848],"tags":[],"aioseo_notices":[],"_links":{"self":[{"href":"https:\/\/blogsaverroes.juntadeandalucia.es\/ceiplainmaculada\/wp-json\/wp\/v2\/posts\/11881"}],"collection":[{"href":"https:\/\/blogsaverroes.juntadeandalucia.es\/ceiplainmaculada\/wp-json\/wp\/v2\/posts"}],"about":[{"href":"https:\/\/blogsaverroes.juntadeandalucia.es\/ceiplainmaculada\/wp-json\/wp\/v2\/types\/post"}],"author":[{"embeddable":true,"href":"https:\/\/blogsaverroes.juntadeandalucia.es\/ceiplainmaculada\/wp-json\/wp\/v2\/users\/3031"}],"replies":[{"embeddable":true,"href":"https:\/\/blogsaverroes.juntadeandalucia.es\/ceiplainmaculada\/wp-json\/wp\/v2\/comments?post=11881"}],"version-history":[{"count":1,"href":"https:\/\/blogsaverroes.juntadeandalucia.es\/ceiplainmaculada\/wp-json\/wp\/v2\/posts\/11881\/revisions"}],"predecessor-version":[{"id":11885,"href":"https:\/\/blogsaverroes.juntadeandalucia.es\/ceiplainmaculada\/wp-json\/wp\/v2\/posts\/11881\/revisions\/11885"}],"wp:featuredmedia":[{"embeddable":true,"href":"https:\/\/blogsaverroes.juntadeandalucia.es\/ceiplainmaculada\/wp-json\/wp\/v2\/media\/11887"}],"wp:attachment":[{"href":"https:\/\/blogsaverroes.juntadeandalucia.es\/ceiplainmaculada\/wp-json\/wp\/v2\/media?parent=11881"}],"wp:term":[{"taxonomy":"category","embeddable":true,"href":"https:\/\/blogsaverroes.juntadeandalucia.es\/ceiplainmaculada\/wp-json\/wp\/v2\/categories?post=11881"},{"taxonomy":"post_tag","embeddable":true,"href":"https:\/\/blogsaverroes.juntadeandalucia.es\/ceiplainmaculada\/wp-json\/wp\/v2\/tags?post=11881"}],"curies":[{"name":"wp","href":"https:\/\/api.w.org\/{rel}","templated":true}]}}