{"id":12053,"date":"2025-11-24T22:06:04","date_gmt":"2025-11-24T22:06:04","guid":{"rendered":"https:\/\/blogsaverroes.juntadeandalucia.es\/ceiplainmaculada\/?p=12053"},"modified":"2025-11-24T22:07:48","modified_gmt":"2025-11-24T22:07:48","slug":"12053","status":"publish","type":"post","link":"https:\/\/blogsaverroes.juntadeandalucia.es\/ceiplainmaculada\/2025\/11\/24\/12053\/","title":{"rendered":"BIEN DE AMORES &#8211; VOCECILLAS AL VIENTO &#8211; 25N"},"content":{"rendered":"<p data-start=\"169\" data-end=\"210\">\ud83c\udf99\ufe0f <span style=\"color: #008000\"><strong data-start=\"173\" data-end=\"205\">Bien de amores: Especial 25N<\/strong><\/span> \u2764\ufe0f<\/p>\n<p data-start=\"212\" data-end=\"539\">Hoy, en nuestro podcast, el alumnado de 2\u00ba nos sorprende con un episodio muy especial: \u201cBien de amores\u201d. Con motivo del 25 de noviembre, D\u00eda contra la Violencia de G\u00e9nero, han decidido darle la vuelta a los refranes que escuchamos cada d\u00eda y que, muchas veces, poco tienen que ver con lo que el amor deber\u00eda ser realmente. \ud83d\udc9b<\/p>\n<p data-start=\"541\" data-end=\"810\">A trav\u00e9s de su creatividad y reflexi\u00f3n, nos muestran que el verdadero amor es respeto, igualdad, cuidado y afecto sincero. Un episodio lleno de ingenio, conciencia y mensajes positivos que nos invita a pensar, sentir y construir relaciones sanas desde la infancia. \ud83c\udf1f<\/p>\n<p data-start=\"812\" data-end=\"962\">\ud83d\udc49 Esc\u00fachalo completo en Spotify: <a href=\"https:\/\/open.spotify.com\/episode\/0glyKxQzT6QyeC8zwwjB0A?si=RFpZoA6-TlCRKwSx0WyjUQ\">Bien de amores \u2013 Especial 25N<\/a><\/p>\n<p data-start=\"964\" data-end=\"1044\">#SomosLaInmaculada #SomosCortadura #SomosEscuelaP\u00fablica #YoElijoLaP\u00fablica #25N<\/p>\n<p data-start=\"964\" data-end=\"1044\"><a href=\"https:\/\/blogsaverroes.juntadeandalucia.es\/ceiplainmaculada\/files\/2025\/11\/VAMO-A-ESCUCHA.jpg\"><img fetchpriority=\"high\" decoding=\"async\" class=\"aligncenter size-medium wp-image-12055\" src=\"https:\/\/blogsaverroes.juntadeandalucia.es\/ceiplainmaculada\/files\/2025\/11\/VAMO-A-ESCUCHA-300x300.jpg\" alt=\"\" width=\"300\" height=\"300\" srcset=\"https:\/\/blogsaverroes.juntadeandalucia.es\/ceiplainmaculada\/files\/2025\/11\/VAMO-A-ESCUCHA-300x300.jpg 300w, https:\/\/blogsaverroes.juntadeandalucia.es\/ceiplainmaculada\/files\/2025\/11\/VAMO-A-ESCUCHA-1024x1024.jpg 1024w, https:\/\/blogsaverroes.juntadeandalucia.es\/ceiplainmaculada\/files\/2025\/11\/VAMO-A-ESCUCHA-150x150.jpg 150w, https:\/\/blogsaverroes.juntadeandalucia.es\/ceiplainmaculada\/files\/2025\/11\/VAMO-A-ESCUCHA-768x768.jpg 768w, https:\/\/blogsaverroes.juntadeandalucia.es\/ceiplainmaculada\/files\/2025\/11\/VAMO-A-ESCUCHA-80x80.jpg 80w, https:\/\/blogsaverroes.juntadeandalucia.es\/ceiplainmaculada\/files\/2025\/11\/VAMO-A-ESCUCHA-320x320.jpg 320w, https:\/\/blogsaverroes.juntadeandalucia.es\/ceiplainmaculada\/files\/2025\/11\/VAMO-A-ESCUCHA.jpg 1080w\" sizes=\"(max-width: 300px) 100vw, 300px\" \/><\/a><\/p>\n","protected":false},"excerpt":{"rendered":"<p>\ud83c\udf99\ufe0f Bien de amores: Especial 25N \u2764\ufe0f Hoy, en nuestro podcast, el alumnado de 2\u00ba nos sorprende con un episodio muy especial: \u201cBien de amores\u201d. Con motivo del 25 de noviembre, D\u00eda contra la Violencia&#46;&#46;&#46;<\/p>\n","protected":false},"author":3031,"featured_media":12054,"comment_status":"open","ping_status":"open","sticky":false,"template":"","format":"standard","meta":{"ngg_post_thumbnail":0,"footnotes":""},"categories":[2239852],"tags":[],"aioseo_notices":[],"_links":{"self":[{"href":"https:\/\/blogsaverroes.juntadeandalucia.es\/ceiplainmaculada\/wp-json\/wp\/v2\/posts\/12053"}],"collection":[{"href":"https:\/\/blogsaverroes.juntadeandalucia.es\/ceiplainmaculada\/wp-json\/wp\/v2\/posts"}],"about":[{"href":"https:\/\/blogsaverroes.juntadeandalucia.es\/ceiplainmaculada\/wp-json\/wp\/v2\/types\/post"}],"author":[{"embeddable":true,"href":"https:\/\/blogsaverroes.juntadeandalucia.es\/ceiplainmaculada\/wp-json\/wp\/v2\/users\/3031"}],"replies":[{"embeddable":true,"href":"https:\/\/blogsaverroes.juntadeandalucia.es\/ceiplainmaculada\/wp-json\/wp\/v2\/comments?post=12053"}],"version-history":[{"count":4,"href":"https:\/\/blogsaverroes.juntadeandalucia.es\/ceiplainmaculada\/wp-json\/wp\/v2\/posts\/12053\/revisions"}],"predecessor-version":[{"id":12059,"href":"https:\/\/blogsaverroes.juntadeandalucia.es\/ceiplainmaculada\/wp-json\/wp\/v2\/posts\/12053\/revisions\/12059"}],"wp:featuredmedia":[{"embeddable":true,"href":"https:\/\/blogsaverroes.juntadeandalucia.es\/ceiplainmaculada\/wp-json\/wp\/v2\/media\/12054"}],"wp:attachment":[{"href":"https:\/\/blogsaverroes.juntadeandalucia.es\/ceiplainmaculada\/wp-json\/wp\/v2\/media?parent=12053"}],"wp:term":[{"taxonomy":"category","embeddable":true,"href":"https:\/\/blogsaverroes.juntadeandalucia.es\/ceiplainmaculada\/wp-json\/wp\/v2\/categories?post=12053"},{"taxonomy":"post_tag","embeddable":true,"href":"https:\/\/blogsaverroes.juntadeandalucia.es\/ceiplainmaculada\/wp-json\/wp\/v2\/tags?post=12053"}],"curies":[{"name":"wp","href":"https:\/\/api.w.org\/{rel}","templated":true}]}}