{"id":3872,"date":"2022-01-10T11:49:57","date_gmt":"2022-01-10T11:49:57","guid":{"rendered":"https:\/\/blogsaverroes.juntadeandalucia.es\/ceiplamolina\/?p=3872"},"modified":"2022-01-10T10:56:44","modified_gmt":"2022-01-10T10:56:44","slug":"feliz-navidad-educacion-primaria","status":"publish","type":"post","link":"https:\/\/blogsaverroes.juntadeandalucia.es\/ceiplamolina\/feliz-navidad-educacion-primaria\/","title":{"rendered":"FELIZ NAVIDAD: Educaci\u00f3n Primaria"},"content":{"rendered":"<h2 style=\"text-align: center\"><span style=\"color: #ff0000\"><strong>FELIZ NAVIDAD<\/strong><\/span><\/h2>\n<h2 style=\"text-align: center\"><span style=\"color: #ff0000\"><strong> <a href=\"https:\/\/blogsaverroes.juntadeandalucia.es\/ceiplamolina\/files\/2021\/12\/adorno-de-fiesta.png\"><img decoding=\"async\" class=\"alignnone wp-image-3854\" src=\"https:\/\/blogsaverroes.juntadeandalucia.es\/ceiplamolina\/files\/2021\/12\/adorno-de-fiesta-300x300.png\" alt=\"\" width=\"149\" height=\"149\" srcset=\"https:\/\/blogsaverroes.juntadeandalucia.es\/ceiplamolina\/files\/2021\/12\/adorno-de-fiesta-300x300.png 300w, https:\/\/blogsaverroes.juntadeandalucia.es\/ceiplamolina\/files\/2021\/12\/adorno-de-fiesta-150x150.png 150w, https:\/\/blogsaverroes.juntadeandalucia.es\/ceiplamolina\/files\/2021\/12\/adorno-de-fiesta-100x100.png 100w, https:\/\/blogsaverroes.juntadeandalucia.es\/ceiplamolina\/files\/2021\/12\/adorno-de-fiesta-24x24.png 24w, https:\/\/blogsaverroes.juntadeandalucia.es\/ceiplamolina\/files\/2021\/12\/adorno-de-fiesta-36x36.png 36w, https:\/\/blogsaverroes.juntadeandalucia.es\/ceiplamolina\/files\/2021\/12\/adorno-de-fiesta-48x48.png 48w, https:\/\/blogsaverroes.juntadeandalucia.es\/ceiplamolina\/files\/2021\/12\/adorno-de-fiesta.png 512w\" sizes=\"(max-width: 149px) 100vw, 149px\" \/><\/a><\/strong><\/span><\/h2>\n<p>&nbsp;<\/p>\n<p>Los alumnos y alumnas de Educaci\u00f3n Primaria del CEIP La Molina os desean una Feliz Navidad y un Pr\u00f3spero A\u00f1o 2022 con estos preciosos villancicos.<\/p>\n<h4><span style=\"color: #cc99ff\">1\u00ba de Educaci\u00f3n Primaria<\/span><\/h4>\n<p>&nbsp;<\/p>\n<p><iframe src=\"\/\/www.youtube.com\/embed\/mrYpzMbAClo\" width=\"560\" height=\"314\"><\/iframe><\/p>\n<p><iframe src=\"\/\/www.youtube.com\/embed\/PbSvX6kgTBk\" width=\"560\" height=\"314\"><\/iframe><\/p>\n<p>&nbsp;<\/p>\n<h4><span style=\"color: #cc99ff\">2\u00ba de Educaci\u00f3n Primaria<\/span><\/h4>\n<p>&nbsp;<\/p>\n<p><iframe src=\"\/\/www.youtube.com\/embed\/yBRJCSqFJtg\" width=\"560\" height=\"314\"><\/iframe><\/p>\n<p>&nbsp;<\/p>\n<h4><span style=\"color: #ffcc00\">3\u00ba de Educaci\u00f3n Primaria<\/span><\/h4>\n<p>&nbsp;<\/p>\n<p><iframe src=\"\/\/www.youtube.com\/embed\/2mHlSmfHdGw\" width=\"560\" height=\"314\"><\/iframe><\/p>\n<p>&nbsp;<\/p>\n<h4><span style=\"color: #ffcc00\">4\u00ba de Educaci\u00f3n Primaria<\/span><\/h4>\n<p>&nbsp;<\/p>\n<p><iframe src=\"\/\/www.youtube.com\/embed\/JI672mrDChE\" width=\"560\" height=\"314\"><\/iframe><\/p>\n<p>&nbsp;<\/p>\n<h4><span style=\"color: #3366ff\">5\u00ba de Educaci\u00f3n Primaria<\/span><\/h4>\n<p>&nbsp;<\/p>\n<p><iframe src=\"\/\/www.youtube.com\/embed\/n9GcbGwrRSY\" width=\"560\" height=\"314\"><\/iframe><\/p>\n<p>&nbsp;<\/p>\n<h4><span style=\"color: #3366ff\">6\u00ba de Educaci\u00f3n Primaria<\/span><\/h4>\n<p>&nbsp;<\/p>\n<p><iframe src=\"\/\/www.youtube.com\/embed\/hlxDiLPzmVY\" width=\"560\" height=\"314\"><\/iframe><\/p>\n","protected":false},"excerpt":{"rendered":"<p>FELIZ NAVIDAD &nbsp; Los alumnos y alumnas de Educaci\u00f3n Primaria del CEIP La Molina os desean una Feliz Navidad y un Pr\u00f3spero A\u00f1o 2022 con estos preciosos villancicos. 1\u00ba de Educaci\u00f3n Primaria &nbsp; &nbsp;&#46;&#46;&#46;<\/p>\n","protected":false},"author":11627,"featured_media":3853,"comment_status":"open","ping_status":"open","sticky":false,"template":"","format":"standard","meta":{"footnotes":""},"categories":[307390,526],"tags":[],"aioseo_notices":[],"_links":{"self":[{"href":"https:\/\/blogsaverroes.juntadeandalucia.es\/ceiplamolina\/wp-json\/wp\/v2\/posts\/3872"}],"collection":[{"href":"https:\/\/blogsaverroes.juntadeandalucia.es\/ceiplamolina\/wp-json\/wp\/v2\/posts"}],"about":[{"href":"https:\/\/blogsaverroes.juntadeandalucia.es\/ceiplamolina\/wp-json\/wp\/v2\/types\/post"}],"author":[{"embeddable":true,"href":"https:\/\/blogsaverroes.juntadeandalucia.es\/ceiplamolina\/wp-json\/wp\/v2\/users\/11627"}],"replies":[{"embeddable":true,"href":"https:\/\/blogsaverroes.juntadeandalucia.es\/ceiplamolina\/wp-json\/wp\/v2\/comments?post=3872"}],"version-history":[{"count":4,"href":"https:\/\/blogsaverroes.juntadeandalucia.es\/ceiplamolina\/wp-json\/wp\/v2\/posts\/3872\/revisions"}],"predecessor-version":[{"id":3876,"href":"https:\/\/blogsaverroes.juntadeandalucia.es\/ceiplamolina\/wp-json\/wp\/v2\/posts\/3872\/revisions\/3876"}],"wp:featuredmedia":[{"embeddable":true,"href":"https:\/\/blogsaverroes.juntadeandalucia.es\/ceiplamolina\/wp-json\/wp\/v2\/media\/3853"}],"wp:attachment":[{"href":"https:\/\/blogsaverroes.juntadeandalucia.es\/ceiplamolina\/wp-json\/wp\/v2\/media?parent=3872"}],"wp:term":[{"taxonomy":"category","embeddable":true,"href":"https:\/\/blogsaverroes.juntadeandalucia.es\/ceiplamolina\/wp-json\/wp\/v2\/categories?post=3872"},{"taxonomy":"post_tag","embeddable":true,"href":"https:\/\/blogsaverroes.juntadeandalucia.es\/ceiplamolina\/wp-json\/wp\/v2\/tags?post=3872"}],"curies":[{"name":"wp","href":"https:\/\/api.w.org\/{rel}","templated":true}]}}