{"id":4832,"date":"2023-11-02T11:19:08","date_gmt":"2023-11-02T11:19:08","guid":{"rendered":"https:\/\/blogsaverroes.juntadeandalucia.es\/ceiplamolina\/?p=4832"},"modified":"2023-11-06T08:26:31","modified_gmt":"2023-11-06T08:26:31","slug":"halloween-infantil-de-4-anos","status":"publish","type":"post","link":"https:\/\/blogsaverroes.juntadeandalucia.es\/ceiplamolina\/halloween-infantil-de-4-anos\/","title":{"rendered":"Halloween Infantil de 3, 4 y 5 a\u00f1os"},"content":{"rendered":"<p>&nbsp;<\/p>\n<p><a href=\"https:\/\/blogsaverroes.juntadeandalucia.es\/ceiplamolina\/files\/2021\/11\/pumpkin.png\"><img decoding=\"async\" class=\"wp-image-3691 alignleft\" src=\"https:\/\/blogsaverroes.juntadeandalucia.es\/ceiplamolina\/files\/2021\/11\/pumpkin.png\" alt=\"\" width=\"191\" height=\"191\" srcset=\"https:\/\/blogsaverroes.juntadeandalucia.es\/ceiplamolina\/files\/2021\/11\/pumpkin.png 512w, https:\/\/blogsaverroes.juntadeandalucia.es\/ceiplamolina\/files\/2021\/11\/pumpkin-300x300.png 300w, https:\/\/blogsaverroes.juntadeandalucia.es\/ceiplamolina\/files\/2021\/11\/pumpkin-150x150.png 150w, https:\/\/blogsaverroes.juntadeandalucia.es\/ceiplamolina\/files\/2021\/11\/pumpkin-100x100.png 100w, https:\/\/blogsaverroes.juntadeandalucia.es\/ceiplamolina\/files\/2021\/11\/pumpkin-24x24.png 24w, https:\/\/blogsaverroes.juntadeandalucia.es\/ceiplamolina\/files\/2021\/11\/pumpkin-36x36.png 36w, https:\/\/blogsaverroes.juntadeandalucia.es\/ceiplamolina\/files\/2021\/11\/pumpkin-48x48.png 48w\" sizes=\"(max-width: 191px) 100vw, 191px\" \/><\/a><\/p>\n<p>&nbsp;<\/p>\n<p>&nbsp;<\/p>\n<p style=\"text-align: justify\">Los alumnos y alumnas de Infantil de 3, 4 y 5 a\u00f1os os muestran los bonitos momentos vividos en la celebraci\u00f3n de Halloween, en nuestro centro, con estos preciosos v\u00eddeos.<\/p>\n<p style=\"text-align: justify\">Esperamos que os gusten.<\/p>\n<p>&nbsp;<\/p>\n<p>&nbsp;<\/p>\n<p style=\"text-align: center\"><iframe src=\"\/\/www.youtube.com\/embed\/q8nKMppNFgE\" width=\"560\" height=\"314\"><\/iframe><\/p>\n<p style=\"text-align: center\"><iframe src=\"\/\/www.youtube.com\/embed\/Q3KGXwnIrU4\" width=\"560\" height=\"314\"><\/iframe><\/p>\n<p style=\"text-align: center\"><iframe src=\"\/\/www.youtube.com\/embed\/dpbECiV0H_g\" width=\"560\" height=\"314\"><\/iframe><\/p>\n","protected":false},"excerpt":{"rendered":"<p>&nbsp; &nbsp; &nbsp; Los alumnos y alumnas de Infantil de 3, 4 y 5 a\u00f1os os muestran los bonitos momentos vividos en la celebraci\u00f3n de Halloween, en nuestro centro, con estos preciosos v\u00eddeos. Esperamos&#46;&#46;&#46;<\/p>\n","protected":false},"author":11627,"featured_media":3693,"comment_status":"open","ping_status":"open","sticky":false,"template":"","format":"standard","meta":{"footnotes":""},"categories":[25498,307390,526],"tags":[],"aioseo_notices":[],"_links":{"self":[{"href":"https:\/\/blogsaverroes.juntadeandalucia.es\/ceiplamolina\/wp-json\/wp\/v2\/posts\/4832"}],"collection":[{"href":"https:\/\/blogsaverroes.juntadeandalucia.es\/ceiplamolina\/wp-json\/wp\/v2\/posts"}],"about":[{"href":"https:\/\/blogsaverroes.juntadeandalucia.es\/ceiplamolina\/wp-json\/wp\/v2\/types\/post"}],"author":[{"embeddable":true,"href":"https:\/\/blogsaverroes.juntadeandalucia.es\/ceiplamolina\/wp-json\/wp\/v2\/users\/11627"}],"replies":[{"embeddable":true,"href":"https:\/\/blogsaverroes.juntadeandalucia.es\/ceiplamolina\/wp-json\/wp\/v2\/comments?post=4832"}],"version-history":[{"count":5,"href":"https:\/\/blogsaverroes.juntadeandalucia.es\/ceiplamolina\/wp-json\/wp\/v2\/posts\/4832\/revisions"}],"predecessor-version":[{"id":4837,"href":"https:\/\/blogsaverroes.juntadeandalucia.es\/ceiplamolina\/wp-json\/wp\/v2\/posts\/4832\/revisions\/4837"}],"wp:featuredmedia":[{"embeddable":true,"href":"https:\/\/blogsaverroes.juntadeandalucia.es\/ceiplamolina\/wp-json\/wp\/v2\/media\/3693"}],"wp:attachment":[{"href":"https:\/\/blogsaverroes.juntadeandalucia.es\/ceiplamolina\/wp-json\/wp\/v2\/media?parent=4832"}],"wp:term":[{"taxonomy":"category","embeddable":true,"href":"https:\/\/blogsaverroes.juntadeandalucia.es\/ceiplamolina\/wp-json\/wp\/v2\/categories?post=4832"},{"taxonomy":"post_tag","embeddable":true,"href":"https:\/\/blogsaverroes.juntadeandalucia.es\/ceiplamolina\/wp-json\/wp\/v2\/tags?post=4832"}],"curies":[{"name":"wp","href":"https:\/\/api.w.org\/{rel}","templated":true}]}}