{"id":4885,"date":"2023-12-01T10:59:03","date_gmt":"2023-12-01T10:59:03","guid":{"rendered":"https:\/\/blogsaverroes.juntadeandalucia.es\/ceiplamolina\/?p=4885"},"modified":"2023-12-01T10:59:03","modified_gmt":"2023-12-01T10:59:03","slug":"fosiles-de-esqueleto-infantil-4-anos","status":"publish","type":"post","link":"https:\/\/blogsaverroes.juntadeandalucia.es\/ceiplamolina\/fosiles-de-esqueleto-infantil-4-anos\/","title":{"rendered":"F\u00f3siles de Esqueleto. Infantil 4 a\u00f1os"},"content":{"rendered":"<p style=\"text-align: justify\">Los alumnos y alumnas de Infantil de 4 a\u00f1os A han dise\u00f1ado unos f\u00f3siles de esqueleto con pasta para modelar de secado al aire y para envejecerlos han aplicado un tinte natural.<\/p>\n<p style=\"text-align: justify\">Esta actividad se encuadra dentro del Proyecto \u00abCuerpo Humano\u00bb que estamos desarrollando en este primer trimestre.<\/p>\n<p style=\"text-align: justify\">Mirad que bonitos nos han quedado!!<\/p>\n<p>&nbsp;<\/p>\n<p style=\"text-align: center\"><iframe src=\"\/\/www.youtube.com\/embed\/yKy78ILPPW0\" width=\"560\" height=\"314\"><\/iframe><\/p>\n","protected":false},"excerpt":{"rendered":"<p>Los alumnos y alumnas de Infantil de 4 a\u00f1os A han dise\u00f1ado unos f\u00f3siles de esqueleto con pasta para modelar de secado al aire y para envejecerlos han aplicado un tinte natural. Esta actividad&#46;&#46;&#46;<\/p>\n","protected":false},"author":11627,"featured_media":4886,"comment_status":"open","ping_status":"open","sticky":false,"template":"","format":"standard","meta":{"footnotes":""},"categories":[25496,307390,526],"tags":[],"aioseo_notices":[],"_links":{"self":[{"href":"https:\/\/blogsaverroes.juntadeandalucia.es\/ceiplamolina\/wp-json\/wp\/v2\/posts\/4885"}],"collection":[{"href":"https:\/\/blogsaverroes.juntadeandalucia.es\/ceiplamolina\/wp-json\/wp\/v2\/posts"}],"about":[{"href":"https:\/\/blogsaverroes.juntadeandalucia.es\/ceiplamolina\/wp-json\/wp\/v2\/types\/post"}],"author":[{"embeddable":true,"href":"https:\/\/blogsaverroes.juntadeandalucia.es\/ceiplamolina\/wp-json\/wp\/v2\/users\/11627"}],"replies":[{"embeddable":true,"href":"https:\/\/blogsaverroes.juntadeandalucia.es\/ceiplamolina\/wp-json\/wp\/v2\/comments?post=4885"}],"version-history":[{"count":1,"href":"https:\/\/blogsaverroes.juntadeandalucia.es\/ceiplamolina\/wp-json\/wp\/v2\/posts\/4885\/revisions"}],"predecessor-version":[{"id":4887,"href":"https:\/\/blogsaverroes.juntadeandalucia.es\/ceiplamolina\/wp-json\/wp\/v2\/posts\/4885\/revisions\/4887"}],"wp:featuredmedia":[{"embeddable":true,"href":"https:\/\/blogsaverroes.juntadeandalucia.es\/ceiplamolina\/wp-json\/wp\/v2\/media\/4886"}],"wp:attachment":[{"href":"https:\/\/blogsaverroes.juntadeandalucia.es\/ceiplamolina\/wp-json\/wp\/v2\/media?parent=4885"}],"wp:term":[{"taxonomy":"category","embeddable":true,"href":"https:\/\/blogsaverroes.juntadeandalucia.es\/ceiplamolina\/wp-json\/wp\/v2\/categories?post=4885"},{"taxonomy":"post_tag","embeddable":true,"href":"https:\/\/blogsaverroes.juntadeandalucia.es\/ceiplamolina\/wp-json\/wp\/v2\/tags?post=4885"}],"curies":[{"name":"wp","href":"https:\/\/api.w.org\/{rel}","templated":true}]}}