{"id":4913,"date":"2023-12-13T09:08:16","date_gmt":"2023-12-13T09:08:16","guid":{"rendered":"https:\/\/blogsaverroes.juntadeandalucia.es\/ceiplamolina\/?p=4913"},"modified":"2023-12-13T09:11:09","modified_gmt":"2023-12-13T09:11:09","slug":"constitucion-infantil-23-24","status":"publish","type":"post","link":"https:\/\/blogsaverroes.juntadeandalucia.es\/ceiplamolina\/constitucion-infantil-23-24\/","title":{"rendered":"D\u00eda de la Constituci\u00f3n Infantil 23-24"},"content":{"rendered":"<p style=\"text-align: justify\"><span style=\"font-weight: 400\">Durante el d\u00eda de hoy, 4 de diciembre, los ni\u00f1os y ni\u00f1as de educaci\u00f3n infantil han celebrado el d\u00eda de la Constituci\u00f3n Espa\u00f1ola elaborando un bonito mural que conmemora el 25 aniversario de la misma y realizando diversos talleres, en el patio de recreo, donde se han divertido mucho.<\/span><\/p>\n<p style=\"text-align: center\"><iframe src=\"\/\/www.youtube.com\/embed\/zfMxA4W24Aw\" width=\"560\" height=\"314\"><\/iframe><\/p>\n","protected":false},"excerpt":{"rendered":"<p>Durante el d\u00eda de hoy, 4 de diciembre, los ni\u00f1os y ni\u00f1as de educaci\u00f3n infantil han celebrado el d\u00eda de la Constituci\u00f3n Espa\u00f1ola elaborando un bonito mural que conmemora el 25 aniversario de la&#46;&#46;&#46;<\/p>\n","protected":false},"author":11627,"featured_media":4914,"comment_status":"open","ping_status":"open","sticky":false,"template":"","format":"standard","meta":{"footnotes":""},"categories":[25496,307390,526],"tags":[],"aioseo_notices":[],"_links":{"self":[{"href":"https:\/\/blogsaverroes.juntadeandalucia.es\/ceiplamolina\/wp-json\/wp\/v2\/posts\/4913"}],"collection":[{"href":"https:\/\/blogsaverroes.juntadeandalucia.es\/ceiplamolina\/wp-json\/wp\/v2\/posts"}],"about":[{"href":"https:\/\/blogsaverroes.juntadeandalucia.es\/ceiplamolina\/wp-json\/wp\/v2\/types\/post"}],"author":[{"embeddable":true,"href":"https:\/\/blogsaverroes.juntadeandalucia.es\/ceiplamolina\/wp-json\/wp\/v2\/users\/11627"}],"replies":[{"embeddable":true,"href":"https:\/\/blogsaverroes.juntadeandalucia.es\/ceiplamolina\/wp-json\/wp\/v2\/comments?post=4913"}],"version-history":[{"count":2,"href":"https:\/\/blogsaverroes.juntadeandalucia.es\/ceiplamolina\/wp-json\/wp\/v2\/posts\/4913\/revisions"}],"predecessor-version":[{"id":4916,"href":"https:\/\/blogsaverroes.juntadeandalucia.es\/ceiplamolina\/wp-json\/wp\/v2\/posts\/4913\/revisions\/4916"}],"wp:featuredmedia":[{"embeddable":true,"href":"https:\/\/blogsaverroes.juntadeandalucia.es\/ceiplamolina\/wp-json\/wp\/v2\/media\/4914"}],"wp:attachment":[{"href":"https:\/\/blogsaverroes.juntadeandalucia.es\/ceiplamolina\/wp-json\/wp\/v2\/media?parent=4913"}],"wp:term":[{"taxonomy":"category","embeddable":true,"href":"https:\/\/blogsaverroes.juntadeandalucia.es\/ceiplamolina\/wp-json\/wp\/v2\/categories?post=4913"},{"taxonomy":"post_tag","embeddable":true,"href":"https:\/\/blogsaverroes.juntadeandalucia.es\/ceiplamolina\/wp-json\/wp\/v2\/tags?post=4913"}],"curies":[{"name":"wp","href":"https:\/\/api.w.org\/{rel}","templated":true}]}}