{"id":1479,"date":"2023-12-15T13:38:38","date_gmt":"2023-12-15T12:38:38","guid":{"rendered":"https:\/\/blogsaverroes.juntadeandalucia.es\/ceiplanoria\/?p=1479"},"modified":"2023-12-15T13:38:38","modified_gmt":"2023-12-15T12:38:38","slug":"programa-de-refuerzo-orientacion-y-apoyo-proa","status":"publish","type":"post","link":"https:\/\/blogsaverroes.juntadeandalucia.es\/ceiplanoria\/programa-de-refuerzo-orientacion-y-apoyo-proa\/","title":{"rendered":"Programa de refuerzo, Orientaci\u00f3n y Apoyo (PROA)"},"content":{"rendered":"<p>Durante el curso 23\/24, en nuestro centro, se van a impartir dos modalidades de este programa:<\/p>\n<p>Acompa\u00f1amiento Escolar (refuerzo educativo en matem\u00e1ticas, lengua y vida saludable)<\/p>\n<p>Acompa\u00f1amiento Ling\u00fc\u00edstico&nbsp; para inmigrantes<\/p>\n<p>Ambos programas son para alumnado que cumpla las caracter\u00edsticas que especifica la Normativa, para ello, hay una comisi\u00f3n creada en el centro, el alumnado, por tanto, es seleccionado a petici\u00f3n de los Equipos Docentes y tienen que estar escolarizados en 3\u00ba, 4\u00ba, 5\u00ba o 6\u00ba de primaria.<\/p>\n<p>El horario es martes y jueves de 16:00 a 19:00 para Acompa\u00f1amiento escolar y martes de 16:00 a 18:00 para Acompa\u00f1amiento ling\u00fc\u00edstico.<\/p>\n<p>El profesorado que lo imparte, es profesorado de nuestro centro.<\/p>\n<p>Son programas cofinanciados con FONDO SOCIAL EUROPEO PLUS<\/p>\n","protected":false},"excerpt":{"rendered":"<p>Durante el curso 23\/24, en nuestro centro, se van a impartir dos modalidades de este programa: Acompa\u00f1amiento Escolar (refuerzo educativo en matem\u00e1ticas, lengua y vida saludable) Acompa\u00f1amiento Ling\u00fc\u00edstico&nbsp; para inmigrantes Ambos programas son para&#46;&#46;&#46;<\/p>\n","protected":false},"author":5935,"featured_media":1480,"comment_status":"open","ping_status":"open","sticky":false,"template":"","format":"standard","meta":{"ngg_post_thumbnail":0,"footnotes":""},"categories":[33096],"tags":[1739627],"aioseo_notices":[],"_links":{"self":[{"href":"https:\/\/blogsaverroes.juntadeandalucia.es\/ceiplanoria\/wp-json\/wp\/v2\/posts\/1479"}],"collection":[{"href":"https:\/\/blogsaverroes.juntadeandalucia.es\/ceiplanoria\/wp-json\/wp\/v2\/posts"}],"about":[{"href":"https:\/\/blogsaverroes.juntadeandalucia.es\/ceiplanoria\/wp-json\/wp\/v2\/types\/post"}],"author":[{"embeddable":true,"href":"https:\/\/blogsaverroes.juntadeandalucia.es\/ceiplanoria\/wp-json\/wp\/v2\/users\/5935"}],"replies":[{"embeddable":true,"href":"https:\/\/blogsaverroes.juntadeandalucia.es\/ceiplanoria\/wp-json\/wp\/v2\/comments?post=1479"}],"version-history":[{"count":1,"href":"https:\/\/blogsaverroes.juntadeandalucia.es\/ceiplanoria\/wp-json\/wp\/v2\/posts\/1479\/revisions"}],"predecessor-version":[{"id":1481,"href":"https:\/\/blogsaverroes.juntadeandalucia.es\/ceiplanoria\/wp-json\/wp\/v2\/posts\/1479\/revisions\/1481"}],"wp:featuredmedia":[{"embeddable":true,"href":"https:\/\/blogsaverroes.juntadeandalucia.es\/ceiplanoria\/wp-json\/wp\/v2\/media\/1480"}],"wp:attachment":[{"href":"https:\/\/blogsaverroes.juntadeandalucia.es\/ceiplanoria\/wp-json\/wp\/v2\/media?parent=1479"}],"wp:term":[{"taxonomy":"category","embeddable":true,"href":"https:\/\/blogsaverroes.juntadeandalucia.es\/ceiplanoria\/wp-json\/wp\/v2\/categories?post=1479"},{"taxonomy":"post_tag","embeddable":true,"href":"https:\/\/blogsaverroes.juntadeandalucia.es\/ceiplanoria\/wp-json\/wp\/v2\/tags?post=1479"}],"curies":[{"name":"wp","href":"https:\/\/api.w.org\/{rel}","templated":true}]}}