{"id":2252,"date":"2020-03-15T09:36:09","date_gmt":"2020-03-15T09:36:09","guid":{"rendered":"https:\/\/blogsaverroes.juntadeandalucia.es\/ceiplapurisimadejun\/?p=2252"},"modified":"2020-04-08T10:31:38","modified_gmt":"2020-04-08T10:31:38","slug":"coronavirus","status":"publish","type":"post","link":"https:\/\/blogsaverroes.juntadeandalucia.es\/ceiplapurisimadejun\/2020\/03\/15\/coronavirus\/","title":{"rendered":"CORONAVIRUS"},"content":{"rendered":"<table class=\"Bs nH iY bAt\" role=\"presentation\" cellpadding=\"0\">\n<tbody>\n<tr>\n<td class=\"Bu yM\">&nbsp;<\/td>\n<td class=\"Bu bAn\">\n<div class=\"nH if\">\n<div class=\"nH aHU\">\n<div class=\"nH hx\">\n<div class=\"nH\" role=\"list\">\n<div class=\"h7 ie nH oy8Mbf\" role=\"listitem\">\n<div class=\"Bk\">\n<div class=\"G3 G2\">\n<div>\n<div id=\":or\">\n<div class=\"adn ads\" data-message-id=\"#msg-f:1661220678762570400\" data-legacy-message-id=\"170dd767e32d22a0\">\n<div class=\"gs\">\n<div class=\"\">\n<div id=\":ou\" class=\"ii gt\">\n<div id=\":ot\" class=\"a3s aXjCH \">\n<div>\n<div dir=\"ltr\">\n<div dir=\"ltr\">Ante la inminente publicaci\u00f3n del Real Decreto por el que se declara el estado de alarma para la gesti\u00f3n de la situaci\u00f3n de crisis sanitaria ocasionada por el COVID-19, en la que entre otras consideraciones, ademas de la suspensi\u00f3n de la actividad educativa presencial, se contempla la suspensi\u00f3n de los plazos administrativos, la Consejer\u00eda de Educaci\u00f3n y Deporte de la Junta de Andaluc\u00eda ha adoptado las siguientes medidas, que se aplicar\u00e1n a partir del pr\u00f3ximo lunes 16 de marzo de 2020:<\/div>\n<div dir=\"ltr\">&nbsp;<\/div>\n<div dir=\"ltr\">1. Los centros educativos permanecer\u00e1n cerrados. El seguimiento de las actividades educativas se har\u00e1, cuando sea posible, &nbsp;por medios telem\u00e1ticos.<\/div>\n<div dir=\"ltr\">&nbsp;<\/div>\n<div dir=\"ltr\">2. Se habilitar\u00e1, a partir del mismo lunes, una herramienta que permite solicitar plaza escolar en las ense\u00f1anzas de r\u00e9gimen general de manera simplificada, necesitando tan solo el n\u00famero de DNI y un tel\u00e9fono m\u00f3vil, sin perjuicio de que se determinen nuevos plazos. Se entender\u00e1 por momento de presentaci\u00f3n de dichas solicitudes la fecha en que se reanude el plazo.<\/div>\n<div dir=\"ltr\">&nbsp;<\/div>\n<div dir=\"ltr\">3. El plazo establecido en el procedimiento para la reserva de plaza para continuar en escuelas infantiles de titularidad de la Junta de Andaluc\u00eda y en centros educativos de primer ciclo de educaci\u00f3n infantil p\u00fablicos y privados adheridos al Programa de ayuda a las familias, establecido del 15 al 31 de marzo, se suspende y se establecer\u00e1 uno nuevo.<\/div>\n<div class=\"yj6qo\">&nbsp;<\/div>\n<div class=\"adL\">&nbsp;<\/div>\n<\/div>\n<div class=\"adL\">&nbsp;<\/div>\n<div class=\"adL\" dir=\"ltr\">&nbsp;<\/div>\n<div class=\"adL\">&nbsp;<\/div>\n<\/div>\n<div class=\"adL\">&nbsp;<\/div>\n<\/div>\n<\/div>\n<div class=\"hi\">&nbsp;<\/div>\n<\/div>\n<\/div>\n<div class=\"ajx\">&nbsp;<\/div>\n<\/div>\n<div class=\"gA gt acV\">\n<div class=\"gB xu\">\n<div class=\"ip iq\">\n<div id=\":ov\">\n<table class=\"cf wS\" role=\"presentation\">\n<tbody>\n<tr>\n<td class=\"amq\"><img decoding=\"async\" id=\":n5_0\" class=\"ajn bofPge\" src=\"https:\/\/www.google.com\/s2\/u\/0\/photos\/private\/AIbEiAIAAABECIqg9M3nncG11QEiC3ZjYXJkX3Bob3RvKig4ZDk5MmYyOTY0MzZhN2Q3ODQ5ZTFjNjZkMjg3Zjg3MTIxMmNmZjIzMAFV0zg3jUwiFGvCj27LcQCIfm3rWQ?sz=40\" data-hovercard-id=\"jcarlosg72@gmail.com\"><\/td>\n<td class=\"amr\">\n<div class=\"nr wR\">\n<div class=\"amn\"><span id=\":oo\" class=\"ams bkH\" role=\"link\">Responder<\/span><span id=\":op\" class=\"ams bkI\" role=\"link\">Responder a todos<\/span><span id=\":oq\" class=\"ams bkG\" role=\"link\">Reenviar<\/span><\/div>\n<\/div>\n<\/td>\n<\/tr>\n<\/tbody>\n<\/table>\n<\/div>\n<\/div>\n<\/div>\n<\/div>\n<\/div>\n<\/div>\n<\/div>\n<\/div>\n<\/div>\n<\/div>\n<div class=\"nH\">&nbsp;<\/div>\n<div class=\"nH\">&nbsp;<\/div>\n<\/div>\n<\/div>\n<div class=\"nH\">\n<div class=\"l2 pfiaof\" role=\"contentinfo\">\n<div id=\":oj\" class=\"aeV\">\n<div>\n<div class=\"md mj\">\n<div>&nbsp;<\/div>\n<div class=\"aeW\">&nbsp;<\/div>\n<\/div>\n<\/div>\n<\/div>\n<div class=\"aeU\">\n<div id=\":oi\">\n<div>\n<div class=\"ma\">&nbsp;<\/div>\n<\/div>\n<\/div>\n<\/div>\n<div id=\":og\" class=\"ae3\">\n<div>\n<div class=\"l6\">\n<div>&nbsp;<\/div>\n<p>&nbsp;<\/p>\n<\/div>\n<\/div>\n<\/div>\n<div>&nbsp;<\/div>\n<\/div>\n<\/div>\n<\/div>\n<\/td>\n<td class=\"Bu yM\">\n<div class=\"Bt\">&nbsp;<\/div>\n<div class=\"nH\">\n<div class=\"no\">\n<div class=\"nH nn\">&nbsp;<\/div>\n<\/div>\n<\/div>\n<\/td>\n<\/tr>\n<\/tbody>\n<\/table>\n","protected":false},"excerpt":{"rendered":"<p>&nbsp; Ante la inminente publicaci\u00f3n del Real Decreto por el que se declara el estado de alarma para la gesti\u00f3n de la situaci\u00f3n de crisis sanitaria ocasionada por el COVID-19, en la que entre&#46;&#46;&#46;<\/p>\n","protected":false},"author":4034,"featured_media":0,"comment_status":"closed","ping_status":"open","sticky":false,"template":"","format":"standard","meta":{"ngg_post_thumbnail":0,"footnotes":""},"categories":[11909],"tags":[],"aioseo_notices":[],"_links":{"self":[{"href":"https:\/\/blogsaverroes.juntadeandalucia.es\/ceiplapurisimadejun\/wp-json\/wp\/v2\/posts\/2252"}],"collection":[{"href":"https:\/\/blogsaverroes.juntadeandalucia.es\/ceiplapurisimadejun\/wp-json\/wp\/v2\/posts"}],"about":[{"href":"https:\/\/blogsaverroes.juntadeandalucia.es\/ceiplapurisimadejun\/wp-json\/wp\/v2\/types\/post"}],"author":[{"embeddable":true,"href":"https:\/\/blogsaverroes.juntadeandalucia.es\/ceiplapurisimadejun\/wp-json\/wp\/v2\/users\/4034"}],"replies":[{"embeddable":true,"href":"https:\/\/blogsaverroes.juntadeandalucia.es\/ceiplapurisimadejun\/wp-json\/wp\/v2\/comments?post=2252"}],"version-history":[{"count":2,"href":"https:\/\/blogsaverroes.juntadeandalucia.es\/ceiplapurisimadejun\/wp-json\/wp\/v2\/posts\/2252\/revisions"}],"predecessor-version":[{"id":2254,"href":"https:\/\/blogsaverroes.juntadeandalucia.es\/ceiplapurisimadejun\/wp-json\/wp\/v2\/posts\/2252\/revisions\/2254"}],"wp:attachment":[{"href":"https:\/\/blogsaverroes.juntadeandalucia.es\/ceiplapurisimadejun\/wp-json\/wp\/v2\/media?parent=2252"}],"wp:term":[{"taxonomy":"category","embeddable":true,"href":"https:\/\/blogsaverroes.juntadeandalucia.es\/ceiplapurisimadejun\/wp-json\/wp\/v2\/categories?post=2252"},{"taxonomy":"post_tag","embeddable":true,"href":"https:\/\/blogsaverroes.juntadeandalucia.es\/ceiplapurisimadejun\/wp-json\/wp\/v2\/tags?post=2252"}],"curies":[{"name":"wp","href":"https:\/\/api.w.org\/{rel}","templated":true}]}}