{"id":1103,"date":"2021-05-01T22:14:25","date_gmt":"2021-05-01T21:14:25","guid":{"rendered":"https:\/\/blogsaverroes.juntadeandalucia.es\/ceiplarabida\/?p=1103"},"modified":"2021-05-18T18:48:54","modified_gmt":"2021-05-18T17:48:54","slug":"dia-del-libro","status":"publish","type":"post","link":"https:\/\/blogsaverroes.juntadeandalucia.es\/ceiplarabida\/dia-del-libro\/","title":{"rendered":"D\u00eda del Libro"},"content":{"rendered":"<p style=\"text-align: center\"><em><strong>&nbsp;&nbsp; &nbsp; &nbsp; &nbsp; &nbsp;<\/strong><\/em><\/p>\n<p><img loading=\"lazy\" decoding=\"async\" class=\"wp-image-1170 alignleft\" src=\"https:\/\/blogsaverroes.juntadeandalucia.es\/ceiplarabida\/files\/2021\/05\/logopactoestadocolor-300x230.png\" alt=\"\" width=\"103\" height=\"79\" srcset=\"https:\/\/blogsaverroes.juntadeandalucia.es\/ceiplarabida\/files\/2021\/05\/logopactoestadocolor-300x230.png 300w, https:\/\/blogsaverroes.juntadeandalucia.es\/ceiplarabida\/files\/2021\/05\/logopactoestadocolor-768x589.png 768w, https:\/\/blogsaverroes.juntadeandalucia.es\/ceiplarabida\/files\/2021\/05\/logopactoestadocolor-700x537.png 700w, https:\/\/blogsaverroes.juntadeandalucia.es\/ceiplarabida\/files\/2021\/05\/logopactoestadocolor-332x255.png 332w, https:\/\/blogsaverroes.juntadeandalucia.es\/ceiplarabida\/files\/2021\/05\/logopactoestadocolor.png 882w\" sizes=\"(max-width: 103px) 100vw, 103px\" \/><\/p>\n<p style=\"text-align: center\"><em><strong>SEMANA <\/strong><\/em><em><strong>DEL LIBRO EN EL CEIP. LA R\u00c1BIDA<\/strong><\/em><\/p>\n<p style=\"text-align: center\"><span style=\"font-size: 12pt\">Como cada a\u00f1o hemos celebrado nuestra tradicional Semana del Libro. Desde el Plan de Biblioteca se ha elaborado un completo programa a desarrollar durante toda la semana implicando a varias \u00e1reas y en colaboraci\u00f3n con todo el equipo educativo.<\/span><\/p>\n<p style=\"text-align: center\"><span style=\"font-size: 12pt\">Este a\u00f1o hemos colaborado con la Asociaci\u00f3n Monago en una actividad titulada Libros Libres y con el Ayuntamiento de la localidad en la elaboraci\u00f3n de Marcap\u00e1ginas.<\/span><\/p>\n<p style=\"text-align: center\"><span style=\"font-size: 12pt\">Nuestro programa de actividades contemplaba Tertulias Literarias dial\u00f3gicas contra la Violencia de G\u00e9nero, Recomiendo de libros preferidos, Microrrelatos y Cuentacuentos. Para esta \u00faltima actividad hemos contado con la colaboraci\u00f3n de antiguas compa\u00f1eras de trabajo que han asistido a nuestro centro para tal fin.<\/span><\/p>\n<p style=\"text-align: center\"><span style=\"font-size: 12pt\">Ha sido una semana llena de actividades relacionadas con la lectura y la escritura.<\/span><\/p>\n<p><iframe loading=\"lazy\" title=\"Semana del Libro- CdA La R\u00e1bida\" width=\"500\" height=\"281\" src=\"https:\/\/www.youtube.com\/embed\/74mv0WYb8_s?feature=oembed&#038;wmode=opaque\" frameborder=\"0\" allow=\"accelerometer; autoplay; clipboard-write; encrypted-media; gyroscope; picture-in-picture; web-share\" referrerpolicy=\"strict-origin-when-cross-origin\" allowfullscreen><\/iframe><\/p>\n<p>&nbsp;<\/p>\n<p>&nbsp;<\/p>\n<p><img loading=\"lazy\" decoding=\"async\" class=\"alignnone wp-image-1171\" src=\"https:\/\/blogsaverroes.juntadeandalucia.es\/ceiplarabida\/files\/2021\/05\/logo-pacto-de-estado-300x61.jpg\" alt=\"\" width=\"285\" height=\"57\" srcset=\"https:\/\/blogsaverroes.juntadeandalucia.es\/ceiplarabida\/files\/2021\/05\/logo-pacto-de-estado-300x61.jpg 300w, https:\/\/blogsaverroes.juntadeandalucia.es\/ceiplarabida\/files\/2021\/05\/logo-pacto-de-estado-1024x207.jpg 1024w, https:\/\/blogsaverroes.juntadeandalucia.es\/ceiplarabida\/files\/2021\/05\/logo-pacto-de-estado-768x155.jpg 768w, https:\/\/blogsaverroes.juntadeandalucia.es\/ceiplarabida\/files\/2021\/05\/logo-pacto-de-estado-1536x310.jpg 1536w, https:\/\/blogsaverroes.juntadeandalucia.es\/ceiplarabida\/files\/2021\/05\/logo-pacto-de-estado-2048x413.jpg 2048w, https:\/\/blogsaverroes.juntadeandalucia.es\/ceiplarabida\/files\/2021\/05\/logo-pacto-de-estado-700x141.jpg 700w, https:\/\/blogsaverroes.juntadeandalucia.es\/ceiplarabida\/files\/2021\/05\/logo-pacto-de-estado-332x67.jpg 332w\" sizes=\"(max-width: 285px) 100vw, 285px\" \/>&nbsp; &nbsp; &nbsp; &nbsp; &nbsp; <img loading=\"lazy\" decoding=\"async\" class=\"alignnone wp-image-1172\" src=\"https:\/\/blogsaverroes.juntadeandalucia.es\/ceiplarabida\/files\/2021\/05\/junta-300x170.png\" alt=\"\" width=\"141\" height=\"80\" srcset=\"https:\/\/blogsaverroes.juntadeandalucia.es\/ceiplarabida\/files\/2021\/05\/junta-300x170.png 300w, https:\/\/blogsaverroes.juntadeandalucia.es\/ceiplarabida\/files\/2021\/05\/junta-1024x579.png 1024w, https:\/\/blogsaverroes.juntadeandalucia.es\/ceiplarabida\/files\/2021\/05\/junta-768x434.png 768w, https:\/\/blogsaverroes.juntadeandalucia.es\/ceiplarabida\/files\/2021\/05\/junta-700x393.png 700w, https:\/\/blogsaverroes.juntadeandalucia.es\/ceiplarabida\/files\/2021\/05\/junta-332x188.png 332w, https:\/\/blogsaverroes.juntadeandalucia.es\/ceiplarabida\/files\/2021\/05\/junta.png 1200w\" sizes=\"(max-width: 141px) 100vw, 141px\" \/>&nbsp; &nbsp; &nbsp; &nbsp; &nbsp; &nbsp; &nbsp; &nbsp; &nbsp; &nbsp; &nbsp; &nbsp; &nbsp; &nbsp; &nbsp; &nbsp; &nbsp; &nbsp; &nbsp; &nbsp; &nbsp; &nbsp; &nbsp; &nbsp; &nbsp; &nbsp; &nbsp; &nbsp; &nbsp; &nbsp; &nbsp; &nbsp; &nbsp; &nbsp; &nbsp; &nbsp; &nbsp; &nbsp; &nbsp; &nbsp; &nbsp;<\/p>\n","protected":false},"excerpt":{"rendered":"<p>&nbsp;&nbsp; &nbsp; &nbsp; &nbsp; &nbsp; SEMANA DEL LIBRO EN EL CEIP. LA R\u00c1BIDA Como cada a\u00f1o hemos celebrado nuestra tradicional Semana del Libro. Desde el Plan de Biblioteca se ha elaborado un completo programa&#46;&#46;&#46;<\/p>\n","protected":false},"author":12974,"featured_media":1105,"comment_status":"open","ping_status":"open","sticky":false,"template":"","format":"standard","meta":{"ngg_post_thumbnail":0,"footnotes":""},"categories":[18,17,14],"tags":[],"aioseo_notices":[],"_links":{"self":[{"href":"https:\/\/blogsaverroes.juntadeandalucia.es\/ceiplarabida\/wp-json\/wp\/v2\/posts\/1103"}],"collection":[{"href":"https:\/\/blogsaverroes.juntadeandalucia.es\/ceiplarabida\/wp-json\/wp\/v2\/posts"}],"about":[{"href":"https:\/\/blogsaverroes.juntadeandalucia.es\/ceiplarabida\/wp-json\/wp\/v2\/types\/post"}],"author":[{"embeddable":true,"href":"https:\/\/blogsaverroes.juntadeandalucia.es\/ceiplarabida\/wp-json\/wp\/v2\/users\/12974"}],"replies":[{"embeddable":true,"href":"https:\/\/blogsaverroes.juntadeandalucia.es\/ceiplarabida\/wp-json\/wp\/v2\/comments?post=1103"}],"version-history":[{"count":5,"href":"https:\/\/blogsaverroes.juntadeandalucia.es\/ceiplarabida\/wp-json\/wp\/v2\/posts\/1103\/revisions"}],"predecessor-version":[{"id":1173,"href":"https:\/\/blogsaverroes.juntadeandalucia.es\/ceiplarabida\/wp-json\/wp\/v2\/posts\/1103\/revisions\/1173"}],"wp:featuredmedia":[{"embeddable":true,"href":"https:\/\/blogsaverroes.juntadeandalucia.es\/ceiplarabida\/wp-json\/wp\/v2\/media\/1105"}],"wp:attachment":[{"href":"https:\/\/blogsaverroes.juntadeandalucia.es\/ceiplarabida\/wp-json\/wp\/v2\/media?parent=1103"}],"wp:term":[{"taxonomy":"category","embeddable":true,"href":"https:\/\/blogsaverroes.juntadeandalucia.es\/ceiplarabida\/wp-json\/wp\/v2\/categories?post=1103"},{"taxonomy":"post_tag","embeddable":true,"href":"https:\/\/blogsaverroes.juntadeandalucia.es\/ceiplarabida\/wp-json\/wp\/v2\/tags?post=1103"}],"curies":[{"name":"wp","href":"https:\/\/api.w.org\/{rel}","templated":true}]}}