{"id":1388,"date":"2021-05-19T15:26:47","date_gmt":"2021-05-19T14:26:47","guid":{"rendered":"https:\/\/blogsaverroes.juntadeandalucia.es\/ceiplarabida\/?p=1388"},"modified":"2021-05-23T20:15:25","modified_gmt":"2021-05-23T19:15:25","slug":"ser-amigo-es","status":"publish","type":"post","link":"https:\/\/blogsaverroes.juntadeandalucia.es\/ceiplarabida\/ser-amigo-es\/","title":{"rendered":"Ser amigo es&#8230;"},"content":{"rendered":"<p>El colegio CEIP. La R\u00e1bida ha realizado durante todo el a\u00f1o diversas actividades enfocadas al trabajo de la amistad, el buen trato y la resoluci\u00f3n dial\u00f3gica de los conflictos. Hemos realizado tertulias literarias, asambleas de aula, elaborado nuestro lema de aula, todo ello con un objetivo com\u00fan mejorar la Convivencia Escolar.<\/p>\n<p>Mostramos uno de los libros elaborados por el alumnado.<a href=\"https:\/\/issuu.com\/ceiplarabidaelcampillo\/docs\/libro_amistad_5_\"><img loading=\"lazy\" decoding=\"async\" class=\"size-medium wp-image-1389 alignleft\" src=\"https:\/\/blogsaverroes.juntadeandalucia.es\/ceiplarabida\/files\/2021\/05\/libro-sobre-la-amistad-5-195x300.png\" alt=\"\" width=\"195\" height=\"300\"><\/a><\/p>\n<p><a href=\"https:\/\/issuu.com\/ceiplarabidaelcampillo\/docs\/libro_amistad_5_\">Ser un amigo es&#8230;<\/a><\/p>\n","protected":false},"excerpt":{"rendered":"<p>El colegio CEIP. La R\u00e1bida ha realizado durante todo el a\u00f1o diversas actividades enfocadas al trabajo de la amistad, el buen trato y la resoluci\u00f3n dial\u00f3gica de los conflictos. Hemos realizado tertulias literarias, asambleas&#46;&#46;&#46;<\/p>\n","protected":false},"author":12974,"featured_media":1389,"comment_status":"open","ping_status":"open","sticky":false,"template":"","format":"standard","meta":{"ngg_post_thumbnail":0,"footnotes":""},"categories":[3],"tags":[],"aioseo_notices":[],"_links":{"self":[{"href":"https:\/\/blogsaverroes.juntadeandalucia.es\/ceiplarabida\/wp-json\/wp\/v2\/posts\/1388"}],"collection":[{"href":"https:\/\/blogsaverroes.juntadeandalucia.es\/ceiplarabida\/wp-json\/wp\/v2\/posts"}],"about":[{"href":"https:\/\/blogsaverroes.juntadeandalucia.es\/ceiplarabida\/wp-json\/wp\/v2\/types\/post"}],"author":[{"embeddable":true,"href":"https:\/\/blogsaverroes.juntadeandalucia.es\/ceiplarabida\/wp-json\/wp\/v2\/users\/12974"}],"replies":[{"embeddable":true,"href":"https:\/\/blogsaverroes.juntadeandalucia.es\/ceiplarabida\/wp-json\/wp\/v2\/comments?post=1388"}],"version-history":[{"count":2,"href":"https:\/\/blogsaverroes.juntadeandalucia.es\/ceiplarabida\/wp-json\/wp\/v2\/posts\/1388\/revisions"}],"predecessor-version":[{"id":1391,"href":"https:\/\/blogsaverroes.juntadeandalucia.es\/ceiplarabida\/wp-json\/wp\/v2\/posts\/1388\/revisions\/1391"}],"wp:featuredmedia":[{"embeddable":true,"href":"https:\/\/blogsaverroes.juntadeandalucia.es\/ceiplarabida\/wp-json\/wp\/v2\/media\/1389"}],"wp:attachment":[{"href":"https:\/\/blogsaverroes.juntadeandalucia.es\/ceiplarabida\/wp-json\/wp\/v2\/media?parent=1388"}],"wp:term":[{"taxonomy":"category","embeddable":true,"href":"https:\/\/blogsaverroes.juntadeandalucia.es\/ceiplarabida\/wp-json\/wp\/v2\/categories?post=1388"},{"taxonomy":"post_tag","embeddable":true,"href":"https:\/\/blogsaverroes.juntadeandalucia.es\/ceiplarabida\/wp-json\/wp\/v2\/tags?post=1388"}],"curies":[{"name":"wp","href":"https:\/\/api.w.org\/{rel}","templated":true}]}}