{"id":1651,"date":"2022-03-14T17:24:04","date_gmt":"2022-03-14T16:24:04","guid":{"rendered":"https:\/\/blogsaverroes.juntadeandalucia.es\/ceiplarabida\/?p=1651"},"modified":"2022-03-14T17:24:04","modified_gmt":"2022-03-14T16:24:04","slug":"primeros-auxilios","status":"publish","type":"post","link":"https:\/\/blogsaverroes.juntadeandalucia.es\/ceiplarabida\/primeros-auxilios\/","title":{"rendered":"PRIMEROS AUXILIOS"},"content":{"rendered":"<p><span style=\"font-size: 12pt\">En la jornada de hoy, el alumnado de 5\u00ba y 6\u00ba de Primaria ha recibido una formaci\u00f3n sobre primeros auxilios. Pensamos que estos contenidos son muy importantes ya que pueden salvar vidas. Es por ello que desde el \u00e1rea de Educaci\u00f3n F\u00edsica y el Programa &#8220;Creciendo en Salud&#8221; se ha llevado a cabo esta formaci\u00f3n.\u00a0<\/span><\/p>\n<p><span style=\"font-size: 12pt\">Para ello, hemos contado con Sonia Ruiz, enfermera del Hospital de Riotinto que, de manera voluntaria, ha venido a ense\u00f1arnos la posici\u00f3n lateral de seguridad, la RCP b\u00e1sica y la maniobra de heimlich. El alumnado ha podido recibir una formaci\u00f3n tanto te\u00f3rica como pr\u00e1ctica.<\/span><\/p>\n<p><img loading=\"lazy\" decoding=\"async\" class=\"alignnone size-medium wp-image-1652\" src=\"https:\/\/blogsaverroes.juntadeandalucia.es\/ceiplarabida\/files\/2022\/03\/20220314_121341-300x169.jpg\" alt=\"\" width=\"300\" height=\"169\" srcset=\"https:\/\/blogsaverroes.juntadeandalucia.es\/ceiplarabida\/files\/2022\/03\/20220314_121341-300x169.jpg 300w, https:\/\/blogsaverroes.juntadeandalucia.es\/ceiplarabida\/files\/2022\/03\/20220314_121341-1024x576.jpg 1024w, https:\/\/blogsaverroes.juntadeandalucia.es\/ceiplarabida\/files\/2022\/03\/20220314_121341-768x432.jpg 768w, https:\/\/blogsaverroes.juntadeandalucia.es\/ceiplarabida\/files\/2022\/03\/20220314_121341-1536x864.jpg 1536w, https:\/\/blogsaverroes.juntadeandalucia.es\/ceiplarabida\/files\/2022\/03\/20220314_121341-2048x1152.jpg 2048w, https:\/\/blogsaverroes.juntadeandalucia.es\/ceiplarabida\/files\/2022\/03\/20220314_121341-700x393.jpg 700w, https:\/\/blogsaverroes.juntadeandalucia.es\/ceiplarabida\/files\/2022\/03\/20220314_121341-332x187.jpg 332w\" sizes=\"(max-width: 300px) 100vw, 300px\" \/> <img loading=\"lazy\" decoding=\"async\" class=\"alignnone size-medium wp-image-1653\" src=\"https:\/\/blogsaverroes.juntadeandalucia.es\/ceiplarabida\/files\/2022\/03\/20220314_122333-300x169.jpg\" alt=\"\" width=\"300\" height=\"169\" srcset=\"https:\/\/blogsaverroes.juntadeandalucia.es\/ceiplarabida\/files\/2022\/03\/20220314_122333-300x169.jpg 300w, https:\/\/blogsaverroes.juntadeandalucia.es\/ceiplarabida\/files\/2022\/03\/20220314_122333-1024x576.jpg 1024w, https:\/\/blogsaverroes.juntadeandalucia.es\/ceiplarabida\/files\/2022\/03\/20220314_122333-768x432.jpg 768w, https:\/\/blogsaverroes.juntadeandalucia.es\/ceiplarabida\/files\/2022\/03\/20220314_122333-1536x864.jpg 1536w, https:\/\/blogsaverroes.juntadeandalucia.es\/ceiplarabida\/files\/2022\/03\/20220314_122333-2048x1152.jpg 2048w, https:\/\/blogsaverroes.juntadeandalucia.es\/ceiplarabida\/files\/2022\/03\/20220314_122333-700x393.jpg 700w, https:\/\/blogsaverroes.juntadeandalucia.es\/ceiplarabida\/files\/2022\/03\/20220314_122333-332x187.jpg 332w\" sizes=\"(max-width: 300px) 100vw, 300px\" \/> <img loading=\"lazy\" decoding=\"async\" class=\"alignnone size-medium wp-image-1654\" src=\"https:\/\/blogsaverroes.juntadeandalucia.es\/ceiplarabida\/files\/2022\/03\/20220314_131950-300x169.jpg\" alt=\"\" width=\"300\" height=\"169\" srcset=\"https:\/\/blogsaverroes.juntadeandalucia.es\/ceiplarabida\/files\/2022\/03\/20220314_131950-300x169.jpg 300w, https:\/\/blogsaverroes.juntadeandalucia.es\/ceiplarabida\/files\/2022\/03\/20220314_131950-1024x576.jpg 1024w, https:\/\/blogsaverroes.juntadeandalucia.es\/ceiplarabida\/files\/2022\/03\/20220314_131950-768x432.jpg 768w, https:\/\/blogsaverroes.juntadeandalucia.es\/ceiplarabida\/files\/2022\/03\/20220314_131950-1536x864.jpg 1536w, https:\/\/blogsaverroes.juntadeandalucia.es\/ceiplarabida\/files\/2022\/03\/20220314_131950-2048x1152.jpg 2048w, https:\/\/blogsaverroes.juntadeandalucia.es\/ceiplarabida\/files\/2022\/03\/20220314_131950-700x393.jpg 700w, https:\/\/blogsaverroes.juntadeandalucia.es\/ceiplarabida\/files\/2022\/03\/20220314_131950-332x187.jpg 332w\" sizes=\"(max-width: 300px) 100vw, 300px\" \/> <img loading=\"lazy\" decoding=\"async\" class=\"alignnone size-medium wp-image-1655\" src=\"https:\/\/blogsaverroes.juntadeandalucia.es\/ceiplarabida\/files\/2022\/03\/20220314_132344-300x169.jpg\" alt=\"\" width=\"300\" height=\"169\" srcset=\"https:\/\/blogsaverroes.juntadeandalucia.es\/ceiplarabida\/files\/2022\/03\/20220314_132344-300x169.jpg 300w, https:\/\/blogsaverroes.juntadeandalucia.es\/ceiplarabida\/files\/2022\/03\/20220314_132344-1024x576.jpg 1024w, https:\/\/blogsaverroes.juntadeandalucia.es\/ceiplarabida\/files\/2022\/03\/20220314_132344-768x432.jpg 768w, https:\/\/blogsaverroes.juntadeandalucia.es\/ceiplarabida\/files\/2022\/03\/20220314_132344-1536x864.jpg 1536w, https:\/\/blogsaverroes.juntadeandalucia.es\/ceiplarabida\/files\/2022\/03\/20220314_132344-2048x1152.jpg 2048w, https:\/\/blogsaverroes.juntadeandalucia.es\/ceiplarabida\/files\/2022\/03\/20220314_132344-700x393.jpg 700w, https:\/\/blogsaverroes.juntadeandalucia.es\/ceiplarabida\/files\/2022\/03\/20220314_132344-332x187.jpg 332w\" sizes=\"(max-width: 300px) 100vw, 300px\" \/> <img loading=\"lazy\" decoding=\"async\" class=\"size-medium wp-image-1656 aligncenter\" src=\"https:\/\/blogsaverroes.juntadeandalucia.es\/ceiplarabida\/files\/2022\/03\/20220314_165630-300x255.jpg\" alt=\"\" width=\"300\" height=\"255\" srcset=\"https:\/\/blogsaverroes.juntadeandalucia.es\/ceiplarabida\/files\/2022\/03\/20220314_165630-300x255.jpg 300w, https:\/\/blogsaverroes.juntadeandalucia.es\/ceiplarabida\/files\/2022\/03\/20220314_165630-1024x869.jpg 1024w, https:\/\/blogsaverroes.juntadeandalucia.es\/ceiplarabida\/files\/2022\/03\/20220314_165630-768x652.jpg 768w, https:\/\/blogsaverroes.juntadeandalucia.es\/ceiplarabida\/files\/2022\/03\/20220314_165630-1536x1303.jpg 1536w, https:\/\/blogsaverroes.juntadeandalucia.es\/ceiplarabida\/files\/2022\/03\/20220314_165630-2048x1738.jpg 2048w, https:\/\/blogsaverroes.juntadeandalucia.es\/ceiplarabida\/files\/2022\/03\/20220314_165630-700x594.jpg 700w, https:\/\/blogsaverroes.juntadeandalucia.es\/ceiplarabida\/files\/2022\/03\/20220314_165630-332x282.jpg 332w\" sizes=\"(max-width: 300px) 100vw, 300px\" \/><\/p>\n","protected":false},"excerpt":{"rendered":"<p>En la jornada de hoy, el alumnado de 5\u00ba y 6\u00ba de Primaria ha recibido una formaci\u00f3n sobre primeros auxilios. Pensamos que estos contenidos son muy importantes ya que pueden salvar vidas. Es por&#46;&#46;&#46;<\/p>\n","protected":false},"author":2394,"featured_media":1656,"comment_status":"open","ping_status":"open","sticky":false,"template":"","format":"standard","meta":{"ngg_post_thumbnail":0,"footnotes":""},"categories":[27,11],"tags":[],"aioseo_notices":[],"_links":{"self":[{"href":"https:\/\/blogsaverroes.juntadeandalucia.es\/ceiplarabida\/wp-json\/wp\/v2\/posts\/1651"}],"collection":[{"href":"https:\/\/blogsaverroes.juntadeandalucia.es\/ceiplarabida\/wp-json\/wp\/v2\/posts"}],"about":[{"href":"https:\/\/blogsaverroes.juntadeandalucia.es\/ceiplarabida\/wp-json\/wp\/v2\/types\/post"}],"author":[{"embeddable":true,"href":"https:\/\/blogsaverroes.juntadeandalucia.es\/ceiplarabida\/wp-json\/wp\/v2\/users\/2394"}],"replies":[{"embeddable":true,"href":"https:\/\/blogsaverroes.juntadeandalucia.es\/ceiplarabida\/wp-json\/wp\/v2\/comments?post=1651"}],"version-history":[{"count":1,"href":"https:\/\/blogsaverroes.juntadeandalucia.es\/ceiplarabida\/wp-json\/wp\/v2\/posts\/1651\/revisions"}],"predecessor-version":[{"id":1657,"href":"https:\/\/blogsaverroes.juntadeandalucia.es\/ceiplarabida\/wp-json\/wp\/v2\/posts\/1651\/revisions\/1657"}],"wp:featuredmedia":[{"embeddable":true,"href":"https:\/\/blogsaverroes.juntadeandalucia.es\/ceiplarabida\/wp-json\/wp\/v2\/media\/1656"}],"wp:attachment":[{"href":"https:\/\/blogsaverroes.juntadeandalucia.es\/ceiplarabida\/wp-json\/wp\/v2\/media?parent=1651"}],"wp:term":[{"taxonomy":"category","embeddable":true,"href":"https:\/\/blogsaverroes.juntadeandalucia.es\/ceiplarabida\/wp-json\/wp\/v2\/categories?post=1651"},{"taxonomy":"post_tag","embeddable":true,"href":"https:\/\/blogsaverroes.juntadeandalucia.es\/ceiplarabida\/wp-json\/wp\/v2\/tags?post=1651"}],"curies":[{"name":"wp","href":"https:\/\/api.w.org\/{rel}","templated":true}]}}