{"id":1714,"date":"2021-12-03T15:12:45","date_gmt":"2021-12-03T14:12:45","guid":{"rendered":"https:\/\/blogsaverroes.juntadeandalucia.es\/ceiplarabida\/?p=1714"},"modified":"2022-03-20T15:46:02","modified_gmt":"2022-03-20T14:46:02","slug":"dia-de-la-discapacidad","status":"publish","type":"post","link":"https:\/\/blogsaverroes.juntadeandalucia.es\/ceiplarabida\/dia-de-la-discapacidad\/","title":{"rendered":"D\u00eda de la Discapacidad"},"content":{"rendered":"<p style=\"text-align: center\">El 3 de diciembre se celebra el D\u00eda Internacional de las Personas con Discapacidad&nbsp;con el objetivo de promover los derechos y el bienestar de las personas con discapacidad en todos los \u00e1mbitos de la sociedad, as\u00ed como concienciar sobre su situaci\u00f3n en todos los aspectos de la vida.<\/p>\n<p><img loading=\"lazy\" decoding=\"async\" class=\"aligncenter size-medium wp-image-1716\" src=\"https:\/\/blogsaverroes.juntadeandalucia.es\/ceiplarabida\/files\/2022\/03\/12-03_dia-internacional-de-las-personas-con-discapacidad-300x200.jpg\" alt=\"\" width=\"300\" height=\"200\" srcset=\"https:\/\/blogsaverroes.juntadeandalucia.es\/ceiplarabida\/files\/2022\/03\/12-03_dia-internacional-de-las-personas-con-discapacidad-300x200.jpg 300w, https:\/\/blogsaverroes.juntadeandalucia.es\/ceiplarabida\/files\/2022\/03\/12-03_dia-internacional-de-las-personas-con-discapacidad.jpg 305w\" sizes=\"(max-width: 300px) 100vw, 300px\" \/><\/p>\n<p style=\"text-align: center\">En nuestro centro,&nbsp; hemos desarrollado actividades de apoyo a este colectivo haciendo visible al alumnado una de sus barreras, la comunicaci\u00f3n. Por ello, hemos acercado al aula la lengua de signos. Aida nos ha ense\u00f1ado nuestro nombre y expresiones de saludo habituales.<\/p>\n<div style=\"width: 640px;\" class=\"wp-video\"><!--[if lt IE 9]><script>document.createElement('video');<\/script><![endif]-->\n<video class=\"wp-video-shortcode\" id=\"video-1714-1\" width=\"640\" height=\"352\" preload=\"metadata\" controls=\"controls\"><source type=\"video\/mp4\" src=\"https:\/\/blogsaverroes.juntadeandalucia.es\/ceiplarabida\/files\/2022\/03\/VID-20211203-WA0009.mp4?_=1\" \/><a href=\"https:\/\/blogsaverroes.juntadeandalucia.es\/ceiplarabida\/files\/2022\/03\/VID-20211203-WA0009.mp4\">https:\/\/blogsaverroes.juntadeandalucia.es\/ceiplarabida\/files\/2022\/03\/VID-20211203-WA0009.mp4<\/a><\/video><\/div>\n<p>&nbsp;<\/p>\n","protected":false},"excerpt":{"rendered":"<p>El 3 de diciembre se celebra el D\u00eda Internacional de las Personas con Discapacidad&nbsp;con el objetivo de promover los derechos y el bienestar de las personas con discapacidad en todos los \u00e1mbitos de la&#46;&#46;&#46;<\/p>\n","protected":false},"author":12974,"featured_media":1716,"comment_status":"open","ping_status":"open","sticky":false,"template":"","format":"standard","meta":{"ngg_post_thumbnail":0,"footnotes":""},"categories":[27,18],"tags":[],"aioseo_notices":[],"_links":{"self":[{"href":"https:\/\/blogsaverroes.juntadeandalucia.es\/ceiplarabida\/wp-json\/wp\/v2\/posts\/1714"}],"collection":[{"href":"https:\/\/blogsaverroes.juntadeandalucia.es\/ceiplarabida\/wp-json\/wp\/v2\/posts"}],"about":[{"href":"https:\/\/blogsaverroes.juntadeandalucia.es\/ceiplarabida\/wp-json\/wp\/v2\/types\/post"}],"author":[{"embeddable":true,"href":"https:\/\/blogsaverroes.juntadeandalucia.es\/ceiplarabida\/wp-json\/wp\/v2\/users\/12974"}],"replies":[{"embeddable":true,"href":"https:\/\/blogsaverroes.juntadeandalucia.es\/ceiplarabida\/wp-json\/wp\/v2\/comments?post=1714"}],"version-history":[{"count":3,"href":"https:\/\/blogsaverroes.juntadeandalucia.es\/ceiplarabida\/wp-json\/wp\/v2\/posts\/1714\/revisions"}],"predecessor-version":[{"id":1721,"href":"https:\/\/blogsaverroes.juntadeandalucia.es\/ceiplarabida\/wp-json\/wp\/v2\/posts\/1714\/revisions\/1721"}],"wp:featuredmedia":[{"embeddable":true,"href":"https:\/\/blogsaverroes.juntadeandalucia.es\/ceiplarabida\/wp-json\/wp\/v2\/media\/1716"}],"wp:attachment":[{"href":"https:\/\/blogsaverroes.juntadeandalucia.es\/ceiplarabida\/wp-json\/wp\/v2\/media?parent=1714"}],"wp:term":[{"taxonomy":"category","embeddable":true,"href":"https:\/\/blogsaverroes.juntadeandalucia.es\/ceiplarabida\/wp-json\/wp\/v2\/categories?post=1714"},{"taxonomy":"post_tag","embeddable":true,"href":"https:\/\/blogsaverroes.juntadeandalucia.es\/ceiplarabida\/wp-json\/wp\/v2\/tags?post=1714"}],"curies":[{"name":"wp","href":"https:\/\/api.w.org\/{rel}","templated":true}]}}