{"id":1815,"date":"2022-03-21T21:15:39","date_gmt":"2022-03-21T20:15:39","guid":{"rendered":"https:\/\/blogsaverroes.juntadeandalucia.es\/ceiplarabida\/?p=1815"},"modified":"2022-03-21T21:30:39","modified_gmt":"2022-03-21T20:30:39","slug":"mi-cole-mi-castillo","status":"publish","type":"post","link":"https:\/\/blogsaverroes.juntadeandalucia.es\/ceiplarabida\/mi-cole-mi-castillo\/","title":{"rendered":"Mi cole, mi castillo"},"content":{"rendered":"<div style=\"width: 848px;\" class=\"wp-video\"><!--[if lt IE 9]><script>document.createElement('video');<\/script><![endif]-->\n<video class=\"wp-video-shortcode\" id=\"video-1815-1\" width=\"848\" height=\"480\" preload=\"metadata\" controls=\"controls\"><source type=\"video\/mp4\" src=\"https:\/\/blogsaverroes.juntadeandalucia.es\/ceiplarabida\/files\/2022\/03\/Video_20220321205851476_by_VideoShow_20220321205909203_s01.mp4?_=1\" \/><a href=\"https:\/\/blogsaverroes.juntadeandalucia.es\/ceiplarabida\/files\/2022\/03\/Video_20220321205851476_by_VideoShow_20220321205909203_s01.mp4\">https:\/\/blogsaverroes.juntadeandalucia.es\/ceiplarabida\/files\/2022\/03\/Video_20220321205851476_by_VideoShow_20220321205909203_s01.mp4<\/a><\/video><\/div>\n<p style=\"text-align: center\">Comenzamos el curso bajo el lema de Mi cole, mi castillo. Es una forma de expresar que todos y todas formamos parte de este&nbsp; gran centro y que dentro de \u00e9l nos sentimos protegidos y protegidas.<\/p>\n<p style=\"text-align: center\">Cada d\u00eda hemos ido creando un poquito de nuestro castillo, un espacio colaborativo de trabajo donde ni\u00f1os y ni\u00f1as, profesorado y familiares han unido su esfuerzo para dar forma a este gran proyecto.<\/p>\n<p style=\"text-align: center\">Un proyecto donde se fomenta la igualdad, el trabajo en equipo, el esfuerzo y la colaboraci\u00f3n de todos los que formamos parte de esta comunidad educativa del CEIP. La R\u00e1bida.<\/p>\n<p>&nbsp;<\/p>\n","protected":false},"excerpt":{"rendered":"<p>Comenzamos el curso bajo el lema de Mi cole, mi castillo. Es una forma de expresar que todos y todas formamos parte de este&nbsp; gran centro y que dentro de \u00e9l nos sentimos protegidos&#46;&#46;&#46;<\/p>\n","protected":false},"author":12974,"featured_media":1631,"comment_status":"open","ping_status":"open","sticky":false,"template":"","format":"standard","meta":{"ngg_post_thumbnail":0,"footnotes":""},"categories":[3],"tags":[],"aioseo_notices":[],"_links":{"self":[{"href":"https:\/\/blogsaverroes.juntadeandalucia.es\/ceiplarabida\/wp-json\/wp\/v2\/posts\/1815"}],"collection":[{"href":"https:\/\/blogsaverroes.juntadeandalucia.es\/ceiplarabida\/wp-json\/wp\/v2\/posts"}],"about":[{"href":"https:\/\/blogsaverroes.juntadeandalucia.es\/ceiplarabida\/wp-json\/wp\/v2\/types\/post"}],"author":[{"embeddable":true,"href":"https:\/\/blogsaverroes.juntadeandalucia.es\/ceiplarabida\/wp-json\/wp\/v2\/users\/12974"}],"replies":[{"embeddable":true,"href":"https:\/\/blogsaverroes.juntadeandalucia.es\/ceiplarabida\/wp-json\/wp\/v2\/comments?post=1815"}],"version-history":[{"count":2,"href":"https:\/\/blogsaverroes.juntadeandalucia.es\/ceiplarabida\/wp-json\/wp\/v2\/posts\/1815\/revisions"}],"predecessor-version":[{"id":1828,"href":"https:\/\/blogsaverroes.juntadeandalucia.es\/ceiplarabida\/wp-json\/wp\/v2\/posts\/1815\/revisions\/1828"}],"wp:featuredmedia":[{"embeddable":true,"href":"https:\/\/blogsaverroes.juntadeandalucia.es\/ceiplarabida\/wp-json\/wp\/v2\/media\/1631"}],"wp:attachment":[{"href":"https:\/\/blogsaverroes.juntadeandalucia.es\/ceiplarabida\/wp-json\/wp\/v2\/media?parent=1815"}],"wp:term":[{"taxonomy":"category","embeddable":true,"href":"https:\/\/blogsaverroes.juntadeandalucia.es\/ceiplarabida\/wp-json\/wp\/v2\/categories?post=1815"},{"taxonomy":"post_tag","embeddable":true,"href":"https:\/\/blogsaverroes.juntadeandalucia.es\/ceiplarabida\/wp-json\/wp\/v2\/tags?post=1815"}],"curies":[{"name":"wp","href":"https:\/\/api.w.org\/{rel}","templated":true}]}}