{"id":1867,"date":"2022-03-14T17:47:45","date_gmt":"2022-03-14T16:47:45","guid":{"rendered":"https:\/\/blogsaverroes.juntadeandalucia.es\/ceiplarabida\/?p=1867"},"modified":"2022-03-22T18:14:49","modified_gmt":"2022-03-22T17:14:49","slug":"1867-2","status":"publish","type":"post","link":"https:\/\/blogsaverroes.juntadeandalucia.es\/ceiplarabida\/1867-2\/","title":{"rendered":"Se buscan valientes&#8230;"},"content":{"rendered":"<p>En esta ocasi\u00f3n, el 14 de marzo, nuestros nervios e ilusi\u00f3n aumentan a\u00fan m\u00e1s ya que se acerca el momento de llegar a nuestra primera meta, poner en marcha en todo el centro a la vez \u201c<strong><em>El Club de los Valientes<\/em><\/strong>\u201d como mejor forma, demostrada cient\u00edficamente, de trabajar la <strong><em>Socializaci\u00f3n Preventiva de la Violencia de G\u00e9nero<\/em><\/strong> con el alumnado.<\/p>\n<p>Constituyendo \u201c<strong><em>El Club de los Valientes<\/em><\/strong>\u201d\u00a0 pretendemos:<\/p>\n<ul>\n<li>Concienciar al alumnado de la necesidad de tener un centro y una comunidad segura en los que crecer, aprender y relacionarse.<\/li>\n<li>Potenciar las <strong>actitudes<\/strong><strong> valientes <\/strong>(denuncia las situaciones de violencia, ayuda a la v\u00edctima y mostrar buen trato hacia los dem\u00e1s).<\/li>\n<li><strong>Socializar<\/strong> en el \u201c<strong>rechazo a quien trata mal<\/strong>&#8221; y en &#8220;<strong>tratar <\/strong><strong>bien<\/strong> <strong>a quien trata <\/strong><strong>bien<\/strong>&#8220;.<\/li>\n<li>Concienciar al alumnado de la <strong>necesidad de la intervenci\u00f3n de los testigos<\/strong> (bystander interventions).<\/li>\n<li>Crear un <strong>ambiente de solidaridad, de apoyo, <\/strong>en el que el alumnado se <strong>posicione siempre a favor de la v\u00ed<\/strong><strong>ctima<\/strong> y en contra de la violencia, la denuncie, sepa tratar bien a los dem\u00e1s y valore la amistad (<strong>fomentar el sentimiento de la amistad<\/strong>). Un ambiente en el que <strong>los compa\u00f1eros\/as ayuden y defiendan cuando alguien sea agredido<\/strong>.<\/li>\n<li><strong>Dotar<\/strong> al alumnado de <strong>formas de defenderse libres de violencia<\/strong>,<strong> proporcionar herramientas para que rechace los comportamientos de quienes tratan mal.<\/strong><\/li>\n<li><strong>Romper con la <\/strong><strong>\u201c<\/strong><strong>ley del silencio\u201d y cambiar el matiz de <\/strong><strong>\u201c<\/strong><strong>chivato\u201d por VALIENTE.<\/strong><\/li>\n<li><strong>Fomentar que lo <\/strong><strong>\u00e9<\/strong><strong>ticamente<\/strong><strong> bueno <\/strong>(LoE) (solidaridad, empat\u00eda, ..) <strong>sea<\/strong>, al mismo tiempo,<strong> lo atractivo y deseable <\/strong>(LoD). <strong>Dotar de atractivo a la no violencia<\/strong>. <strong>Dotando de atractivo a las personas con valores de igualdad y solidaridad que rechazan la violencia y se comprometen con la superaci\u00f3n de desigualdades<\/strong>. Hay que reforzarlos, apoyarlos, visibilizarlos, ya que esto contribuye a que estas personas sean tomadas como los <strong>referentes a seguir y de quienes desear rodearnos <\/strong>y logra que el resto del alumnado se posicione rechazando la violencia. Al mismo tiempo, se trata de <strong>vaciar de atractivo a las personas que adoptan comportamientos y actitudes violentas<\/strong> u opresivas, y <strong>generar un claro rechazo hacia dichas conductas<\/strong>.<\/li>\n<li>Educar y respetar el <strong>\u201cno es no\u201d<\/strong>.<\/li>\n<\/ul>\n<p>En nuestra formaci\u00f3n hacemos un repaso de \u201c<strong><em>El Club de los Valientes<\/em><\/strong>\u201d y presentamos la actividad que hemos elaborado para ponerlo en marcha. Est\u00e1 organizada en 4 sesiones, para las que proponemos utilizar tambi\u00e9n el horario de los <strong>Grupos Interactivos<\/strong> con el fin de realizar la actividad en <strong><em>Tutor\u00eda<\/em><\/strong> <strong><em>Compartida<\/em><\/strong> ya que cuantas m\u00e1s personas y m\u00e1s diversas sean m\u00e1s argumentos existir\u00e1n y en consecuencia mayor posibilidad de obtener <strong>consensos v\u00e1lidos para todos\/as <\/strong>\u00a0(la experiencia anterior fue muy enriquecedora).<\/p>\n<p><img loading=\"lazy\" decoding=\"async\" class=\"alignnone wp-image-1864\" src=\"https:\/\/blogsaverroes.juntadeandalucia.es\/ceiplarabida\/files\/2022\/03\/0DFB0093-37BF-42DB-A200-A91709675732-300x225.jpeg\" alt=\"\" width=\"612\" height=\"459\" srcset=\"https:\/\/blogsaverroes.juntadeandalucia.es\/ceiplarabida\/files\/2022\/03\/0DFB0093-37BF-42DB-A200-A91709675732-300x225.jpeg 300w, https:\/\/blogsaverroes.juntadeandalucia.es\/ceiplarabida\/files\/2022\/03\/0DFB0093-37BF-42DB-A200-A91709675732-1024x768.jpeg 1024w, https:\/\/blogsaverroes.juntadeandalucia.es\/ceiplarabida\/files\/2022\/03\/0DFB0093-37BF-42DB-A200-A91709675732-768x576.jpeg 768w, https:\/\/blogsaverroes.juntadeandalucia.es\/ceiplarabida\/files\/2022\/03\/0DFB0093-37BF-42DB-A200-A91709675732-1536x1152.jpeg 1536w, https:\/\/blogsaverroes.juntadeandalucia.es\/ceiplarabida\/files\/2022\/03\/0DFB0093-37BF-42DB-A200-A91709675732-2048x1536.jpeg 2048w, https:\/\/blogsaverroes.juntadeandalucia.es\/ceiplarabida\/files\/2022\/03\/0DFB0093-37BF-42DB-A200-A91709675732-700x525.jpeg 700w, https:\/\/blogsaverroes.juntadeandalucia.es\/ceiplarabida\/files\/2022\/03\/0DFB0093-37BF-42DB-A200-A91709675732-332x249.jpeg 332w\" sizes=\"(max-width: 612px) 100vw, 612px\" \/><\/p>\n<p>Con la 1\u00aa sesi\u00f3n pretendemos <strong><em>consensuar<\/em><\/strong> qu\u00e9 <strong>actitudes son valientes<\/strong> y qu\u00e9 <strong>actitudes son cobardes<\/strong>. Siempre dejando claro que <strong>no<\/strong> podemos <strong>etiquetar a los agresores<\/strong>, <strong>no<\/strong> podemos <strong>condenar a las personas en vez de los hechos y las actitudes violentas<\/strong>. Siempre tenemos que tener muy claro que <strong>no rechazamos a la persona pero s\u00ed a su conducta violenta<\/strong>.<\/p>\n<p>La llevaremos a cabo durante dos semanas y ya desde que comencemos, cada vez que ocurra una actitud violenta, no dejaremos de reflexionar sobre qu\u00e9 tipo de actitud hemos presenciado, c\u00f3mo hemos actuado o deber\u00edamos haber actuado ante ella y qu\u00e9 tipo de actitud ha sido esa actuaci\u00f3n.<\/p>\n<p><img loading=\"lazy\" decoding=\"async\" class=\"wp-image-1865 aligncenter\" src=\"https:\/\/blogsaverroes.juntadeandalucia.es\/ceiplarabida\/files\/2022\/03\/94D176A8-2726-44DB-B506-487198FECE24-300x225.jpeg\" alt=\"\" width=\"533\" height=\"400\" srcset=\"https:\/\/blogsaverroes.juntadeandalucia.es\/ceiplarabida\/files\/2022\/03\/94D176A8-2726-44DB-B506-487198FECE24-300x225.jpeg 300w, https:\/\/blogsaverroes.juntadeandalucia.es\/ceiplarabida\/files\/2022\/03\/94D176A8-2726-44DB-B506-487198FECE24-1024x768.jpeg 1024w, https:\/\/blogsaverroes.juntadeandalucia.es\/ceiplarabida\/files\/2022\/03\/94D176A8-2726-44DB-B506-487198FECE24-768x576.jpeg 768w, https:\/\/blogsaverroes.juntadeandalucia.es\/ceiplarabida\/files\/2022\/03\/94D176A8-2726-44DB-B506-487198FECE24-1536x1152.jpeg 1536w, https:\/\/blogsaverroes.juntadeandalucia.es\/ceiplarabida\/files\/2022\/03\/94D176A8-2726-44DB-B506-487198FECE24-2048x1536.jpeg 2048w, https:\/\/blogsaverroes.juntadeandalucia.es\/ceiplarabida\/files\/2022\/03\/94D176A8-2726-44DB-B506-487198FECE24-700x525.jpeg 700w, https:\/\/blogsaverroes.juntadeandalucia.es\/ceiplarabida\/files\/2022\/03\/94D176A8-2726-44DB-B506-487198FECE24-332x249.jpeg 332w\" sizes=\"(max-width: 533px) 100vw, 533px\" \/><\/p>\n<p>&nbsp;<\/p>\n<p><img loading=\"lazy\" decoding=\"async\" class=\"alignnone wp-image-1862\" src=\"https:\/\/blogsaverroes.juntadeandalucia.es\/ceiplarabida\/files\/2022\/03\/4CE19E07-1A60-4E4F-9AF8-C7FA67C7C682-300x225.jpeg\" alt=\"\" width=\"517\" height=\"388\" srcset=\"https:\/\/blogsaverroes.juntadeandalucia.es\/ceiplarabida\/files\/2022\/03\/4CE19E07-1A60-4E4F-9AF8-C7FA67C7C682-300x225.jpeg 300w, https:\/\/blogsaverroes.juntadeandalucia.es\/ceiplarabida\/files\/2022\/03\/4CE19E07-1A60-4E4F-9AF8-C7FA67C7C682-1024x768.jpeg 1024w, https:\/\/blogsaverroes.juntadeandalucia.es\/ceiplarabida\/files\/2022\/03\/4CE19E07-1A60-4E4F-9AF8-C7FA67C7C682-768x576.jpeg 768w, https:\/\/blogsaverroes.juntadeandalucia.es\/ceiplarabida\/files\/2022\/03\/4CE19E07-1A60-4E4F-9AF8-C7FA67C7C682-1536x1152.jpeg 1536w, https:\/\/blogsaverroes.juntadeandalucia.es\/ceiplarabida\/files\/2022\/03\/4CE19E07-1A60-4E4F-9AF8-C7FA67C7C682-700x525.jpeg 700w, https:\/\/blogsaverroes.juntadeandalucia.es\/ceiplarabida\/files\/2022\/03\/4CE19E07-1A60-4E4F-9AF8-C7FA67C7C682-332x249.jpeg 332w, https:\/\/blogsaverroes.juntadeandalucia.es\/ceiplarabida\/files\/2022\/03\/4CE19E07-1A60-4E4F-9AF8-C7FA67C7C682.jpeg 2048w\" sizes=\"(max-width: 517px) 100vw, 517px\" \/><\/p>\n<p>Nuestro centro est\u00e1 en un gran proceso de cambio y se nota que la ilusi\u00f3n crece m\u00e1s y m\u00e1s\u2026<\/p>\n<p>La frase \u201c<strong><em>Se Buscan Valientes<\/em><\/strong>\u201d comienza a resonar por todos los rincones de nuestro colegio.<\/p>\n<p>&nbsp;<\/p>\n<p style=\"text-align: center\">SE BUSCAN VALIENTES\u2026<\/p>\n<p><img loading=\"lazy\" decoding=\"async\" class=\"alignnone size-medium wp-image-1638\" src=\"https:\/\/blogsaverroes.juntadeandalucia.es\/ceiplarabida\/files\/2022\/03\/Banner-tres-logos-300x51.jpg\" alt=\"\" width=\"300\" height=\"51\" srcset=\"https:\/\/blogsaverroes.juntadeandalucia.es\/ceiplarabida\/files\/2022\/03\/Banner-tres-logos-300x51.jpg 300w, https:\/\/blogsaverroes.juntadeandalucia.es\/ceiplarabida\/files\/2022\/03\/Banner-tres-logos-1024x173.jpg 1024w, https:\/\/blogsaverroes.juntadeandalucia.es\/ceiplarabida\/files\/2022\/03\/Banner-tres-logos-768x129.jpg 768w, https:\/\/blogsaverroes.juntadeandalucia.es\/ceiplarabida\/files\/2022\/03\/Banner-tres-logos-1140x198.jpg 1140w, https:\/\/blogsaverroes.juntadeandalucia.es\/ceiplarabida\/files\/2022\/03\/Banner-tres-logos-700x118.jpg 700w, https:\/\/blogsaverroes.juntadeandalucia.es\/ceiplarabida\/files\/2022\/03\/Banner-tres-logos-332x56.jpg 332w, https:\/\/blogsaverroes.juntadeandalucia.es\/ceiplarabida\/files\/2022\/03\/Banner-tres-logos.jpg 1175w\" sizes=\"(max-width: 300px) 100vw, 300px\" \/><\/p>\n<p>&nbsp;<\/p>\n","protected":false},"excerpt":{"rendered":"<p>En esta ocasi\u00f3n, el 14 de marzo, nuestros nervios e ilusi\u00f3n aumentan a\u00fan m\u00e1s ya que se acerca el momento de llegar a nuestra primera meta, poner en marcha en todo el centro a&#46;&#46;&#46;<\/p>\n","protected":false},"author":8907,"featured_media":1863,"comment_status":"open","ping_status":"open","sticky":false,"template":"","format":"standard","meta":{"ngg_post_thumbnail":0,"footnotes":""},"categories":[17,11,19],"tags":[39],"aioseo_notices":[],"_links":{"self":[{"href":"https:\/\/blogsaverroes.juntadeandalucia.es\/ceiplarabida\/wp-json\/wp\/v2\/posts\/1867"}],"collection":[{"href":"https:\/\/blogsaverroes.juntadeandalucia.es\/ceiplarabida\/wp-json\/wp\/v2\/posts"}],"about":[{"href":"https:\/\/blogsaverroes.juntadeandalucia.es\/ceiplarabida\/wp-json\/wp\/v2\/types\/post"}],"author":[{"embeddable":true,"href":"https:\/\/blogsaverroes.juntadeandalucia.es\/ceiplarabida\/wp-json\/wp\/v2\/users\/8907"}],"replies":[{"embeddable":true,"href":"https:\/\/blogsaverroes.juntadeandalucia.es\/ceiplarabida\/wp-json\/wp\/v2\/comments?post=1867"}],"version-history":[{"count":3,"href":"https:\/\/blogsaverroes.juntadeandalucia.es\/ceiplarabida\/wp-json\/wp\/v2\/posts\/1867\/revisions"}],"predecessor-version":[{"id":1870,"href":"https:\/\/blogsaverroes.juntadeandalucia.es\/ceiplarabida\/wp-json\/wp\/v2\/posts\/1867\/revisions\/1870"}],"wp:featuredmedia":[{"embeddable":true,"href":"https:\/\/blogsaverroes.juntadeandalucia.es\/ceiplarabida\/wp-json\/wp\/v2\/media\/1863"}],"wp:attachment":[{"href":"https:\/\/blogsaverroes.juntadeandalucia.es\/ceiplarabida\/wp-json\/wp\/v2\/media?parent=1867"}],"wp:term":[{"taxonomy":"category","embeddable":true,"href":"https:\/\/blogsaverroes.juntadeandalucia.es\/ceiplarabida\/wp-json\/wp\/v2\/categories?post=1867"},{"taxonomy":"post_tag","embeddable":true,"href":"https:\/\/blogsaverroes.juntadeandalucia.es\/ceiplarabida\/wp-json\/wp\/v2\/tags?post=1867"}],"curies":[{"name":"wp","href":"https:\/\/api.w.org\/{rel}","templated":true}]}}