{"id":2054,"date":"2022-04-29T11:38:20","date_gmt":"2022-04-29T10:38:20","guid":{"rendered":"https:\/\/blogsaverroes.juntadeandalucia.es\/ceiplarabida\/?p=2054"},"modified":"2022-04-29T18:06:51","modified_gmt":"2022-04-29T17:06:51","slug":"nos-vestimos-de-romeria","status":"publish","type":"post","link":"https:\/\/blogsaverroes.juntadeandalucia.es\/ceiplarabida\/nos-vestimos-de-romeria\/","title":{"rendered":"Nos vamos de Romer\u00eda"},"content":{"rendered":"<div style=\"width: 1280px;\" class=\"wp-video\"><!--[if lt IE 9]><script>document.createElement('video');<\/script><![endif]-->\n<video class=\"wp-video-shortcode\" id=\"video-2054-1\" width=\"1280\" height=\"720\" preload=\"metadata\" controls=\"controls\"><source type=\"video\/mp4\" src=\"https:\/\/blogsaverroes.juntadeandalucia.es\/ceiplarabida\/files\/2022\/04\/Video_20220429104357802_by_VideoShow.mp4?_=1\" \/><a href=\"https:\/\/blogsaverroes.juntadeandalucia.es\/ceiplarabida\/files\/2022\/04\/Video_20220429104357802_by_VideoShow.mp4\">https:\/\/blogsaverroes.juntadeandalucia.es\/ceiplarabida\/files\/2022\/04\/Video_20220429104357802_by_VideoShow.mp4<\/a><\/video><\/div>\n<p style=\"text-align: center\"><span style=\"font-size: 12pt\"><strong>\u00a1Viva la Cruz de El Campillo!<\/strong><\/span><\/p>\n<p>Damos la bienvenida a la Romer\u00eda de nuestro pueblo adornando nuestro centro con motivos romeros.<\/p>\n<p>Talleres de abanicos, flores, macetas&#8230;se han realizado durante toda la semana.<\/p>\n<p><img loading=\"lazy\" decoding=\"async\" class=\"aligncenter size-full wp-image-2066\" src=\"https:\/\/blogsaverroes.juntadeandalucia.es\/ceiplarabida\/files\/2022\/04\/20220429_185044-scaled.jpg\" alt=\"\" width=\"2560\" height=\"2560\" srcset=\"https:\/\/blogsaverroes.juntadeandalucia.es\/ceiplarabida\/files\/2022\/04\/20220429_185044-scaled.jpg 2560w, https:\/\/blogsaverroes.juntadeandalucia.es\/ceiplarabida\/files\/2022\/04\/20220429_185044-300x300.jpg 300w, https:\/\/blogsaverroes.juntadeandalucia.es\/ceiplarabida\/files\/2022\/04\/20220429_185044-1024x1024.jpg 1024w, https:\/\/blogsaverroes.juntadeandalucia.es\/ceiplarabida\/files\/2022\/04\/20220429_185044-232x232.jpg 232w, https:\/\/blogsaverroes.juntadeandalucia.es\/ceiplarabida\/files\/2022\/04\/20220429_185044-768x768.jpg 768w, https:\/\/blogsaverroes.juntadeandalucia.es\/ceiplarabida\/files\/2022\/04\/20220429_185044-1536x1536.jpg 1536w, https:\/\/blogsaverroes.juntadeandalucia.es\/ceiplarabida\/files\/2022\/04\/20220429_185044-2048x2048.jpg 2048w, https:\/\/blogsaverroes.juntadeandalucia.es\/ceiplarabida\/files\/2022\/04\/20220429_185044-700x700.jpg 700w, https:\/\/blogsaverroes.juntadeandalucia.es\/ceiplarabida\/files\/2022\/04\/20220429_185044-332x332.jpg 332w, https:\/\/blogsaverroes.juntadeandalucia.es\/ceiplarabida\/files\/2022\/04\/20220429_185044-432x432.jpg 432w, https:\/\/blogsaverroes.juntadeandalucia.es\/ceiplarabida\/files\/2022\/04\/20220429_185044-268x268.jpg 268w\" sizes=\"(max-width: 2560px) 100vw, 2560px\" \/><\/p>\n<p>Qu\u00e9 contentos\/as se ha sentido nuestro alumnado al&nbsp; poder recuperar esta tradici\u00f3n en nuestro centro.<\/p>\n<p><img loading=\"lazy\" decoding=\"async\" class=\"aligncenter size-full wp-image-2067\" src=\"https:\/\/blogsaverroes.juntadeandalucia.es\/ceiplarabida\/files\/2022\/04\/IMG-20220429-WA0020.jpg\" alt=\"\" width=\"1600\" height=\"1200\" srcset=\"https:\/\/blogsaverroes.juntadeandalucia.es\/ceiplarabida\/files\/2022\/04\/IMG-20220429-WA0020.jpg 1600w, https:\/\/blogsaverroes.juntadeandalucia.es\/ceiplarabida\/files\/2022\/04\/IMG-20220429-WA0020-300x225.jpg 300w, https:\/\/blogsaverroes.juntadeandalucia.es\/ceiplarabida\/files\/2022\/04\/IMG-20220429-WA0020-1024x768.jpg 1024w, https:\/\/blogsaverroes.juntadeandalucia.es\/ceiplarabida\/files\/2022\/04\/IMG-20220429-WA0020-768x576.jpg 768w, https:\/\/blogsaverroes.juntadeandalucia.es\/ceiplarabida\/files\/2022\/04\/IMG-20220429-WA0020-1536x1152.jpg 1536w, https:\/\/blogsaverroes.juntadeandalucia.es\/ceiplarabida\/files\/2022\/04\/IMG-20220429-WA0020-700x525.jpg 700w, https:\/\/blogsaverroes.juntadeandalucia.es\/ceiplarabida\/files\/2022\/04\/IMG-20220429-WA0020-332x249.jpg 332w\" sizes=\"(max-width: 1600px) 100vw, 1600px\" \/> <img loading=\"lazy\" decoding=\"async\" class=\"aligncenter size-full wp-image-2068\" src=\"https:\/\/blogsaverroes.juntadeandalucia.es\/ceiplarabida\/files\/2022\/04\/IMG-20220429-WA0003.jpg\" alt=\"\" width=\"2048\" height=\"1536\" srcset=\"https:\/\/blogsaverroes.juntadeandalucia.es\/ceiplarabida\/files\/2022\/04\/IMG-20220429-WA0003.jpg 2048w, https:\/\/blogsaverroes.juntadeandalucia.es\/ceiplarabida\/files\/2022\/04\/IMG-20220429-WA0003-300x225.jpg 300w, https:\/\/blogsaverroes.juntadeandalucia.es\/ceiplarabida\/files\/2022\/04\/IMG-20220429-WA0003-1024x768.jpg 1024w, https:\/\/blogsaverroes.juntadeandalucia.es\/ceiplarabida\/files\/2022\/04\/IMG-20220429-WA0003-768x576.jpg 768w, https:\/\/blogsaverroes.juntadeandalucia.es\/ceiplarabida\/files\/2022\/04\/IMG-20220429-WA0003-1536x1152.jpg 1536w, https:\/\/blogsaverroes.juntadeandalucia.es\/ceiplarabida\/files\/2022\/04\/IMG-20220429-WA0003-700x525.jpg 700w, https:\/\/blogsaverroes.juntadeandalucia.es\/ceiplarabida\/files\/2022\/04\/IMG-20220429-WA0003-332x249.jpg 332w\" sizes=\"(max-width: 2048px) 100vw, 2048px\" \/><\/p>\n<p><img loading=\"lazy\" decoding=\"async\" class=\"aligncenter size-full wp-image-2071\" src=\"https:\/\/blogsaverroes.juntadeandalucia.es\/ceiplarabida\/files\/2022\/04\/IMG-20220429-WA0008.jpg\" alt=\"\" width=\"1536\" height=\"2048\" srcset=\"https:\/\/blogsaverroes.juntadeandalucia.es\/ceiplarabida\/files\/2022\/04\/IMG-20220429-WA0008.jpg 1536w, https:\/\/blogsaverroes.juntadeandalucia.es\/ceiplarabida\/files\/2022\/04\/IMG-20220429-WA0008-225x300.jpg 225w, https:\/\/blogsaverroes.juntadeandalucia.es\/ceiplarabida\/files\/2022\/04\/IMG-20220429-WA0008-768x1024.jpg 768w, https:\/\/blogsaverroes.juntadeandalucia.es\/ceiplarabida\/files\/2022\/04\/IMG-20220429-WA0008-1152x1536.jpg 1152w, https:\/\/blogsaverroes.juntadeandalucia.es\/ceiplarabida\/files\/2022\/04\/IMG-20220429-WA0008-700x933.jpg 700w, https:\/\/blogsaverroes.juntadeandalucia.es\/ceiplarabida\/files\/2022\/04\/IMG-20220429-WA0008-332x443.jpg 332w\" sizes=\"(max-width: 1536px) 100vw, 1536px\" \/><\/p>\n<p>Adem\u00e1s, hemos podido degustar una rica enzapat\u00e1, el maestro Claudio y Fernando nos han sorprendido con este rico y oloroso manjar.<\/p>\n<p><img loading=\"lazy\" decoding=\"async\" class=\"aligncenter size-full wp-image-2069\" src=\"https:\/\/blogsaverroes.juntadeandalucia.es\/ceiplarabida\/files\/2022\/04\/20220429_185800-scaled.jpg\" alt=\"\" width=\"2560\" height=\"2560\" srcset=\"https:\/\/blogsaverroes.juntadeandalucia.es\/ceiplarabida\/files\/2022\/04\/20220429_185800-scaled.jpg 2560w, https:\/\/blogsaverroes.juntadeandalucia.es\/ceiplarabida\/files\/2022\/04\/20220429_185800-300x300.jpg 300w, https:\/\/blogsaverroes.juntadeandalucia.es\/ceiplarabida\/files\/2022\/04\/20220429_185800-1024x1024.jpg 1024w, https:\/\/blogsaverroes.juntadeandalucia.es\/ceiplarabida\/files\/2022\/04\/20220429_185800-232x232.jpg 232w, https:\/\/blogsaverroes.juntadeandalucia.es\/ceiplarabida\/files\/2022\/04\/20220429_185800-768x768.jpg 768w, https:\/\/blogsaverroes.juntadeandalucia.es\/ceiplarabida\/files\/2022\/04\/20220429_185800-1536x1536.jpg 1536w, https:\/\/blogsaverroes.juntadeandalucia.es\/ceiplarabida\/files\/2022\/04\/20220429_185800-2048x2048.jpg 2048w, https:\/\/blogsaverroes.juntadeandalucia.es\/ceiplarabida\/files\/2022\/04\/20220429_185800-700x700.jpg 700w, https:\/\/blogsaverroes.juntadeandalucia.es\/ceiplarabida\/files\/2022\/04\/20220429_185800-332x332.jpg 332w, https:\/\/blogsaverroes.juntadeandalucia.es\/ceiplarabida\/files\/2022\/04\/20220429_185800-432x432.jpg 432w, https:\/\/blogsaverroes.juntadeandalucia.es\/ceiplarabida\/files\/2022\/04\/20220429_185800-268x268.jpg 268w\" sizes=\"(max-width: 2560px) 100vw, 2560px\" \/><\/p>\n<p>Y hoy viernes, pronto llegar\u00e1 la Hermandad y el Tamborilero y disfrutaremos de su m\u00fasica y baile.<\/p>\n<div style=\"width: 424px;\" class=\"wp-video\"><video class=\"wp-video-shortcode\" id=\"video-2054-2\" width=\"424\" height=\"240\" preload=\"metadata\" controls=\"controls\"><source type=\"video\/mp4\" src=\"https:\/\/blogsaverroes.juntadeandalucia.es\/ceiplarabida\/files\/2022\/04\/Video_20220429135937233_by_VideoShow_20220429135957548_s01.mp4?_=2\" \/><a href=\"https:\/\/blogsaverroes.juntadeandalucia.es\/ceiplarabida\/files\/2022\/04\/Video_20220429135937233_by_VideoShow_20220429135957548_s01.mp4\">https:\/\/blogsaverroes.juntadeandalucia.es\/ceiplarabida\/files\/2022\/04\/Video_20220429135937233_by_VideoShow_20220429135957548_s01.mp4<\/a><\/video><\/div>\n<p>Desde el CEIP. La R\u00e1bida deseamos que pas\u00e9is una Feliz Romer\u00eda.<\/p>\n","protected":false},"excerpt":{"rendered":"<p>\u00a1Viva la Cruz de El Campillo! Damos la bienvenida a la Romer\u00eda de nuestro pueblo adornando nuestro centro con motivos romeros. Talleres de abanicos, flores, macetas&#8230;se han realizado durante toda la semana. Qu\u00e9 contentos\/as&#46;&#46;&#46;<\/p>\n","protected":false},"author":12974,"featured_media":2057,"comment_status":"open","ping_status":"open","sticky":false,"template":"","format":"standard","meta":{"ngg_post_thumbnail":0,"footnotes":""},"categories":[27,3],"tags":[],"aioseo_notices":[],"_links":{"self":[{"href":"https:\/\/blogsaverroes.juntadeandalucia.es\/ceiplarabida\/wp-json\/wp\/v2\/posts\/2054"}],"collection":[{"href":"https:\/\/blogsaverroes.juntadeandalucia.es\/ceiplarabida\/wp-json\/wp\/v2\/posts"}],"about":[{"href":"https:\/\/blogsaverroes.juntadeandalucia.es\/ceiplarabida\/wp-json\/wp\/v2\/types\/post"}],"author":[{"embeddable":true,"href":"https:\/\/blogsaverroes.juntadeandalucia.es\/ceiplarabida\/wp-json\/wp\/v2\/users\/12974"}],"replies":[{"embeddable":true,"href":"https:\/\/blogsaverroes.juntadeandalucia.es\/ceiplarabida\/wp-json\/wp\/v2\/comments?post=2054"}],"version-history":[{"count":9,"href":"https:\/\/blogsaverroes.juntadeandalucia.es\/ceiplarabida\/wp-json\/wp\/v2\/posts\/2054\/revisions"}],"predecessor-version":[{"id":2072,"href":"https:\/\/blogsaverroes.juntadeandalucia.es\/ceiplarabida\/wp-json\/wp\/v2\/posts\/2054\/revisions\/2072"}],"wp:featuredmedia":[{"embeddable":true,"href":"https:\/\/blogsaverroes.juntadeandalucia.es\/ceiplarabida\/wp-json\/wp\/v2\/media\/2057"}],"wp:attachment":[{"href":"https:\/\/blogsaverroes.juntadeandalucia.es\/ceiplarabida\/wp-json\/wp\/v2\/media?parent=2054"}],"wp:term":[{"taxonomy":"category","embeddable":true,"href":"https:\/\/blogsaverroes.juntadeandalucia.es\/ceiplarabida\/wp-json\/wp\/v2\/categories?post=2054"},{"taxonomy":"post_tag","embeddable":true,"href":"https:\/\/blogsaverroes.juntadeandalucia.es\/ceiplarabida\/wp-json\/wp\/v2\/tags?post=2054"}],"curies":[{"name":"wp","href":"https:\/\/api.w.org\/{rel}","templated":true}]}}