{"id":2339,"date":"2022-06-23T09:00:57","date_gmt":"2022-06-23T08:00:57","guid":{"rendered":"https:\/\/blogsaverroes.juntadeandalucia.es\/ceiplarabida\/?p=2339"},"modified":"2022-06-22T15:07:33","modified_gmt":"2022-06-22T14:07:33","slug":"bienvenido-verano","status":"publish","type":"post","link":"https:\/\/blogsaverroes.juntadeandalucia.es\/ceiplarabida\/bienvenido-verano\/","title":{"rendered":"Bienvenido Verano"},"content":{"rendered":"<p>Llega el momento de celebrar a lo grande nuestro \u00faltimo d\u00eda de cole.<\/p>\n<p>Hemos preparado con ilusi\u00f3n y alegr\u00eda un mont\u00f3n de actividades l\u00fadicas en colaboraci\u00f3n con Alongarvi y el ayuntamiento, que nos ha cedido sus instalaciones deportivas.<\/p>\n<p>Habr\u00e1 talleres infantiles, photocall&nbsp; de verano, tirolina, tiro con arco, juegos deportivos&#8230;<\/p>\n<p>Para tomar un descanso realizaremos una gran fiesta en clase donde no faltar\u00e1n los aperitivos, refrescos y alguna que otra sorpresa.<\/p>\n<p>Y como broche final, nuestra Verbena con actuaciones musicales variadas a las 20:00h<\/p>\n<p><img loading=\"lazy\" decoding=\"async\" class=\"aligncenter size-large wp-image-2340\" src=\"https:\/\/blogsaverroes.juntadeandalucia.es\/ceiplarabida\/files\/2022\/06\/Post-Fiesta-fluor-2-1024x1024.png\" alt=\"\" width=\"660\" height=\"660\" srcset=\"https:\/\/blogsaverroes.juntadeandalucia.es\/ceiplarabida\/files\/2022\/06\/Post-Fiesta-fluor-2-1024x1024.png 1024w, https:\/\/blogsaverroes.juntadeandalucia.es\/ceiplarabida\/files\/2022\/06\/Post-Fiesta-fluor-2-300x300.png 300w, https:\/\/blogsaverroes.juntadeandalucia.es\/ceiplarabida\/files\/2022\/06\/Post-Fiesta-fluor-2-232x232.png 232w, https:\/\/blogsaverroes.juntadeandalucia.es\/ceiplarabida\/files\/2022\/06\/Post-Fiesta-fluor-2-768x768.png 768w, https:\/\/blogsaverroes.juntadeandalucia.es\/ceiplarabida\/files\/2022\/06\/Post-Fiesta-fluor-2-700x700.png 700w, https:\/\/blogsaverroes.juntadeandalucia.es\/ceiplarabida\/files\/2022\/06\/Post-Fiesta-fluor-2-332x332.png 332w, https:\/\/blogsaverroes.juntadeandalucia.es\/ceiplarabida\/files\/2022\/06\/Post-Fiesta-fluor-2-432x432.png 432w, https:\/\/blogsaverroes.juntadeandalucia.es\/ceiplarabida\/files\/2022\/06\/Post-Fiesta-fluor-2-268x268.png 268w, https:\/\/blogsaverroes.juntadeandalucia.es\/ceiplarabida\/files\/2022\/06\/Post-Fiesta-fluor-2.png 1080w\" sizes=\"(max-width: 660px) 100vw, 660px\" \/><\/p>\n<p>Agradecemos vuestra asistencia y os damos las gracias por vuestra colaboraci\u00f3n y apoyo.<\/p>\n<p>Deseamos que pas\u00e9is un Feliz Verano.<\/p>\n<p>&nbsp;<\/p>\n","protected":false},"excerpt":{"rendered":"<p>Llega el momento de celebrar a lo grande nuestro \u00faltimo d\u00eda de cole. Hemos preparado con ilusi\u00f3n y alegr\u00eda un mont\u00f3n de actividades l\u00fadicas en colaboraci\u00f3n con Alongarvi y el ayuntamiento, que nos ha&#46;&#46;&#46;<\/p>\n","protected":false},"author":12974,"featured_media":2340,"comment_status":"open","ping_status":"open","sticky":false,"template":"","format":"standard","meta":{"ngg_post_thumbnail":0,"footnotes":""},"categories":[27],"tags":[],"aioseo_notices":[],"_links":{"self":[{"href":"https:\/\/blogsaverroes.juntadeandalucia.es\/ceiplarabida\/wp-json\/wp\/v2\/posts\/2339"}],"collection":[{"href":"https:\/\/blogsaverroes.juntadeandalucia.es\/ceiplarabida\/wp-json\/wp\/v2\/posts"}],"about":[{"href":"https:\/\/blogsaverroes.juntadeandalucia.es\/ceiplarabida\/wp-json\/wp\/v2\/types\/post"}],"author":[{"embeddable":true,"href":"https:\/\/blogsaverroes.juntadeandalucia.es\/ceiplarabida\/wp-json\/wp\/v2\/users\/12974"}],"replies":[{"embeddable":true,"href":"https:\/\/blogsaverroes.juntadeandalucia.es\/ceiplarabida\/wp-json\/wp\/v2\/comments?post=2339"}],"version-history":[{"count":1,"href":"https:\/\/blogsaverroes.juntadeandalucia.es\/ceiplarabida\/wp-json\/wp\/v2\/posts\/2339\/revisions"}],"predecessor-version":[{"id":2341,"href":"https:\/\/blogsaverroes.juntadeandalucia.es\/ceiplarabida\/wp-json\/wp\/v2\/posts\/2339\/revisions\/2341"}],"wp:featuredmedia":[{"embeddable":true,"href":"https:\/\/blogsaverroes.juntadeandalucia.es\/ceiplarabida\/wp-json\/wp\/v2\/media\/2340"}],"wp:attachment":[{"href":"https:\/\/blogsaverroes.juntadeandalucia.es\/ceiplarabida\/wp-json\/wp\/v2\/media?parent=2339"}],"wp:term":[{"taxonomy":"category","embeddable":true,"href":"https:\/\/blogsaverroes.juntadeandalucia.es\/ceiplarabida\/wp-json\/wp\/v2\/categories?post=2339"},{"taxonomy":"post_tag","embeddable":true,"href":"https:\/\/blogsaverroes.juntadeandalucia.es\/ceiplarabida\/wp-json\/wp\/v2\/tags?post=2339"}],"curies":[{"name":"wp","href":"https:\/\/api.w.org\/{rel}","templated":true}]}}