{"id":2343,"date":"2022-06-27T14:47:35","date_gmt":"2022-06-27T13:47:35","guid":{"rendered":"https:\/\/blogsaverroes.juntadeandalucia.es\/ceiplarabida\/?p=2343"},"modified":"2022-06-27T14:47:35","modified_gmt":"2022-06-27T13:47:35","slug":"despedida-a-lo-grande","status":"publish","type":"post","link":"https:\/\/blogsaverroes.juntadeandalucia.es\/ceiplarabida\/despedida-a-lo-grande\/","title":{"rendered":"\u00a1DESPEDIDA A LO GRANDE!"},"content":{"rendered":"<div style=\"width: 848px;\" class=\"wp-video\"><!--[if lt IE 9]><script>document.createElement('video');<\/script><![endif]-->\n<video class=\"wp-video-shortcode\" id=\"video-2343-1\" width=\"848\" height=\"480\" preload=\"metadata\" controls=\"controls\"><source type=\"video\/mp4\" src=\"https:\/\/blogsaverroes.juntadeandalucia.es\/ceiplarabida\/files\/2022\/06\/Video_20220624160420890_by_VideoShow_20220624160432515_s01.mp4?_=1\" \/><a href=\"https:\/\/blogsaverroes.juntadeandalucia.es\/ceiplarabida\/files\/2022\/06\/Video_20220624160420890_by_VideoShow_20220624160432515_s01.mp4\">https:\/\/blogsaverroes.juntadeandalucia.es\/ceiplarabida\/files\/2022\/06\/Video_20220624160420890_by_VideoShow_20220624160432515_s01.mp4<\/a><\/video><\/div>\n<p>&nbsp;<\/p>\n<p>La uni\u00f3n, el esfuerzo, las ganas, la ilusi\u00f3n y los sue\u00f1os han hecho realidad esta \u00faltima noche.<\/p>\n<p>Enhorabuena a todo el alumnado por su actitud infatigable, por aportar las ganas e ilusi\u00f3n. Al profesorado por su implicaci\u00f3n, compromiso y motivaci\u00f3n y a las familias por su colaboraci\u00f3n y compa\u00f1\u00eda.<\/p>\n<p>Una vez m\u00e1s hemos conseguido&nbsp; y demostrado nuestra uni\u00f3n como Comunidad Educativa.<\/p>\n<div style=\"width: 640px;\" class=\"wp-video\"><video class=\"wp-video-shortcode\" id=\"video-2343-2\" width=\"640\" height=\"288\" preload=\"metadata\" controls=\"controls\"><source type=\"video\/mp4\" src=\"https:\/\/blogsaverroes.juntadeandalucia.es\/ceiplarabida\/files\/2022\/06\/VID-20220624-WA0000.mp4?_=2\" \/><a href=\"https:\/\/blogsaverroes.juntadeandalucia.es\/ceiplarabida\/files\/2022\/06\/VID-20220624-WA0000.mp4\">https:\/\/blogsaverroes.juntadeandalucia.es\/ceiplarabida\/files\/2022\/06\/VID-20220624-WA0000.mp4<\/a><\/video><\/div>\n<p>&nbsp;<\/p>\n<p><img loading=\"lazy\" decoding=\"async\" class=\"aligncenter size-large wp-image-2346\" src=\"https:\/\/blogsaverroes.juntadeandalucia.es\/ceiplarabida\/files\/2022\/06\/20220623_205948-1024x498.jpg\" alt=\"\" width=\"660\" height=\"321\" srcset=\"https:\/\/blogsaverroes.juntadeandalucia.es\/ceiplarabida\/files\/2022\/06\/20220623_205948-1024x498.jpg 1024w, https:\/\/blogsaverroes.juntadeandalucia.es\/ceiplarabida\/files\/2022\/06\/20220623_205948-300x146.jpg 300w, https:\/\/blogsaverroes.juntadeandalucia.es\/ceiplarabida\/files\/2022\/06\/20220623_205948-768x373.jpg 768w, https:\/\/blogsaverroes.juntadeandalucia.es\/ceiplarabida\/files\/2022\/06\/20220623_205948-1536x747.jpg 1536w, https:\/\/blogsaverroes.juntadeandalucia.es\/ceiplarabida\/files\/2022\/06\/20220623_205948-2048x996.jpg 2048w, https:\/\/blogsaverroes.juntadeandalucia.es\/ceiplarabida\/files\/2022\/06\/20220623_205948-700x340.jpg 700w, https:\/\/blogsaverroes.juntadeandalucia.es\/ceiplarabida\/files\/2022\/06\/20220623_205948-332x161.jpg 332w\" sizes=\"(max-width: 660px) 100vw, 660px\" \/> <img loading=\"lazy\" decoding=\"async\" class=\"aligncenter size-large wp-image-2348\" src=\"https:\/\/blogsaverroes.juntadeandalucia.es\/ceiplarabida\/files\/2022\/06\/20220624_161324-1024x628.jpg\" alt=\"\" width=\"660\" height=\"405\" srcset=\"https:\/\/blogsaverroes.juntadeandalucia.es\/ceiplarabida\/files\/2022\/06\/20220624_161324-1024x628.jpg 1024w, https:\/\/blogsaverroes.juntadeandalucia.es\/ceiplarabida\/files\/2022\/06\/20220624_161324-300x184.jpg 300w, https:\/\/blogsaverroes.juntadeandalucia.es\/ceiplarabida\/files\/2022\/06\/20220624_161324-768x471.jpg 768w, https:\/\/blogsaverroes.juntadeandalucia.es\/ceiplarabida\/files\/2022\/06\/20220624_161324-1536x942.jpg 1536w, https:\/\/blogsaverroes.juntadeandalucia.es\/ceiplarabida\/files\/2022\/06\/20220624_161324-2048x1256.jpg 2048w, https:\/\/blogsaverroes.juntadeandalucia.es\/ceiplarabida\/files\/2022\/06\/20220624_161324-700x429.jpg 700w, https:\/\/blogsaverroes.juntadeandalucia.es\/ceiplarabida\/files\/2022\/06\/20220624_161324-332x204.jpg 332w, https:\/\/blogsaverroes.juntadeandalucia.es\/ceiplarabida\/files\/2022\/06\/20220624_161324-268x164.jpg 268w\" sizes=\"(max-width: 660px) 100vw, 660px\" \/><\/p>\n<p><img loading=\"lazy\" decoding=\"async\" class=\"aligncenter size-large wp-image-2352\" src=\"https:\/\/blogsaverroes.juntadeandalucia.es\/ceiplarabida\/files\/2022\/06\/IMG-20220624-WA0012-1024x768.jpg\" alt=\"\" width=\"660\" height=\"495\" srcset=\"https:\/\/blogsaverroes.juntadeandalucia.es\/ceiplarabida\/files\/2022\/06\/IMG-20220624-WA0012-1024x768.jpg 1024w, https:\/\/blogsaverroes.juntadeandalucia.es\/ceiplarabida\/files\/2022\/06\/IMG-20220624-WA0012-300x225.jpg 300w, https:\/\/blogsaverroes.juntadeandalucia.es\/ceiplarabida\/files\/2022\/06\/IMG-20220624-WA0012-768x576.jpg 768w, https:\/\/blogsaverroes.juntadeandalucia.es\/ceiplarabida\/files\/2022\/06\/IMG-20220624-WA0012-1536x1152.jpg 1536w, https:\/\/blogsaverroes.juntadeandalucia.es\/ceiplarabida\/files\/2022\/06\/IMG-20220624-WA0012-700x525.jpg 700w, https:\/\/blogsaverroes.juntadeandalucia.es\/ceiplarabida\/files\/2022\/06\/IMG-20220624-WA0012-332x249.jpg 332w, https:\/\/blogsaverroes.juntadeandalucia.es\/ceiplarabida\/files\/2022\/06\/IMG-20220624-WA0012.jpg 1600w\" sizes=\"(max-width: 660px) 100vw, 660px\" \/> <img loading=\"lazy\" decoding=\"async\" class=\"aligncenter size-large wp-image-2353\" src=\"https:\/\/blogsaverroes.juntadeandalucia.es\/ceiplarabida\/files\/2022\/06\/IMG-20220624-WA0011-1024x766.jpg\" alt=\"\" width=\"660\" height=\"494\" srcset=\"https:\/\/blogsaverroes.juntadeandalucia.es\/ceiplarabida\/files\/2022\/06\/IMG-20220624-WA0011-1024x766.jpg 1024w, https:\/\/blogsaverroes.juntadeandalucia.es\/ceiplarabida\/files\/2022\/06\/IMG-20220624-WA0011-300x224.jpg 300w, https:\/\/blogsaverroes.juntadeandalucia.es\/ceiplarabida\/files\/2022\/06\/IMG-20220624-WA0011-768x575.jpg 768w, https:\/\/blogsaverroes.juntadeandalucia.es\/ceiplarabida\/files\/2022\/06\/IMG-20220624-WA0011-1536x1149.jpg 1536w, https:\/\/blogsaverroes.juntadeandalucia.es\/ceiplarabida\/files\/2022\/06\/IMG-20220624-WA0011-700x524.jpg 700w, https:\/\/blogsaverroes.juntadeandalucia.es\/ceiplarabida\/files\/2022\/06\/IMG-20220624-WA0011-332x248.jpg 332w, https:\/\/blogsaverroes.juntadeandalucia.es\/ceiplarabida\/files\/2022\/06\/IMG-20220624-WA0011.jpg 2048w\" sizes=\"(max-width: 660px) 100vw, 660px\" \/> <img loading=\"lazy\" decoding=\"async\" class=\"aligncenter size-large wp-image-2354\" src=\"https:\/\/blogsaverroes.juntadeandalucia.es\/ceiplarabida\/files\/2022\/06\/IMG-20220624-WA0010-1024x768.jpg\" alt=\"\" width=\"660\" height=\"495\" srcset=\"https:\/\/blogsaverroes.juntadeandalucia.es\/ceiplarabida\/files\/2022\/06\/IMG-20220624-WA0010-1024x768.jpg 1024w, https:\/\/blogsaverroes.juntadeandalucia.es\/ceiplarabida\/files\/2022\/06\/IMG-20220624-WA0010-300x225.jpg 300w, https:\/\/blogsaverroes.juntadeandalucia.es\/ceiplarabida\/files\/2022\/06\/IMG-20220624-WA0010-768x576.jpg 768w, https:\/\/blogsaverroes.juntadeandalucia.es\/ceiplarabida\/files\/2022\/06\/IMG-20220624-WA0010-1536x1152.jpg 1536w, https:\/\/blogsaverroes.juntadeandalucia.es\/ceiplarabida\/files\/2022\/06\/IMG-20220624-WA0010-700x525.jpg 700w, https:\/\/blogsaverroes.juntadeandalucia.es\/ceiplarabida\/files\/2022\/06\/IMG-20220624-WA0010-332x249.jpg 332w, https:\/\/blogsaverroes.juntadeandalucia.es\/ceiplarabida\/files\/2022\/06\/IMG-20220624-WA0010.jpg 2048w\" sizes=\"(max-width: 660px) 100vw, 660px\" \/><\/p>\n<p><img loading=\"lazy\" decoding=\"async\" class=\"aligncenter size-large wp-image-2356\" src=\"https:\/\/blogsaverroes.juntadeandalucia.es\/ceiplarabida\/files\/2022\/06\/IMG-20220624-WA0036-1024x576.jpg\" alt=\"\" width=\"660\" height=\"371\" srcset=\"https:\/\/blogsaverroes.juntadeandalucia.es\/ceiplarabida\/files\/2022\/06\/IMG-20220624-WA0036-1024x576.jpg 1024w, https:\/\/blogsaverroes.juntadeandalucia.es\/ceiplarabida\/files\/2022\/06\/IMG-20220624-WA0036-300x169.jpg 300w, https:\/\/blogsaverroes.juntadeandalucia.es\/ceiplarabida\/files\/2022\/06\/IMG-20220624-WA0036-768x432.jpg 768w, https:\/\/blogsaverroes.juntadeandalucia.es\/ceiplarabida\/files\/2022\/06\/IMG-20220624-WA0036-1536x864.jpg 1536w, https:\/\/blogsaverroes.juntadeandalucia.es\/ceiplarabida\/files\/2022\/06\/IMG-20220624-WA0036-700x393.jpg 700w, https:\/\/blogsaverroes.juntadeandalucia.es\/ceiplarabida\/files\/2022\/06\/IMG-20220624-WA0036-332x187.jpg 332w, https:\/\/blogsaverroes.juntadeandalucia.es\/ceiplarabida\/files\/2022\/06\/IMG-20220624-WA0036.jpg 2048w\" sizes=\"(max-width: 660px) 100vw, 660px\" \/><\/p>\n<p>&nbsp;<\/p>\n<p>El equipo educativo del CEIP. La R\u00e1bida os desea un Feliz Verano.<\/p>\n","protected":false},"excerpt":{"rendered":"<p>&nbsp; La uni\u00f3n, el esfuerzo, las ganas, la ilusi\u00f3n y los sue\u00f1os han hecho realidad esta \u00faltima noche. Enhorabuena a todo el alumnado por su actitud infatigable, por aportar las ganas e ilusi\u00f3n. Al&#46;&#46;&#46;<\/p>\n","protected":false},"author":12974,"featured_media":0,"comment_status":"open","ping_status":"open","sticky":false,"template":"","format":"standard","meta":{"ngg_post_thumbnail":0,"footnotes":""},"categories":[3],"tags":[],"aioseo_notices":[],"_links":{"self":[{"href":"https:\/\/blogsaverroes.juntadeandalucia.es\/ceiplarabida\/wp-json\/wp\/v2\/posts\/2343"}],"collection":[{"href":"https:\/\/blogsaverroes.juntadeandalucia.es\/ceiplarabida\/wp-json\/wp\/v2\/posts"}],"about":[{"href":"https:\/\/blogsaverroes.juntadeandalucia.es\/ceiplarabida\/wp-json\/wp\/v2\/types\/post"}],"author":[{"embeddable":true,"href":"https:\/\/blogsaverroes.juntadeandalucia.es\/ceiplarabida\/wp-json\/wp\/v2\/users\/12974"}],"replies":[{"embeddable":true,"href":"https:\/\/blogsaverroes.juntadeandalucia.es\/ceiplarabida\/wp-json\/wp\/v2\/comments?post=2343"}],"version-history":[{"count":5,"href":"https:\/\/blogsaverroes.juntadeandalucia.es\/ceiplarabida\/wp-json\/wp\/v2\/posts\/2343\/revisions"}],"predecessor-version":[{"id":2360,"href":"https:\/\/blogsaverroes.juntadeandalucia.es\/ceiplarabida\/wp-json\/wp\/v2\/posts\/2343\/revisions\/2360"}],"wp:attachment":[{"href":"https:\/\/blogsaverroes.juntadeandalucia.es\/ceiplarabida\/wp-json\/wp\/v2\/media?parent=2343"}],"wp:term":[{"taxonomy":"category","embeddable":true,"href":"https:\/\/blogsaverroes.juntadeandalucia.es\/ceiplarabida\/wp-json\/wp\/v2\/categories?post=2343"},{"taxonomy":"post_tag","embeddable":true,"href":"https:\/\/blogsaverroes.juntadeandalucia.es\/ceiplarabida\/wp-json\/wp\/v2\/tags?post=2343"}],"curies":[{"name":"wp","href":"https:\/\/api.w.org\/{rel}","templated":true}]}}