{"id":2445,"date":"2022-10-19T16:31:23","date_gmt":"2022-10-19T15:31:23","guid":{"rendered":"https:\/\/blogsaverroes.juntadeandalucia.es\/ceiplarabida\/?p=2445"},"modified":"2022-10-19T16:32:53","modified_gmt":"2022-10-19T15:32:53","slug":"reto-tech","status":"publish","type":"post","link":"https:\/\/blogsaverroes.juntadeandalucia.es\/ceiplarabida\/reto-tech\/","title":{"rendered":"RETO-TECH"},"content":{"rendered":"<p style=\"text-align: center\"><strong><span style=\"font-size: 14pt\">RETO-TECH 22\/23<\/span><\/strong><\/p>\n<p><img loading=\"lazy\" decoding=\"async\" class=\"aligncenter size-large wp-image-2449\" src=\"https:\/\/blogsaverroes.juntadeandalucia.es\/ceiplarabida\/files\/2022\/10\/logo-fundacion-endesa-1024x325.png\" alt=\"\" width=\"660\" height=\"209\" srcset=\"https:\/\/blogsaverroes.juntadeandalucia.es\/ceiplarabida\/files\/2022\/10\/logo-fundacion-endesa-1024x325.png 1024w, https:\/\/blogsaverroes.juntadeandalucia.es\/ceiplarabida\/files\/2022\/10\/logo-fundacion-endesa-300x95.png 300w, https:\/\/blogsaverroes.juntadeandalucia.es\/ceiplarabida\/files\/2022\/10\/logo-fundacion-endesa-768x244.png 768w, https:\/\/blogsaverroes.juntadeandalucia.es\/ceiplarabida\/files\/2022\/10\/logo-fundacion-endesa-1536x488.png 1536w, https:\/\/blogsaverroes.juntadeandalucia.es\/ceiplarabida\/files\/2022\/10\/logo-fundacion-endesa-700x222.png 700w, https:\/\/blogsaverroes.juntadeandalucia.es\/ceiplarabida\/files\/2022\/10\/logo-fundacion-endesa-332x105.png 332w, https:\/\/blogsaverroes.juntadeandalucia.es\/ceiplarabida\/files\/2022\/10\/logo-fundacion-endesa.png 1635w\" sizes=\"(max-width: 660px) 100vw, 660px\" \/><\/p>\n<p style=\"text-align: center\"><span style=\"font-weight: 400\">El CEIP La R\u00e1bida ha sido seleccionado para participar en <strong><em>La VIII Edici\u00f3n de \u201cRETOTECH\u201d,<\/em><\/strong> un novedoso proyecto de innovaci\u00f3n educativa basado en el desarrollo de proyectos tecnol\u00f3gicos a trav\u00e9s de distintas t\u00e9cnicas de rob\u00f3tica, programaci\u00f3n y creaci\u00f3n de apps.<\/span><\/p>\n<p><iframe loading=\"lazy\" src=\"\/\/www.youtube.com\/embed\/Xa_CFDJL914\" width=\"314\" height=\"176\"><\/iframe><\/p>\n<p><img loading=\"lazy\" decoding=\"async\" class=\"aligncenter wp-image-2446 size-full\" src=\"https:\/\/blogsaverroes.juntadeandalucia.es\/ceiplarabida\/files\/2022\/10\/BJXZA8Re_400x400.png\" alt=\"\" width=\"400\" height=\"400\" srcset=\"https:\/\/blogsaverroes.juntadeandalucia.es\/ceiplarabida\/files\/2022\/10\/BJXZA8Re_400x400.png 400w, https:\/\/blogsaverroes.juntadeandalucia.es\/ceiplarabida\/files\/2022\/10\/BJXZA8Re_400x400-300x300.png 300w, https:\/\/blogsaverroes.juntadeandalucia.es\/ceiplarabida\/files\/2022\/10\/BJXZA8Re_400x400-232x232.png 232w, https:\/\/blogsaverroes.juntadeandalucia.es\/ceiplarabida\/files\/2022\/10\/BJXZA8Re_400x400-332x332.png 332w, https:\/\/blogsaverroes.juntadeandalucia.es\/ceiplarabida\/files\/2022\/10\/BJXZA8Re_400x400-268x268.png 268w\" sizes=\"(max-width: 400px) 100vw, 400px\" \/><\/p>\n","protected":false},"excerpt":{"rendered":"<p>RETO-TECH 22\/23 El CEIP La R\u00e1bida ha sido seleccionado para participar en La VIII Edici\u00f3n de \u201cRETOTECH\u201d, un novedoso proyecto de innovaci\u00f3n educativa basado en el desarrollo de proyectos tecnol\u00f3gicos a trav\u00e9s de distintas&#46;&#46;&#46;<\/p>\n","protected":false},"author":12974,"featured_media":2446,"comment_status":"open","ping_status":"open","sticky":false,"template":"","format":"standard","meta":{"ngg_post_thumbnail":0,"footnotes":""},"categories":[29,3],"tags":[],"aioseo_notices":[],"_links":{"self":[{"href":"https:\/\/blogsaverroes.juntadeandalucia.es\/ceiplarabida\/wp-json\/wp\/v2\/posts\/2445"}],"collection":[{"href":"https:\/\/blogsaverroes.juntadeandalucia.es\/ceiplarabida\/wp-json\/wp\/v2\/posts"}],"about":[{"href":"https:\/\/blogsaverroes.juntadeandalucia.es\/ceiplarabida\/wp-json\/wp\/v2\/types\/post"}],"author":[{"embeddable":true,"href":"https:\/\/blogsaverroes.juntadeandalucia.es\/ceiplarabida\/wp-json\/wp\/v2\/users\/12974"}],"replies":[{"embeddable":true,"href":"https:\/\/blogsaverroes.juntadeandalucia.es\/ceiplarabida\/wp-json\/wp\/v2\/comments?post=2445"}],"version-history":[{"count":5,"href":"https:\/\/blogsaverroes.juntadeandalucia.es\/ceiplarabida\/wp-json\/wp\/v2\/posts\/2445\/revisions"}],"predecessor-version":[{"id":2452,"href":"https:\/\/blogsaverroes.juntadeandalucia.es\/ceiplarabida\/wp-json\/wp\/v2\/posts\/2445\/revisions\/2452"}],"wp:featuredmedia":[{"embeddable":true,"href":"https:\/\/blogsaverroes.juntadeandalucia.es\/ceiplarabida\/wp-json\/wp\/v2\/media\/2446"}],"wp:attachment":[{"href":"https:\/\/blogsaverroes.juntadeandalucia.es\/ceiplarabida\/wp-json\/wp\/v2\/media?parent=2445"}],"wp:term":[{"taxonomy":"category","embeddable":true,"href":"https:\/\/blogsaverroes.juntadeandalucia.es\/ceiplarabida\/wp-json\/wp\/v2\/categories?post=2445"},{"taxonomy":"post_tag","embeddable":true,"href":"https:\/\/blogsaverroes.juntadeandalucia.es\/ceiplarabida\/wp-json\/wp\/v2\/tags?post=2445"}],"curies":[{"name":"wp","href":"https:\/\/api.w.org\/{rel}","templated":true}]}}