{"id":2470,"date":"2022-11-09T13:47:00","date_gmt":"2022-11-09T12:47:00","guid":{"rendered":"https:\/\/blogsaverroes.juntadeandalucia.es\/ceiplarabida\/?p=2470"},"modified":"2022-11-09T13:47:00","modified_gmt":"2022-11-09T12:47:00","slug":"una-mision-muy-espacial","status":"publish","type":"post","link":"https:\/\/blogsaverroes.juntadeandalucia.es\/ceiplarabida\/una-mision-muy-espacial\/","title":{"rendered":"Una misi\u00f3n muy espacial"},"content":{"rendered":"<p style=\"text-align: center\">El alumnado de primaria contin\u00faa con su trabajo creativo dentro del proyecto Reconquistando el espacio. En esta ocasi\u00f3n, crean una nave espacial usando distintas t\u00e9cnicas y materiales pl\u00e1sticos. Es una actividad en la que se favorece la responsabilidad, la tolerancia y la cooperaci\u00f3n.<img loading=\"lazy\" decoding=\"async\" class=\"wp-image-2471 aligncenter\" src=\"https:\/\/blogsaverroes.juntadeandalucia.es\/ceiplarabida\/files\/2022\/11\/cohete-mar\u00eda-z.png\" alt=\"\" width=\"279\" height=\"372\" srcset=\"https:\/\/blogsaverroes.juntadeandalucia.es\/ceiplarabida\/files\/2022\/11\/cohete-mar\u00eda-z.png 291w, https:\/\/blogsaverroes.juntadeandalucia.es\/ceiplarabida\/files\/2022\/11\/cohete-mar\u00eda-z-225x300.png 225w\" sizes=\"(max-width: 279px) 100vw, 279px\" \/><\/p>\n<p>&nbsp;<\/p>\n","protected":false},"excerpt":{"rendered":"<p>El alumnado de primaria contin\u00faa con su trabajo creativo dentro del proyecto Reconquistando el espacio. En esta ocasi\u00f3n, crean una nave espacial usando distintas t\u00e9cnicas y materiales pl\u00e1sticos. Es una actividad en la que&#46;&#46;&#46;<\/p>\n","protected":false},"author":12974,"featured_media":0,"comment_status":"open","ping_status":"open","sticky":false,"template":"","format":"standard","meta":{"ngg_post_thumbnail":0,"footnotes":""},"categories":[3],"tags":[],"aioseo_notices":[],"_links":{"self":[{"href":"https:\/\/blogsaverroes.juntadeandalucia.es\/ceiplarabida\/wp-json\/wp\/v2\/posts\/2470"}],"collection":[{"href":"https:\/\/blogsaverroes.juntadeandalucia.es\/ceiplarabida\/wp-json\/wp\/v2\/posts"}],"about":[{"href":"https:\/\/blogsaverroes.juntadeandalucia.es\/ceiplarabida\/wp-json\/wp\/v2\/types\/post"}],"author":[{"embeddable":true,"href":"https:\/\/blogsaverroes.juntadeandalucia.es\/ceiplarabida\/wp-json\/wp\/v2\/users\/12974"}],"replies":[{"embeddable":true,"href":"https:\/\/blogsaverroes.juntadeandalucia.es\/ceiplarabida\/wp-json\/wp\/v2\/comments?post=2470"}],"version-history":[{"count":1,"href":"https:\/\/blogsaverroes.juntadeandalucia.es\/ceiplarabida\/wp-json\/wp\/v2\/posts\/2470\/revisions"}],"predecessor-version":[{"id":2472,"href":"https:\/\/blogsaverroes.juntadeandalucia.es\/ceiplarabida\/wp-json\/wp\/v2\/posts\/2470\/revisions\/2472"}],"wp:attachment":[{"href":"https:\/\/blogsaverroes.juntadeandalucia.es\/ceiplarabida\/wp-json\/wp\/v2\/media?parent=2470"}],"wp:term":[{"taxonomy":"category","embeddable":true,"href":"https:\/\/blogsaverroes.juntadeandalucia.es\/ceiplarabida\/wp-json\/wp\/v2\/categories?post=2470"},{"taxonomy":"post_tag","embeddable":true,"href":"https:\/\/blogsaverroes.juntadeandalucia.es\/ceiplarabida\/wp-json\/wp\/v2\/tags?post=2470"}],"curies":[{"name":"wp","href":"https:\/\/api.w.org\/{rel}","templated":true}]}}