{"id":2830,"date":"2023-03-22T10:40:52","date_gmt":"2023-03-22T09:40:52","guid":{"rendered":"https:\/\/blogsaverroes.juntadeandalucia.es\/ceiplarabida\/?p=2830"},"modified":"2023-03-22T22:02:33","modified_gmt":"2023-03-22T21:02:33","slug":"jornada-afa-apptrevete-ceip-la-rabida","status":"publish","type":"post","link":"https:\/\/blogsaverroes.juntadeandalucia.es\/ceiplarabida\/jornada-afa-apptrevete-ceip-la-rabida\/","title":{"rendered":"Jornada AFA\/APPTR\u00c9VETE\/CEIP LA R\u00c1BIDA"},"content":{"rendered":"<p><strong>\u00a1Bonito y emotivo el d\u00eda que vivimos ayer el alumnado de 1\u00ba ESO en el centro de d\u00eda AFA de El Campillo!<\/strong><\/p>\n<p>Gracias a la iniciativa del proyecto APPTR\u00c9VETE, de la Diputaci\u00f3n Provincial de Huelva, Zona B\u00e1sica de SSSS de la Cuenca Minera y Edia que llega de la mano de Montse, pudimos pasar unas horas con los usuarios y usuarias de AFA de El Campillo y con el personal que los acompa\u00f1a, participando de sus tareas y conociendo el trabajo que all\u00ed se realiza.<\/p>\n<p><img loading=\"lazy\" decoding=\"async\" class=\"wp-image-2834 aligncenter\" src=\"https:\/\/blogsaverroes.juntadeandalucia.es\/ceiplarabida\/files\/2023\/03\/59ee1fe7-d55c-4673-a1fd-2d148f7635ed-300x225.jpg\" alt=\"\" width=\"269\" height=\"202\" srcset=\"https:\/\/blogsaverroes.juntadeandalucia.es\/ceiplarabida\/files\/2023\/03\/59ee1fe7-d55c-4673-a1fd-2d148f7635ed-300x225.jpg 300w, https:\/\/blogsaverroes.juntadeandalucia.es\/ceiplarabida\/files\/2023\/03\/59ee1fe7-d55c-4673-a1fd-2d148f7635ed-1024x768.jpg 1024w, https:\/\/blogsaverroes.juntadeandalucia.es\/ceiplarabida\/files\/2023\/03\/59ee1fe7-d55c-4673-a1fd-2d148f7635ed-768x576.jpg 768w, https:\/\/blogsaverroes.juntadeandalucia.es\/ceiplarabida\/files\/2023\/03\/59ee1fe7-d55c-4673-a1fd-2d148f7635ed-1536x1152.jpg 1536w, https:\/\/blogsaverroes.juntadeandalucia.es\/ceiplarabida\/files\/2023\/03\/59ee1fe7-d55c-4673-a1fd-2d148f7635ed-700x525.jpg 700w, https:\/\/blogsaverroes.juntadeandalucia.es\/ceiplarabida\/files\/2023\/03\/59ee1fe7-d55c-4673-a1fd-2d148f7635ed-332x249.jpg 332w, https:\/\/blogsaverroes.juntadeandalucia.es\/ceiplarabida\/files\/2023\/03\/59ee1fe7-d55c-4673-a1fd-2d148f7635ed.jpg 2048w\" sizes=\"(max-width: 269px) 100vw, 269px\" \/><\/p>\n<p>Ayer pudimos llenar, entre todas las personas que tuvimos la suerte de estar all\u00ed (las que llegamos y las que suelen estar), las salas de este centro de amor, cari\u00f1o, afecto, sensibilidad, emoci\u00f3n, empat\u00eda&#8230; que nos enriqueci\u00f3 enormemente en todos los sentidos.<\/p>\n<p>Actividades de este tipo deben ser repetidas y continuadas.<\/p>\n<p>\u00a1\u00a1\u00a1Gracias por hacernos participar de ellas!!!<img loading=\"lazy\" decoding=\"async\" class=\"size-medium wp-image-2833 alignleft\" src=\"https:\/\/blogsaverroes.juntadeandalucia.es\/ceiplarabida\/files\/2023\/03\/9a62530b-a63d-43e3-947c-4834da1cb107-225x300.jpg\" alt=\"\" width=\"225\" height=\"300\" srcset=\"https:\/\/blogsaverroes.juntadeandalucia.es\/ceiplarabida\/files\/2023\/03\/9a62530b-a63d-43e3-947c-4834da1cb107-225x300.jpg 225w, https:\/\/blogsaverroes.juntadeandalucia.es\/ceiplarabida\/files\/2023\/03\/9a62530b-a63d-43e3-947c-4834da1cb107-768x1024.jpg 768w, https:\/\/blogsaverroes.juntadeandalucia.es\/ceiplarabida\/files\/2023\/03\/9a62530b-a63d-43e3-947c-4834da1cb107-1152x1536.jpg 1152w, https:\/\/blogsaverroes.juntadeandalucia.es\/ceiplarabida\/files\/2023\/03\/9a62530b-a63d-43e3-947c-4834da1cb107-700x933.jpg 700w, https:\/\/blogsaverroes.juntadeandalucia.es\/ceiplarabida\/files\/2023\/03\/9a62530b-a63d-43e3-947c-4834da1cb107-332x443.jpg 332w, https:\/\/blogsaverroes.juntadeandalucia.es\/ceiplarabida\/files\/2023\/03\/9a62530b-a63d-43e3-947c-4834da1cb107.jpg 1500w\" sizes=\"(max-width: 225px) 100vw, 225px\" \/><\/p>\n<p><img loading=\"lazy\" decoding=\"async\" class=\" wp-image-2835 alignright\" src=\"https:\/\/blogsaverroes.juntadeandalucia.es\/ceiplarabida\/files\/2023\/03\/d486bd1e-9774-418b-8530-12df3cbac718-225x300.jpg\" alt=\"\" width=\"181\" height=\"241\" srcset=\"https:\/\/blogsaverroes.juntadeandalucia.es\/ceiplarabida\/files\/2023\/03\/d486bd1e-9774-418b-8530-12df3cbac718-225x300.jpg 225w, https:\/\/blogsaverroes.juntadeandalucia.es\/ceiplarabida\/files\/2023\/03\/d486bd1e-9774-418b-8530-12df3cbac718-768x1024.jpg 768w, https:\/\/blogsaverroes.juntadeandalucia.es\/ceiplarabida\/files\/2023\/03\/d486bd1e-9774-418b-8530-12df3cbac718-1152x1536.jpg 1152w, https:\/\/blogsaverroes.juntadeandalucia.es\/ceiplarabida\/files\/2023\/03\/d486bd1e-9774-418b-8530-12df3cbac718-700x933.jpg 700w, https:\/\/blogsaverroes.juntadeandalucia.es\/ceiplarabida\/files\/2023\/03\/d486bd1e-9774-418b-8530-12df3cbac718-332x443.jpg 332w, https:\/\/blogsaverroes.juntadeandalucia.es\/ceiplarabida\/files\/2023\/03\/d486bd1e-9774-418b-8530-12df3cbac718.jpg 1536w\" sizes=\"(max-width: 181px) 100vw, 181px\" \/><\/p>\n<p><img loading=\"lazy\" decoding=\"async\" class=\"wp-image-2832 alignnone\" src=\"https:\/\/blogsaverroes.juntadeandalucia.es\/ceiplarabida\/files\/2023\/03\/a3ca4107-b1b8-4a6d-a2e2-b4b0e6e10871-300x225.jpg\" alt=\"\" width=\"383\" height=\"287\" srcset=\"https:\/\/blogsaverroes.juntadeandalucia.es\/ceiplarabida\/files\/2023\/03\/a3ca4107-b1b8-4a6d-a2e2-b4b0e6e10871-300x225.jpg 300w, https:\/\/blogsaverroes.juntadeandalucia.es\/ceiplarabida\/files\/2023\/03\/a3ca4107-b1b8-4a6d-a2e2-b4b0e6e10871-1024x768.jpg 1024w, https:\/\/blogsaverroes.juntadeandalucia.es\/ceiplarabida\/files\/2023\/03\/a3ca4107-b1b8-4a6d-a2e2-b4b0e6e10871-768x576.jpg 768w, https:\/\/blogsaverroes.juntadeandalucia.es\/ceiplarabida\/files\/2023\/03\/a3ca4107-b1b8-4a6d-a2e2-b4b0e6e10871-1536x1152.jpg 1536w, https:\/\/blogsaverroes.juntadeandalucia.es\/ceiplarabida\/files\/2023\/03\/a3ca4107-b1b8-4a6d-a2e2-b4b0e6e10871-700x525.jpg 700w, https:\/\/blogsaverroes.juntadeandalucia.es\/ceiplarabida\/files\/2023\/03\/a3ca4107-b1b8-4a6d-a2e2-b4b0e6e10871-332x249.jpg 332w, https:\/\/blogsaverroes.juntadeandalucia.es\/ceiplarabida\/files\/2023\/03\/a3ca4107-b1b8-4a6d-a2e2-b4b0e6e10871.jpg 2048w\" sizes=\"(max-width: 383px) 100vw, 383px\" \/><\/p>\n","protected":false},"excerpt":{"rendered":"<p>\u00a1Bonito y emotivo el d\u00eda que vivimos ayer el alumnado de 1\u00ba ESO en el centro de d\u00eda AFA de El Campillo! Gracias a la iniciativa del proyecto APPTR\u00c9VETE, de la Diputaci\u00f3n Provincial de&#46;&#46;&#46;<\/p>\n","protected":false},"author":17183,"featured_media":2832,"comment_status":"open","ping_status":"open","sticky":false,"template":"","format":"standard","meta":{"ngg_post_thumbnail":0,"footnotes":""},"categories":[12,3],"tags":[],"aioseo_notices":[],"_links":{"self":[{"href":"https:\/\/blogsaverroes.juntadeandalucia.es\/ceiplarabida\/wp-json\/wp\/v2\/posts\/2830"}],"collection":[{"href":"https:\/\/blogsaverroes.juntadeandalucia.es\/ceiplarabida\/wp-json\/wp\/v2\/posts"}],"about":[{"href":"https:\/\/blogsaverroes.juntadeandalucia.es\/ceiplarabida\/wp-json\/wp\/v2\/types\/post"}],"author":[{"embeddable":true,"href":"https:\/\/blogsaverroes.juntadeandalucia.es\/ceiplarabida\/wp-json\/wp\/v2\/users\/17183"}],"replies":[{"embeddable":true,"href":"https:\/\/blogsaverroes.juntadeandalucia.es\/ceiplarabida\/wp-json\/wp\/v2\/comments?post=2830"}],"version-history":[{"count":6,"href":"https:\/\/blogsaverroes.juntadeandalucia.es\/ceiplarabida\/wp-json\/wp\/v2\/posts\/2830\/revisions"}],"predecessor-version":[{"id":2838,"href":"https:\/\/blogsaverroes.juntadeandalucia.es\/ceiplarabida\/wp-json\/wp\/v2\/posts\/2830\/revisions\/2838"}],"wp:featuredmedia":[{"embeddable":true,"href":"https:\/\/blogsaverroes.juntadeandalucia.es\/ceiplarabida\/wp-json\/wp\/v2\/media\/2832"}],"wp:attachment":[{"href":"https:\/\/blogsaverroes.juntadeandalucia.es\/ceiplarabida\/wp-json\/wp\/v2\/media?parent=2830"}],"wp:term":[{"taxonomy":"category","embeddable":true,"href":"https:\/\/blogsaverroes.juntadeandalucia.es\/ceiplarabida\/wp-json\/wp\/v2\/categories?post=2830"},{"taxonomy":"post_tag","embeddable":true,"href":"https:\/\/blogsaverroes.juntadeandalucia.es\/ceiplarabida\/wp-json\/wp\/v2\/tags?post=2830"}],"curies":[{"name":"wp","href":"https:\/\/api.w.org\/{rel}","templated":true}]}}