{"id":2959,"date":"2023-04-21T13:26:10","date_gmt":"2023-04-21T12:26:10","guid":{"rendered":"https:\/\/blogsaverroes.juntadeandalucia.es\/ceiplarabida\/?p=2959"},"modified":"2023-04-21T13:26:10","modified_gmt":"2023-04-21T12:26:10","slug":"proyectos-de-aprendizaje-serviciopas","status":"publish","type":"post","link":"https:\/\/blogsaverroes.juntadeandalucia.es\/ceiplarabida\/proyectos-de-aprendizaje-serviciopas\/","title":{"rendered":"Proyectos de Aprendizaje Servicio(PaS)"},"content":{"rendered":"<p style=\"padding-left: 40px\">Los Proyectos de Aprendizaje Servicio son una manera interesante de aplicar los conocimientos aprendidos en el colegio, de desarrollar la consciencia y el compromiso social y de desplegar competencias de comunicaci\u00f3n y h\u00e1bitos de trabajo, a partir de satisfacer las necesidades de una comunidad. Nuestro centro es Comunidad de Aprendizaje y tenemos la suerte de poder trabajar con nuestra comunidad educativa en coordinaci\u00f3n con asociaciones, voluntariado, Ayuntamiento&#8230;que nos enriquecen y aportan conocimientos, valores y competencias fundamentales para nuestro alumnado. Hoy,en nuestro taller de huerto,\u00a0 hemos sembrado plantas ornamentales en la plaza de abastos de El Campillo, actividad enmarcada dentro del proyecto Europeo Firepoctep, programa para el fortalecimiento de los sistemas transfronterizos de prevenci\u00f3n y extinci\u00f3n de incendios forestales y mejora de los recursos para la generaci\u00f3n de empleo. Agradecer su participaci\u00f3n a nuestro voluntariado, personal de jardiner\u00eda del Excmo. Ayto. De El Campillo, y a los\/as miembros participantes de Firepoctep. Su plaza hoy est\u00e1 m\u00e1s bonita y seguro que la cuidar\u00e1n para poder ver sus flores.<\/p>\n<p style=\"padding-left: 40px\"><img loading=\"lazy\" decoding=\"async\" class=\"alignnone size-medium wp-image-2963\" src=\"https:\/\/blogsaverroes.juntadeandalucia.es\/ceiplarabida\/files\/2023\/04\/IMG-20230421-WA0032-300x225.jpg\" alt=\"\" width=\"300\" height=\"225\" srcset=\"https:\/\/blogsaverroes.juntadeandalucia.es\/ceiplarabida\/files\/2023\/04\/IMG-20230421-WA0032-300x225.jpg 300w, https:\/\/blogsaverroes.juntadeandalucia.es\/ceiplarabida\/files\/2023\/04\/IMG-20230421-WA0032-1024x768.jpg 1024w, https:\/\/blogsaverroes.juntadeandalucia.es\/ceiplarabida\/files\/2023\/04\/IMG-20230421-WA0032-768x576.jpg 768w, https:\/\/blogsaverroes.juntadeandalucia.es\/ceiplarabida\/files\/2023\/04\/IMG-20230421-WA0032-1536x1152.jpg 1536w, https:\/\/blogsaverroes.juntadeandalucia.es\/ceiplarabida\/files\/2023\/04\/IMG-20230421-WA0032-700x525.jpg 700w, https:\/\/blogsaverroes.juntadeandalucia.es\/ceiplarabida\/files\/2023\/04\/IMG-20230421-WA0032-332x249.jpg 332w, https:\/\/blogsaverroes.juntadeandalucia.es\/ceiplarabida\/files\/2023\/04\/IMG-20230421-WA0032.jpg 2040w\" sizes=\"(max-width: 300px) 100vw, 300px\" \/><img loading=\"lazy\" decoding=\"async\" class=\"alignnone size-medium wp-image-2960\" src=\"https:\/\/blogsaverroes.juntadeandalucia.es\/ceiplarabida\/files\/2023\/04\/IMG-20230421-WA0036-300x225.jpg\" alt=\"\" width=\"300\" height=\"225\" srcset=\"https:\/\/blogsaverroes.juntadeandalucia.es\/ceiplarabida\/files\/2023\/04\/IMG-20230421-WA0036-300x225.jpg 300w, https:\/\/blogsaverroes.juntadeandalucia.es\/ceiplarabida\/files\/2023\/04\/IMG-20230421-WA0036-1024x768.jpg 1024w, https:\/\/blogsaverroes.juntadeandalucia.es\/ceiplarabida\/files\/2023\/04\/IMG-20230421-WA0036-768x576.jpg 768w, https:\/\/blogsaverroes.juntadeandalucia.es\/ceiplarabida\/files\/2023\/04\/IMG-20230421-WA0036-1536x1152.jpg 1536w, https:\/\/blogsaverroes.juntadeandalucia.es\/ceiplarabida\/files\/2023\/04\/IMG-20230421-WA0036-700x525.jpg 700w, https:\/\/blogsaverroes.juntadeandalucia.es\/ceiplarabida\/files\/2023\/04\/IMG-20230421-WA0036-332x249.jpg 332w, https:\/\/blogsaverroes.juntadeandalucia.es\/ceiplarabida\/files\/2023\/04\/IMG-20230421-WA0036.jpg 2040w\" sizes=\"(max-width: 300px) 100vw, 300px\" \/><\/p>\n<p><img loading=\"lazy\" decoding=\"async\" class=\"alignnone size-medium wp-image-2962\" src=\"https:\/\/blogsaverroes.juntadeandalucia.es\/ceiplarabida\/files\/2023\/04\/IMG-20230421-WA0035-300x225.jpg\" alt=\"\" width=\"300\" height=\"225\" srcset=\"https:\/\/blogsaverroes.juntadeandalucia.es\/ceiplarabida\/files\/2023\/04\/IMG-20230421-WA0035-300x225.jpg 300w, https:\/\/blogsaverroes.juntadeandalucia.es\/ceiplarabida\/files\/2023\/04\/IMG-20230421-WA0035-1024x768.jpg 1024w, https:\/\/blogsaverroes.juntadeandalucia.es\/ceiplarabida\/files\/2023\/04\/IMG-20230421-WA0035-768x576.jpg 768w, https:\/\/blogsaverroes.juntadeandalucia.es\/ceiplarabida\/files\/2023\/04\/IMG-20230421-WA0035-1536x1152.jpg 1536w, https:\/\/blogsaverroes.juntadeandalucia.es\/ceiplarabida\/files\/2023\/04\/IMG-20230421-WA0035-700x525.jpg 700w, https:\/\/blogsaverroes.juntadeandalucia.es\/ceiplarabida\/files\/2023\/04\/IMG-20230421-WA0035-332x249.jpg 332w, https:\/\/blogsaverroes.juntadeandalucia.es\/ceiplarabida\/files\/2023\/04\/IMG-20230421-WA0035.jpg 2040w\" sizes=\"(max-width: 300px) 100vw, 300px\" \/><img loading=\"lazy\" decoding=\"async\" class=\"alignnone size-medium wp-image-2964\" src=\"https:\/\/blogsaverroes.juntadeandalucia.es\/ceiplarabida\/files\/2023\/04\/IMG-20230421-WA0030-300x225.jpg\" alt=\"\" width=\"300\" height=\"225\" srcset=\"https:\/\/blogsaverroes.juntadeandalucia.es\/ceiplarabida\/files\/2023\/04\/IMG-20230421-WA0030-300x225.jpg 300w, https:\/\/blogsaverroes.juntadeandalucia.es\/ceiplarabida\/files\/2023\/04\/IMG-20230421-WA0030-1024x768.jpg 1024w, https:\/\/blogsaverroes.juntadeandalucia.es\/ceiplarabida\/files\/2023\/04\/IMG-20230421-WA0030-768x576.jpg 768w, https:\/\/blogsaverroes.juntadeandalucia.es\/ceiplarabida\/files\/2023\/04\/IMG-20230421-WA0030-1536x1152.jpg 1536w, https:\/\/blogsaverroes.juntadeandalucia.es\/ceiplarabida\/files\/2023\/04\/IMG-20230421-WA0030-700x525.jpg 700w, https:\/\/blogsaverroes.juntadeandalucia.es\/ceiplarabida\/files\/2023\/04\/IMG-20230421-WA0030-332x249.jpg 332w, https:\/\/blogsaverroes.juntadeandalucia.es\/ceiplarabida\/files\/2023\/04\/IMG-20230421-WA0030.jpg 2040w\" sizes=\"(max-width: 300px) 100vw, 300px\" \/><img loading=\"lazy\" decoding=\"async\" class=\"alignnone size-medium wp-image-2966\" src=\"https:\/\/blogsaverroes.juntadeandalucia.es\/ceiplarabida\/files\/2023\/04\/IMG-20230421-WA0011-300x225.jpg\" alt=\"\" width=\"300\" height=\"225\" srcset=\"https:\/\/blogsaverroes.juntadeandalucia.es\/ceiplarabida\/files\/2023\/04\/IMG-20230421-WA0011-300x225.jpg 300w, https:\/\/blogsaverroes.juntadeandalucia.es\/ceiplarabida\/files\/2023\/04\/IMG-20230421-WA0011-1024x768.jpg 1024w, https:\/\/blogsaverroes.juntadeandalucia.es\/ceiplarabida\/files\/2023\/04\/IMG-20230421-WA0011-768x576.jpg 768w, https:\/\/blogsaverroes.juntadeandalucia.es\/ceiplarabida\/files\/2023\/04\/IMG-20230421-WA0011-1536x1152.jpg 1536w, https:\/\/blogsaverroes.juntadeandalucia.es\/ceiplarabida\/files\/2023\/04\/IMG-20230421-WA0011-700x525.jpg 700w, https:\/\/blogsaverroes.juntadeandalucia.es\/ceiplarabida\/files\/2023\/04\/IMG-20230421-WA0011-332x249.jpg 332w, https:\/\/blogsaverroes.juntadeandalucia.es\/ceiplarabida\/files\/2023\/04\/IMG-20230421-WA0011.jpg 2048w\" sizes=\"(max-width: 300px) 100vw, 300px\" \/><\/p>\n<p><img loading=\"lazy\" decoding=\"async\" class=\"alignnone size-medium wp-image-2968\" src=\"https:\/\/blogsaverroes.juntadeandalucia.es\/ceiplarabida\/files\/2023\/04\/20230421_105714-142x300.jpg\" alt=\"\" width=\"142\" height=\"300\" srcset=\"https:\/\/blogsaverroes.juntadeandalucia.es\/ceiplarabida\/files\/2023\/04\/20230421_105714-142x300.jpg 142w, https:\/\/blogsaverroes.juntadeandalucia.es\/ceiplarabida\/files\/2023\/04\/20230421_105714-485x1024.jpg 485w, https:\/\/blogsaverroes.juntadeandalucia.es\/ceiplarabida\/files\/2023\/04\/20230421_105714-768x1623.jpg 768w, https:\/\/blogsaverroes.juntadeandalucia.es\/ceiplarabida\/files\/2023\/04\/20230421_105714-727x1536.jpg 727w, https:\/\/blogsaverroes.juntadeandalucia.es\/ceiplarabida\/files\/2023\/04\/20230421_105714-969x2048.jpg 969w, https:\/\/blogsaverroes.juntadeandalucia.es\/ceiplarabida\/files\/2023\/04\/20230421_105714-700x1479.jpg 700w, https:\/\/blogsaverroes.juntadeandalucia.es\/ceiplarabida\/files\/2023\/04\/20230421_105714-332x702.jpg 332w, https:\/\/blogsaverroes.juntadeandalucia.es\/ceiplarabida\/files\/2023\/04\/20230421_105714-scaled.jpg 1211w\" sizes=\"(max-width: 142px) 100vw, 142px\" \/> <img loading=\"lazy\" decoding=\"async\" class=\"alignnone size-medium wp-image-2969\" src=\"https:\/\/blogsaverroes.juntadeandalucia.es\/ceiplarabida\/files\/2023\/04\/20230421_105728-142x300.jpg\" alt=\"\" width=\"142\" height=\"300\" srcset=\"https:\/\/blogsaverroes.juntadeandalucia.es\/ceiplarabida\/files\/2023\/04\/20230421_105728-142x300.jpg 142w, https:\/\/blogsaverroes.juntadeandalucia.es\/ceiplarabida\/files\/2023\/04\/20230421_105728-485x1024.jpg 485w, https:\/\/blogsaverroes.juntadeandalucia.es\/ceiplarabida\/files\/2023\/04\/20230421_105728-768x1620.jpg 768w, https:\/\/blogsaverroes.juntadeandalucia.es\/ceiplarabida\/files\/2023\/04\/20230421_105728-728x1536.jpg 728w, https:\/\/blogsaverroes.juntadeandalucia.es\/ceiplarabida\/files\/2023\/04\/20230421_105728-971x2048.jpg 971w, https:\/\/blogsaverroes.juntadeandalucia.es\/ceiplarabida\/files\/2023\/04\/20230421_105728-700x1477.jpg 700w, https:\/\/blogsaverroes.juntadeandalucia.es\/ceiplarabida\/files\/2023\/04\/20230421_105728-332x700.jpg 332w, https:\/\/blogsaverroes.juntadeandalucia.es\/ceiplarabida\/files\/2023\/04\/20230421_105728-scaled.jpg 1213w\" sizes=\"(max-width: 142px) 100vw, 142px\" \/> <img loading=\"lazy\" decoding=\"async\" class=\"alignnone size-medium wp-image-2970\" src=\"https:\/\/blogsaverroes.juntadeandalucia.es\/ceiplarabida\/files\/2023\/04\/20230421_105737-142x300.jpg\" alt=\"\" width=\"142\" height=\"300\" srcset=\"https:\/\/blogsaverroes.juntadeandalucia.es\/ceiplarabida\/files\/2023\/04\/20230421_105737-142x300.jpg 142w, https:\/\/blogsaverroes.juntadeandalucia.es\/ceiplarabida\/files\/2023\/04\/20230421_105737-485x1024.jpg 485w, https:\/\/blogsaverroes.juntadeandalucia.es\/ceiplarabida\/files\/2023\/04\/20230421_105737-768x1623.jpg 768w, https:\/\/blogsaverroes.juntadeandalucia.es\/ceiplarabida\/files\/2023\/04\/20230421_105737-727x1536.jpg 727w, https:\/\/blogsaverroes.juntadeandalucia.es\/ceiplarabida\/files\/2023\/04\/20230421_105737-969x2048.jpg 969w, https:\/\/blogsaverroes.juntadeandalucia.es\/ceiplarabida\/files\/2023\/04\/20230421_105737-700x1479.jpg 700w, https:\/\/blogsaverroes.juntadeandalucia.es\/ceiplarabida\/files\/2023\/04\/20230421_105737-332x702.jpg 332w, https:\/\/blogsaverroes.juntadeandalucia.es\/ceiplarabida\/files\/2023\/04\/20230421_105737-scaled.jpg 1211w\" sizes=\"(max-width: 142px) 100vw, 142px\" \/><\/p>\n","protected":false},"excerpt":{"rendered":"<p>Los Proyectos de Aprendizaje Servicio son una manera interesante de aplicar los conocimientos aprendidos en el colegio, de desarrollar la consciencia y el compromiso social y de desplegar competencias de comunicaci\u00f3n y h\u00e1bitos de&#46;&#46;&#46;<\/p>\n","protected":false},"author":14171,"featured_media":2960,"comment_status":"open","ping_status":"open","sticky":false,"template":"","format":"standard","meta":{"ngg_post_thumbnail":0,"footnotes":""},"categories":[3],"tags":[],"aioseo_notices":[],"_links":{"self":[{"href":"https:\/\/blogsaverroes.juntadeandalucia.es\/ceiplarabida\/wp-json\/wp\/v2\/posts\/2959"}],"collection":[{"href":"https:\/\/blogsaverroes.juntadeandalucia.es\/ceiplarabida\/wp-json\/wp\/v2\/posts"}],"about":[{"href":"https:\/\/blogsaverroes.juntadeandalucia.es\/ceiplarabida\/wp-json\/wp\/v2\/types\/post"}],"author":[{"embeddable":true,"href":"https:\/\/blogsaverroes.juntadeandalucia.es\/ceiplarabida\/wp-json\/wp\/v2\/users\/14171"}],"replies":[{"embeddable":true,"href":"https:\/\/blogsaverroes.juntadeandalucia.es\/ceiplarabida\/wp-json\/wp\/v2\/comments?post=2959"}],"version-history":[{"count":2,"href":"https:\/\/blogsaverroes.juntadeandalucia.es\/ceiplarabida\/wp-json\/wp\/v2\/posts\/2959\/revisions"}],"predecessor-version":[{"id":2971,"href":"https:\/\/blogsaverroes.juntadeandalucia.es\/ceiplarabida\/wp-json\/wp\/v2\/posts\/2959\/revisions\/2971"}],"wp:featuredmedia":[{"embeddable":true,"href":"https:\/\/blogsaverroes.juntadeandalucia.es\/ceiplarabida\/wp-json\/wp\/v2\/media\/2960"}],"wp:attachment":[{"href":"https:\/\/blogsaverroes.juntadeandalucia.es\/ceiplarabida\/wp-json\/wp\/v2\/media?parent=2959"}],"wp:term":[{"taxonomy":"category","embeddable":true,"href":"https:\/\/blogsaverroes.juntadeandalucia.es\/ceiplarabida\/wp-json\/wp\/v2\/categories?post=2959"},{"taxonomy":"post_tag","embeddable":true,"href":"https:\/\/blogsaverroes.juntadeandalucia.es\/ceiplarabida\/wp-json\/wp\/v2\/tags?post=2959"}],"curies":[{"name":"wp","href":"https:\/\/api.w.org\/{rel}","templated":true}]}}