{"id":2993,"date":"2023-04-27T15:39:00","date_gmt":"2023-04-27T14:39:00","guid":{"rendered":"https:\/\/blogsaverroes.juntadeandalucia.es\/ceiplarabida\/?p=2993"},"modified":"2023-04-27T15:39:47","modified_gmt":"2023-04-27T14:39:47","slug":"proteccion-civil","status":"publish","type":"post","link":"https:\/\/blogsaverroes.juntadeandalucia.es\/ceiplarabida\/proteccion-civil\/","title":{"rendered":"Jornada informativa de Protecci\u00f3n Civil"},"content":{"rendered":"<p><img loading=\"lazy\" decoding=\"async\" class=\"size-large wp-image-3010 alignleft\" src=\"https:\/\/blogsaverroes.juntadeandalucia.es\/ceiplarabida\/files\/2023\/04\/20230427_163116-1024x1024.jpg\" alt=\"\" width=\"660\" height=\"660\" srcset=\"https:\/\/blogsaverroes.juntadeandalucia.es\/ceiplarabida\/files\/2023\/04\/20230427_163116-1024x1024.jpg 1024w, https:\/\/blogsaverroes.juntadeandalucia.es\/ceiplarabida\/files\/2023\/04\/20230427_163116-300x300.jpg 300w, https:\/\/blogsaverroes.juntadeandalucia.es\/ceiplarabida\/files\/2023\/04\/20230427_163116-232x232.jpg 232w, https:\/\/blogsaverroes.juntadeandalucia.es\/ceiplarabida\/files\/2023\/04\/20230427_163116-768x768.jpg 768w, https:\/\/blogsaverroes.juntadeandalucia.es\/ceiplarabida\/files\/2023\/04\/20230427_163116-1536x1536.jpg 1536w, https:\/\/blogsaverroes.juntadeandalucia.es\/ceiplarabida\/files\/2023\/04\/20230427_163116-2048x2048.jpg 2048w, https:\/\/blogsaverroes.juntadeandalucia.es\/ceiplarabida\/files\/2023\/04\/20230427_163116-700x700.jpg 700w, https:\/\/blogsaverroes.juntadeandalucia.es\/ceiplarabida\/files\/2023\/04\/20230427_163116-332x332.jpg 332w, https:\/\/blogsaverroes.juntadeandalucia.es\/ceiplarabida\/files\/2023\/04\/20230427_163116-432x432.jpg 432w, https:\/\/blogsaverroes.juntadeandalucia.es\/ceiplarabida\/files\/2023\/04\/20230427_163116-268x268.jpg 268w\" sizes=\"(max-width: 660px) 100vw, 660px\" \/><img decoding=\"async\" class=\"alignleft\" src=\"https:\/\/blogsaverroes.juntadeandalucia.es\/ceiplarabida\/wp-content\/plugins\/subscribe2\/tinymce\/..\/include\/spacer.gif\"><\/p>\n<p>Hoy hemos recibido en nuestro colegio la visita de Protecci\u00f3n Civil de El Campillo.<\/p>\n<p><img loading=\"lazy\" decoding=\"async\" class=\"aligncenter size-large wp-image-2994\" src=\"https:\/\/blogsaverroes.juntadeandalucia.es\/ceiplarabida\/files\/2023\/04\/20230426_130950-1024x498.jpg\" alt=\"\" width=\"660\" height=\"321\" srcset=\"https:\/\/blogsaverroes.juntadeandalucia.es\/ceiplarabida\/files\/2023\/04\/20230426_130950-1024x498.jpg 1024w, https:\/\/blogsaverroes.juntadeandalucia.es\/ceiplarabida\/files\/2023\/04\/20230426_130950-300x146.jpg 300w, https:\/\/blogsaverroes.juntadeandalucia.es\/ceiplarabida\/files\/2023\/04\/20230426_130950-768x373.jpg 768w, https:\/\/blogsaverroes.juntadeandalucia.es\/ceiplarabida\/files\/2023\/04\/20230426_130950-1536x747.jpg 1536w, https:\/\/blogsaverroes.juntadeandalucia.es\/ceiplarabida\/files\/2023\/04\/20230426_130950-2048x996.jpg 2048w, https:\/\/blogsaverroes.juntadeandalucia.es\/ceiplarabida\/files\/2023\/04\/20230426_130950-700x340.jpg 700w, https:\/\/blogsaverroes.juntadeandalucia.es\/ceiplarabida\/files\/2023\/04\/20230426_130950-332x161.jpg 332w\" sizes=\"(max-width: 660px) 100vw, 660px\" \/><\/p>\n<p>El alumnado ha recibido informaci\u00f3n sobre sus funciones y han tenido la oportunidad de ver como se realiza una RCP, reanimaci\u00f3n cardiopulmunar, de adultos y peque\u00f1os. Adem\u00e1s han mostrado distintos tipos de aparatos y herramientas que usan en su labor y como no, los veh\u00edculos de asistencia sanitaria. Por \u00faltimo, &nbsp;han podido ver c\u00f3mo se monta un hospital de campa\u00f1a y cu\u00e1l es su funci\u00f3n.<\/p>\n<p><img loading=\"lazy\" decoding=\"async\" class=\"aligncenter size-large wp-image-2998\" src=\"https:\/\/blogsaverroes.juntadeandalucia.es\/ceiplarabida\/files\/2023\/04\/20230426_125028-1024x1024.jpg\" alt=\"\" width=\"660\" height=\"660\" srcset=\"https:\/\/blogsaverroes.juntadeandalucia.es\/ceiplarabida\/files\/2023\/04\/20230426_125028-1024x1024.jpg 1024w, https:\/\/blogsaverroes.juntadeandalucia.es\/ceiplarabida\/files\/2023\/04\/20230426_125028-300x300.jpg 300w, https:\/\/blogsaverroes.juntadeandalucia.es\/ceiplarabida\/files\/2023\/04\/20230426_125028-232x232.jpg 232w, https:\/\/blogsaverroes.juntadeandalucia.es\/ceiplarabida\/files\/2023\/04\/20230426_125028-768x768.jpg 768w, https:\/\/blogsaverroes.juntadeandalucia.es\/ceiplarabida\/files\/2023\/04\/20230426_125028-1536x1536.jpg 1536w, https:\/\/blogsaverroes.juntadeandalucia.es\/ceiplarabida\/files\/2023\/04\/20230426_125028-2048x2048.jpg 2048w, https:\/\/blogsaverroes.juntadeandalucia.es\/ceiplarabida\/files\/2023\/04\/20230426_125028-700x700.jpg 700w, https:\/\/blogsaverroes.juntadeandalucia.es\/ceiplarabida\/files\/2023\/04\/20230426_125028-332x332.jpg 332w, https:\/\/blogsaverroes.juntadeandalucia.es\/ceiplarabida\/files\/2023\/04\/20230426_125028-432x432.jpg 432w, https:\/\/blogsaverroes.juntadeandalucia.es\/ceiplarabida\/files\/2023\/04\/20230426_125028-268x268.jpg 268w\" sizes=\"(max-width: 660px) 100vw, 660px\" \/><\/p>\n<p>El alumnado se ha mostrado muy interesado por la tem\u00e1tica y han comprendido la gran labor que realizan estas personas de forma voluntaria.<\/p>\n<p><img loading=\"lazy\" decoding=\"async\" class=\"aligncenter size-large wp-image-2999\" src=\"https:\/\/blogsaverroes.juntadeandalucia.es\/ceiplarabida\/files\/2023\/04\/20230426_125539-1024x498.jpg\" alt=\"\" width=\"660\" height=\"321\" srcset=\"https:\/\/blogsaverroes.juntadeandalucia.es\/ceiplarabida\/files\/2023\/04\/20230426_125539-1024x498.jpg 1024w, https:\/\/blogsaverroes.juntadeandalucia.es\/ceiplarabida\/files\/2023\/04\/20230426_125539-300x146.jpg 300w, https:\/\/blogsaverroes.juntadeandalucia.es\/ceiplarabida\/files\/2023\/04\/20230426_125539-768x373.jpg 768w, https:\/\/blogsaverroes.juntadeandalucia.es\/ceiplarabida\/files\/2023\/04\/20230426_125539-1536x747.jpg 1536w, https:\/\/blogsaverroes.juntadeandalucia.es\/ceiplarabida\/files\/2023\/04\/20230426_125539-2048x996.jpg 2048w, https:\/\/blogsaverroes.juntadeandalucia.es\/ceiplarabida\/files\/2023\/04\/20230426_125539-700x340.jpg 700w, https:\/\/blogsaverroes.juntadeandalucia.es\/ceiplarabida\/files\/2023\/04\/20230426_125539-332x161.jpg 332w\" sizes=\"(max-width: 660px) 100vw, 660px\" \/> <img loading=\"lazy\" decoding=\"async\" class=\"aligncenter size-large wp-image-3000\" src=\"https:\/\/blogsaverroes.juntadeandalucia.es\/ceiplarabida\/files\/2023\/04\/20230426_125445-1024x498.jpg\" alt=\"\" width=\"660\" height=\"321\" srcset=\"https:\/\/blogsaverroes.juntadeandalucia.es\/ceiplarabida\/files\/2023\/04\/20230426_125445-1024x498.jpg 1024w, https:\/\/blogsaverroes.juntadeandalucia.es\/ceiplarabida\/files\/2023\/04\/20230426_125445-300x146.jpg 300w, https:\/\/blogsaverroes.juntadeandalucia.es\/ceiplarabida\/files\/2023\/04\/20230426_125445-768x373.jpg 768w, https:\/\/blogsaverroes.juntadeandalucia.es\/ceiplarabida\/files\/2023\/04\/20230426_125445-1536x747.jpg 1536w, https:\/\/blogsaverroes.juntadeandalucia.es\/ceiplarabida\/files\/2023\/04\/20230426_125445-2048x996.jpg 2048w, https:\/\/blogsaverroes.juntadeandalucia.es\/ceiplarabida\/files\/2023\/04\/20230426_125445-700x340.jpg 700w, https:\/\/blogsaverroes.juntadeandalucia.es\/ceiplarabida\/files\/2023\/04\/20230426_125445-332x161.jpg 332w\" sizes=\"(max-width: 660px) 100vw, 660px\" \/><\/p>\n<p>&nbsp;<\/p>\n<p>Desde el CEIP. La R\u00e1bida agradecemos vuestra visita y os damos la enhorabuena por vuestro trabajo.<\/p>\n<p><img loading=\"lazy\" decoding=\"async\" src=\"https:\/\/blogsaverroes.juntadeandalucia.es\/ceiplarabida\/files\/2023\/04\/20230427_104402-1024x1024.jpg\" alt=\"\" width=\"660\" height=\"660\"><\/p>\n<p>&nbsp;<\/p>\n","protected":false},"excerpt":{"rendered":"<p>Hoy hemos recibido en nuestro colegio la visita de Protecci\u00f3n Civil de El Campillo. El alumnado ha recibido informaci\u00f3n sobre sus funciones y han tenido la oportunidad de ver como se realiza una RCP,&#46;&#46;&#46;<\/p>\n","protected":false},"author":12974,"featured_media":2999,"comment_status":"open","ping_status":"open","sticky":false,"template":"","format":"standard","meta":{"ngg_post_thumbnail":0,"footnotes":""},"categories":[3],"tags":[],"aioseo_notices":[],"_links":{"self":[{"href":"https:\/\/blogsaverroes.juntadeandalucia.es\/ceiplarabida\/wp-json\/wp\/v2\/posts\/2993"}],"collection":[{"href":"https:\/\/blogsaverroes.juntadeandalucia.es\/ceiplarabida\/wp-json\/wp\/v2\/posts"}],"about":[{"href":"https:\/\/blogsaverroes.juntadeandalucia.es\/ceiplarabida\/wp-json\/wp\/v2\/types\/post"}],"author":[{"embeddable":true,"href":"https:\/\/blogsaverroes.juntadeandalucia.es\/ceiplarabida\/wp-json\/wp\/v2\/users\/12974"}],"replies":[{"embeddable":true,"href":"https:\/\/blogsaverroes.juntadeandalucia.es\/ceiplarabida\/wp-json\/wp\/v2\/comments?post=2993"}],"version-history":[{"count":6,"href":"https:\/\/blogsaverroes.juntadeandalucia.es\/ceiplarabida\/wp-json\/wp\/v2\/posts\/2993\/revisions"}],"predecessor-version":[{"id":3013,"href":"https:\/\/blogsaverroes.juntadeandalucia.es\/ceiplarabida\/wp-json\/wp\/v2\/posts\/2993\/revisions\/3013"}],"wp:featuredmedia":[{"embeddable":true,"href":"https:\/\/blogsaverroes.juntadeandalucia.es\/ceiplarabida\/wp-json\/wp\/v2\/media\/2999"}],"wp:attachment":[{"href":"https:\/\/blogsaverroes.juntadeandalucia.es\/ceiplarabida\/wp-json\/wp\/v2\/media?parent=2993"}],"wp:term":[{"taxonomy":"category","embeddable":true,"href":"https:\/\/blogsaverroes.juntadeandalucia.es\/ceiplarabida\/wp-json\/wp\/v2\/categories?post=2993"},{"taxonomy":"post_tag","embeddable":true,"href":"https:\/\/blogsaverroes.juntadeandalucia.es\/ceiplarabida\/wp-json\/wp\/v2\/tags?post=2993"}],"curies":[{"name":"wp","href":"https:\/\/api.w.org\/{rel}","templated":true}]}}