{"id":3031,"date":"2023-05-16T20:50:27","date_gmt":"2023-05-16T19:50:27","guid":{"rendered":"https:\/\/blogsaverroes.juntadeandalucia.es\/ceiplarabida\/?p=3031"},"modified":"2023-05-17T06:47:59","modified_gmt":"2023-05-17T05:47:59","slug":"taller-de-padel","status":"publish","type":"post","link":"https:\/\/blogsaverroes.juntadeandalucia.es\/ceiplarabida\/taller-de-padel\/","title":{"rendered":"Taller de p\u00e1del"},"content":{"rendered":"<p>Hoy hemos disfrutado de una formaci\u00f3n sobre p\u00e1del que nos ha ofrecido Diputaci\u00f3n a trav\u00e9s de nuestro Ayuntamiento con el objetivo de acercar este deporte que est\u00e1 tan en auge actualmente a los j\u00f3venes. El taller se ha llevado a cabo en las recientes pistas de p\u00e1del del polideportivo municipal.<\/p>\n<p data-wp-editing=\"1\"><img loading=\"lazy\" decoding=\"async\" class=\"aligncenter size-medium wp-image-3037\" src=\"https:\/\/blogsaverroes.juntadeandalucia.es\/ceiplarabida\/files\/2023\/05\/20230516_212921-300x171.jpg\" alt=\"\" width=\"300\" height=\"171\" srcset=\"https:\/\/blogsaverroes.juntadeandalucia.es\/ceiplarabida\/files\/2023\/05\/20230516_212921-300x171.jpg 300w, https:\/\/blogsaverroes.juntadeandalucia.es\/ceiplarabida\/files\/2023\/05\/20230516_212921-1024x585.jpg 1024w, https:\/\/blogsaverroes.juntadeandalucia.es\/ceiplarabida\/files\/2023\/05\/20230516_212921-768x439.jpg 768w, https:\/\/blogsaverroes.juntadeandalucia.es\/ceiplarabida\/files\/2023\/05\/20230516_212921-1536x877.jpg 1536w, https:\/\/blogsaverroes.juntadeandalucia.es\/ceiplarabida\/files\/2023\/05\/20230516_212921-700x400.jpg 700w, https:\/\/blogsaverroes.juntadeandalucia.es\/ceiplarabida\/files\/2023\/05\/20230516_212921-332x190.jpg 332w, https:\/\/blogsaverroes.juntadeandalucia.es\/ceiplarabida\/files\/2023\/05\/20230516_212921.jpg 1812w\" sizes=\"(max-width: 300px) 100vw, 300px\" \/> <img loading=\"lazy\" decoding=\"async\" class=\"aligncenter size-medium wp-image-3039\" style=\"font-family: 'Open Sans', sans-serif;font-size: 15px;font-style: normal;font-weight: 400\" src=\"https:\/\/blogsaverroes.juntadeandalucia.es\/ceiplarabida\/files\/2023\/05\/foto1\u00ba-300x225.jpg\" alt=\"\" width=\"300\" height=\"225\" srcset=\"https:\/\/blogsaverroes.juntadeandalucia.es\/ceiplarabida\/files\/2023\/05\/foto1\u00ba-300x225.jpg 300w, https:\/\/blogsaverroes.juntadeandalucia.es\/ceiplarabida\/files\/2023\/05\/foto1\u00ba-1024x768.jpg 1024w, https:\/\/blogsaverroes.juntadeandalucia.es\/ceiplarabida\/files\/2023\/05\/foto1\u00ba-768x576.jpg 768w, https:\/\/blogsaverroes.juntadeandalucia.es\/ceiplarabida\/files\/2023\/05\/foto1\u00ba-1536x1152.jpg 1536w, https:\/\/blogsaverroes.juntadeandalucia.es\/ceiplarabida\/files\/2023\/05\/foto1\u00ba-700x525.jpg 700w, https:\/\/blogsaverroes.juntadeandalucia.es\/ceiplarabida\/files\/2023\/05\/foto1\u00ba-332x249.jpg 332w, https:\/\/blogsaverroes.juntadeandalucia.es\/ceiplarabida\/files\/2023\/05\/foto1\u00ba.jpg 2016w\" sizes=\"(max-width: 300px) 100vw, 300px\" \/><img loading=\"lazy\" decoding=\"async\" class=\"aligncenter size-medium wp-image-3036\" src=\"https:\/\/blogsaverroes.juntadeandalucia.es\/ceiplarabida\/files\/2023\/05\/20230516_213115-300x169.jpg\" alt=\"\" width=\"300\" height=\"169\" srcset=\"https:\/\/blogsaverroes.juntadeandalucia.es\/ceiplarabida\/files\/2023\/05\/20230516_213115-300x169.jpg 300w, https:\/\/blogsaverroes.juntadeandalucia.es\/ceiplarabida\/files\/2023\/05\/20230516_213115-1024x576.jpg 1024w, https:\/\/blogsaverroes.juntadeandalucia.es\/ceiplarabida\/files\/2023\/05\/20230516_213115-768x432.jpg 768w, https:\/\/blogsaverroes.juntadeandalucia.es\/ceiplarabida\/files\/2023\/05\/20230516_213115-700x393.jpg 700w, https:\/\/blogsaverroes.juntadeandalucia.es\/ceiplarabida\/files\/2023\/05\/20230516_213115-332x187.jpg 332w, https:\/\/blogsaverroes.juntadeandalucia.es\/ceiplarabida\/files\/2023\/05\/20230516_213115.jpg 1406w\" sizes=\"(max-width: 300px) 100vw, 300px\" \/> <img loading=\"lazy\" decoding=\"async\" class=\"aligncenter size-medium wp-image-3035\" src=\"https:\/\/blogsaverroes.juntadeandalucia.es\/ceiplarabida\/files\/2023\/05\/IMG-20230516-WA0043-300x225.jpg\" alt=\"\" width=\"300\" height=\"225\" srcset=\"https:\/\/blogsaverroes.juntadeandalucia.es\/ceiplarabida\/files\/2023\/05\/IMG-20230516-WA0043-300x225.jpg 300w, https:\/\/blogsaverroes.juntadeandalucia.es\/ceiplarabida\/files\/2023\/05\/IMG-20230516-WA0043-1024x768.jpg 1024w, https:\/\/blogsaverroes.juntadeandalucia.es\/ceiplarabida\/files\/2023\/05\/IMG-20230516-WA0043-768x576.jpg 768w, https:\/\/blogsaverroes.juntadeandalucia.es\/ceiplarabida\/files\/2023\/05\/IMG-20230516-WA0043-1536x1152.jpg 1536w, https:\/\/blogsaverroes.juntadeandalucia.es\/ceiplarabida\/files\/2023\/05\/IMG-20230516-WA0043-700x525.jpg 700w, https:\/\/blogsaverroes.juntadeandalucia.es\/ceiplarabida\/files\/2023\/05\/IMG-20230516-WA0043-332x249.jpg 332w, https:\/\/blogsaverroes.juntadeandalucia.es\/ceiplarabida\/files\/2023\/05\/IMG-20230516-WA0043.jpg 2048w\" sizes=\"(max-width: 300px) 100vw, 300px\" \/> <img loading=\"lazy\" decoding=\"async\" class=\"aligncenter size-medium wp-image-3034\" src=\"https:\/\/blogsaverroes.juntadeandalucia.es\/ceiplarabida\/files\/2023\/05\/IMG-20230516-WA0019-300x225.jpg\" alt=\"\" width=\"300\" height=\"225\" srcset=\"https:\/\/blogsaverroes.juntadeandalucia.es\/ceiplarabida\/files\/2023\/05\/IMG-20230516-WA0019-300x225.jpg 300w, https:\/\/blogsaverroes.juntadeandalucia.es\/ceiplarabida\/files\/2023\/05\/IMG-20230516-WA0019-1024x768.jpg 1024w, https:\/\/blogsaverroes.juntadeandalucia.es\/ceiplarabida\/files\/2023\/05\/IMG-20230516-WA0019-768x576.jpg 768w, https:\/\/blogsaverroes.juntadeandalucia.es\/ceiplarabida\/files\/2023\/05\/IMG-20230516-WA0019-1536x1152.jpg 1536w, https:\/\/blogsaverroes.juntadeandalucia.es\/ceiplarabida\/files\/2023\/05\/IMG-20230516-WA0019-700x525.jpg 700w, https:\/\/blogsaverroes.juntadeandalucia.es\/ceiplarabida\/files\/2023\/05\/IMG-20230516-WA0019-332x249.jpg 332w, https:\/\/blogsaverroes.juntadeandalucia.es\/ceiplarabida\/files\/2023\/05\/IMG-20230516-WA0019.jpg 2016w\" sizes=\"(max-width: 300px) 100vw, 300px\" \/> <img loading=\"lazy\" decoding=\"async\" class=\"aligncenter size-medium wp-image-3033\" src=\"https:\/\/blogsaverroes.juntadeandalucia.es\/ceiplarabida\/files\/2023\/05\/IMG-20230516-WA0030-300x225.jpg\" alt=\"\" width=\"300\" height=\"225\" srcset=\"https:\/\/blogsaverroes.juntadeandalucia.es\/ceiplarabida\/files\/2023\/05\/IMG-20230516-WA0030-300x225.jpg 300w, https:\/\/blogsaverroes.juntadeandalucia.es\/ceiplarabida\/files\/2023\/05\/IMG-20230516-WA0030-1024x768.jpg 1024w, https:\/\/blogsaverroes.juntadeandalucia.es\/ceiplarabida\/files\/2023\/05\/IMG-20230516-WA0030-768x576.jpg 768w, https:\/\/blogsaverroes.juntadeandalucia.es\/ceiplarabida\/files\/2023\/05\/IMG-20230516-WA0030-1536x1152.jpg 1536w, https:\/\/blogsaverroes.juntadeandalucia.es\/ceiplarabida\/files\/2023\/05\/IMG-20230516-WA0030-700x525.jpg 700w, https:\/\/blogsaverroes.juntadeandalucia.es\/ceiplarabida\/files\/2023\/05\/IMG-20230516-WA0030-332x249.jpg 332w, https:\/\/blogsaverroes.juntadeandalucia.es\/ceiplarabida\/files\/2023\/05\/IMG-20230516-WA0030.jpg 2048w\" sizes=\"(max-width: 300px) 100vw, 300px\" \/> <img loading=\"lazy\" decoding=\"async\" class=\"aligncenter size-medium wp-image-3032\" src=\"https:\/\/blogsaverroes.juntadeandalucia.es\/ceiplarabida\/files\/2023\/05\/IMG-20230516-WA0029-300x225.jpg\" alt=\"\" width=\"300\" height=\"225\" srcset=\"https:\/\/blogsaverroes.juntadeandalucia.es\/ceiplarabida\/files\/2023\/05\/IMG-20230516-WA0029-300x225.jpg 300w, https:\/\/blogsaverroes.juntadeandalucia.es\/ceiplarabida\/files\/2023\/05\/IMG-20230516-WA0029-1024x768.jpg 1024w, https:\/\/blogsaverroes.juntadeandalucia.es\/ceiplarabida\/files\/2023\/05\/IMG-20230516-WA0029-768x576.jpg 768w, https:\/\/blogsaverroes.juntadeandalucia.es\/ceiplarabida\/files\/2023\/05\/IMG-20230516-WA0029-1536x1152.jpg 1536w, https:\/\/blogsaverroes.juntadeandalucia.es\/ceiplarabida\/files\/2023\/05\/IMG-20230516-WA0029-700x525.jpg 700w, https:\/\/blogsaverroes.juntadeandalucia.es\/ceiplarabida\/files\/2023\/05\/IMG-20230516-WA0029-332x249.jpg 332w, https:\/\/blogsaverroes.juntadeandalucia.es\/ceiplarabida\/files\/2023\/05\/IMG-20230516-WA0029.jpg 2048w\" sizes=\"(max-width: 300px) 100vw, 300px\" \/><\/p>\n","protected":false},"excerpt":{"rendered":"<p>Hoy hemos disfrutado de una formaci\u00f3n sobre p\u00e1del que nos ha ofrecido Diputaci\u00f3n a trav\u00e9s de nuestro Ayuntamiento con el objetivo de acercar este deporte que est\u00e1 tan en auge actualmente a los j\u00f3venes.&#46;&#46;&#46;<\/p>\n","protected":false},"author":2394,"featured_media":3034,"comment_status":"open","ping_status":"open","sticky":false,"template":"","format":"standard","meta":{"ngg_post_thumbnail":0,"footnotes":""},"categories":[27],"tags":[44],"aioseo_notices":[],"_links":{"self":[{"href":"https:\/\/blogsaverroes.juntadeandalucia.es\/ceiplarabida\/wp-json\/wp\/v2\/posts\/3031"}],"collection":[{"href":"https:\/\/blogsaverroes.juntadeandalucia.es\/ceiplarabida\/wp-json\/wp\/v2\/posts"}],"about":[{"href":"https:\/\/blogsaverroes.juntadeandalucia.es\/ceiplarabida\/wp-json\/wp\/v2\/types\/post"}],"author":[{"embeddable":true,"href":"https:\/\/blogsaverroes.juntadeandalucia.es\/ceiplarabida\/wp-json\/wp\/v2\/users\/2394"}],"replies":[{"embeddable":true,"href":"https:\/\/blogsaverroes.juntadeandalucia.es\/ceiplarabida\/wp-json\/wp\/v2\/comments?post=3031"}],"version-history":[{"count":2,"href":"https:\/\/blogsaverroes.juntadeandalucia.es\/ceiplarabida\/wp-json\/wp\/v2\/posts\/3031\/revisions"}],"predecessor-version":[{"id":3040,"href":"https:\/\/blogsaverroes.juntadeandalucia.es\/ceiplarabida\/wp-json\/wp\/v2\/posts\/3031\/revisions\/3040"}],"wp:featuredmedia":[{"embeddable":true,"href":"https:\/\/blogsaverroes.juntadeandalucia.es\/ceiplarabida\/wp-json\/wp\/v2\/media\/3034"}],"wp:attachment":[{"href":"https:\/\/blogsaverroes.juntadeandalucia.es\/ceiplarabida\/wp-json\/wp\/v2\/media?parent=3031"}],"wp:term":[{"taxonomy":"category","embeddable":true,"href":"https:\/\/blogsaverroes.juntadeandalucia.es\/ceiplarabida\/wp-json\/wp\/v2\/categories?post=3031"},{"taxonomy":"post_tag","embeddable":true,"href":"https:\/\/blogsaverroes.juntadeandalucia.es\/ceiplarabida\/wp-json\/wp\/v2\/tags?post=3031"}],"curies":[{"name":"wp","href":"https:\/\/api.w.org\/{rel}","templated":true}]}}