{"id":3184,"date":"2023-10-27T08:55:27","date_gmt":"2023-10-27T07:55:27","guid":{"rendered":"https:\/\/blogsaverroes.juntadeandalucia.es\/ceiplarabida\/?p=3184"},"modified":"2023-10-27T13:04:04","modified_gmt":"2023-10-27T12:04:04","slug":"charla-sobre-comunicacion-y-cine","status":"publish","type":"post","link":"https:\/\/blogsaverroes.juntadeandalucia.es\/ceiplarabida\/charla-sobre-comunicacion-y-cine\/","title":{"rendered":"Charla sobre &#8220;Comunicaci\u00f3n y Cine&#8221;"},"content":{"rendered":"<p>&nbsp;<\/p>\n<p><img loading=\"lazy\" decoding=\"async\" class=\"aligncenter size-large wp-image-3185\" src=\"https:\/\/blogsaverroes.juntadeandalucia.es\/ceiplarabida\/files\/2023\/10\/recorte-1024x141.jpg\" alt=\"\" width=\"660\" height=\"91\" srcset=\"https:\/\/blogsaverroes.juntadeandalucia.es\/ceiplarabida\/files\/2023\/10\/recorte-1024x141.jpg 1024w, https:\/\/blogsaverroes.juntadeandalucia.es\/ceiplarabida\/files\/2023\/10\/recorte-300x41.jpg 300w, https:\/\/blogsaverroes.juntadeandalucia.es\/ceiplarabida\/files\/2023\/10\/recorte-768x106.jpg 768w, https:\/\/blogsaverroes.juntadeandalucia.es\/ceiplarabida\/files\/2023\/10\/recorte-1536x212.jpg 1536w, https:\/\/blogsaverroes.juntadeandalucia.es\/ceiplarabida\/files\/2023\/10\/recorte-2048x283.jpg 2048w, https:\/\/blogsaverroes.juntadeandalucia.es\/ceiplarabida\/files\/2023\/10\/recorte-700x97.jpg 700w, https:\/\/blogsaverroes.juntadeandalucia.es\/ceiplarabida\/files\/2023\/10\/recorte-332x46.jpg 332w\" sizes=\"(max-width: 660px) 100vw, 660px\" \/><\/p>\n<p><span style=\"font-size: 12pt\">El alumnado de ESO ha podido asistir este mi\u00e9rcoles, 25 de octubre, a una charla sobre el&nbsp; mundo de la&nbsp; comunicaci\u00f3n y el cine en nuestra sociedad actual. <\/span><\/p>\n<p><span style=\"font-size: 12pt\">Ha sido llevada a cabo por nuestro antiguo alumno, Alejandro Rodr\u00edguez<\/span><span style=\"font-size: 12pt\">, estudiante de la carrera de Comunicaci\u00f3n Audiovisual, que nos ha impartido una sesi\u00f3n sobre estrategias comunicativas, desaf\u00edos de trabajo en grupo en general y, de forma espec\u00edfica, llevados a&nbsp; su pasi\u00f3n, el cine.<\/span><\/p>\n<p><span style=\"font-size: 12pt\">Adem\u00e1s, hemos podido conocer c\u00f3mo se produce, se filma y maqueta un cortometraje, con sus problemas t\u00e9cnicos, econ\u00f3micos, sociales y sus&nbsp; inmensas satisfacciones.<\/span><\/p>\n<p style=\"text-align: center\"><strong>\u00a1Muchas gracias, Alejandro!<\/strong><img loading=\"lazy\" decoding=\"async\" class=\"aligncenter size-large wp-image-3186\" src=\"https:\/\/blogsaverroes.juntadeandalucia.es\/ceiplarabida\/files\/2023\/10\/2-1024x768.jpg\" alt=\"\" width=\"660\" height=\"495\" srcset=\"https:\/\/blogsaverroes.juntadeandalucia.es\/ceiplarabida\/files\/2023\/10\/2-1024x768.jpg 1024w, https:\/\/blogsaverroes.juntadeandalucia.es\/ceiplarabida\/files\/2023\/10\/2-300x225.jpg 300w, https:\/\/blogsaverroes.juntadeandalucia.es\/ceiplarabida\/files\/2023\/10\/2-768x576.jpg 768w, https:\/\/blogsaverroes.juntadeandalucia.es\/ceiplarabida\/files\/2023\/10\/2-1536x1152.jpg 1536w, https:\/\/blogsaverroes.juntadeandalucia.es\/ceiplarabida\/files\/2023\/10\/2-700x525.jpg 700w, https:\/\/blogsaverroes.juntadeandalucia.es\/ceiplarabida\/files\/2023\/10\/2-332x249.jpg 332w, https:\/\/blogsaverroes.juntadeandalucia.es\/ceiplarabida\/files\/2023\/10\/2.jpg 2000w\" sizes=\"(max-width: 660px) 100vw, 660px\" \/><\/p>\n<p>&nbsp;<\/p>\n<p>&nbsp;<\/p>\n","protected":false},"excerpt":{"rendered":"<p>&nbsp; El alumnado de ESO ha podido asistir este mi\u00e9rcoles, 25 de octubre, a una charla sobre el&nbsp; mundo de la&nbsp; comunicaci\u00f3n y el cine en nuestra sociedad actual. Ha sido llevada a cabo&#46;&#46;&#46;<\/p>\n","protected":false},"author":16428,"featured_media":3188,"comment_status":"open","ping_status":"open","sticky":false,"template":"","format":"standard","meta":{"ngg_post_thumbnail":0,"footnotes":""},"categories":[3],"tags":[],"aioseo_notices":[],"_links":{"self":[{"href":"https:\/\/blogsaverroes.juntadeandalucia.es\/ceiplarabida\/wp-json\/wp\/v2\/posts\/3184"}],"collection":[{"href":"https:\/\/blogsaverroes.juntadeandalucia.es\/ceiplarabida\/wp-json\/wp\/v2\/posts"}],"about":[{"href":"https:\/\/blogsaverroes.juntadeandalucia.es\/ceiplarabida\/wp-json\/wp\/v2\/types\/post"}],"author":[{"embeddable":true,"href":"https:\/\/blogsaverroes.juntadeandalucia.es\/ceiplarabida\/wp-json\/wp\/v2\/users\/16428"}],"replies":[{"embeddable":true,"href":"https:\/\/blogsaverroes.juntadeandalucia.es\/ceiplarabida\/wp-json\/wp\/v2\/comments?post=3184"}],"version-history":[{"count":6,"href":"https:\/\/blogsaverroes.juntadeandalucia.es\/ceiplarabida\/wp-json\/wp\/v2\/posts\/3184\/revisions"}],"predecessor-version":[{"id":3193,"href":"https:\/\/blogsaverroes.juntadeandalucia.es\/ceiplarabida\/wp-json\/wp\/v2\/posts\/3184\/revisions\/3193"}],"wp:featuredmedia":[{"embeddable":true,"href":"https:\/\/blogsaverroes.juntadeandalucia.es\/ceiplarabida\/wp-json\/wp\/v2\/media\/3188"}],"wp:attachment":[{"href":"https:\/\/blogsaverroes.juntadeandalucia.es\/ceiplarabida\/wp-json\/wp\/v2\/media?parent=3184"}],"wp:term":[{"taxonomy":"category","embeddable":true,"href":"https:\/\/blogsaverroes.juntadeandalucia.es\/ceiplarabida\/wp-json\/wp\/v2\/categories?post=3184"},{"taxonomy":"post_tag","embeddable":true,"href":"https:\/\/blogsaverroes.juntadeandalucia.es\/ceiplarabida\/wp-json\/wp\/v2\/tags?post=3184"}],"curies":[{"name":"wp","href":"https:\/\/api.w.org\/{rel}","templated":true}]}}