{"id":3280,"date":"2023-12-21T10:24:04","date_gmt":"2023-12-21T09:24:04","guid":{"rendered":"https:\/\/blogsaverroes.juntadeandalucia.es\/ceiplarabida\/?p=3280"},"modified":"2023-12-21T10:30:05","modified_gmt":"2023-12-21T09:30:05","slug":"ya-es-navidad","status":"publish","type":"post","link":"https:\/\/blogsaverroes.juntadeandalucia.es\/ceiplarabida\/ya-es-navidad\/","title":{"rendered":"YA ES NAVIDAD"},"content":{"rendered":"<p>El equipo de maestros y maestras del CEIP. La R\u00e1bida os desea unas Felices Fiestas y un Pr\u00f3spero A\u00f1o Nuevo.<\/p>\n<p>&nbsp;Ven a nuestro cole y participa de las actividades programadas para estos d\u00edas.<\/p>\n<p><img loading=\"lazy\" decoding=\"async\" src=\"https:\/\/blogsaverroes.juntadeandalucia.es\/ceiplarabida\/files\/2023\/12\/Collage-faliz-navidad-profesional-moderno-rojo_20231221_094616_0000-682x1024.png\" alt=\"\" width=\"660\" height=\"991\"><\/p>\n","protected":false},"excerpt":{"rendered":"<p>El equipo de maestros y maestras del CEIP. La R\u00e1bida os desea unas Felices Fiestas y un Pr\u00f3spero A\u00f1o Nuevo. &nbsp;Ven a nuestro cole y participa de las actividades programadas para estos d\u00edas.<\/p>\n","protected":false},"author":12974,"featured_media":3281,"comment_status":"open","ping_status":"open","sticky":false,"template":"","format":"standard","meta":{"ngg_post_thumbnail":0,"footnotes":""},"categories":[3],"tags":[],"aioseo_notices":[],"_links":{"self":[{"href":"https:\/\/blogsaverroes.juntadeandalucia.es\/ceiplarabida\/wp-json\/wp\/v2\/posts\/3280"}],"collection":[{"href":"https:\/\/blogsaverroes.juntadeandalucia.es\/ceiplarabida\/wp-json\/wp\/v2\/posts"}],"about":[{"href":"https:\/\/blogsaverroes.juntadeandalucia.es\/ceiplarabida\/wp-json\/wp\/v2\/types\/post"}],"author":[{"embeddable":true,"href":"https:\/\/blogsaverroes.juntadeandalucia.es\/ceiplarabida\/wp-json\/wp\/v2\/users\/12974"}],"replies":[{"embeddable":true,"href":"https:\/\/blogsaverroes.juntadeandalucia.es\/ceiplarabida\/wp-json\/wp\/v2\/comments?post=3280"}],"version-history":[{"count":1,"href":"https:\/\/blogsaverroes.juntadeandalucia.es\/ceiplarabida\/wp-json\/wp\/v2\/posts\/3280\/revisions"}],"predecessor-version":[{"id":3282,"href":"https:\/\/blogsaverroes.juntadeandalucia.es\/ceiplarabida\/wp-json\/wp\/v2\/posts\/3280\/revisions\/3282"}],"wp:featuredmedia":[{"embeddable":true,"href":"https:\/\/blogsaverroes.juntadeandalucia.es\/ceiplarabida\/wp-json\/wp\/v2\/media\/3281"}],"wp:attachment":[{"href":"https:\/\/blogsaverroes.juntadeandalucia.es\/ceiplarabida\/wp-json\/wp\/v2\/media?parent=3280"}],"wp:term":[{"taxonomy":"category","embeddable":true,"href":"https:\/\/blogsaverroes.juntadeandalucia.es\/ceiplarabida\/wp-json\/wp\/v2\/categories?post=3280"},{"taxonomy":"post_tag","embeddable":true,"href":"https:\/\/blogsaverroes.juntadeandalucia.es\/ceiplarabida\/wp-json\/wp\/v2\/tags?post=3280"}],"curies":[{"name":"wp","href":"https:\/\/api.w.org\/{rel}","templated":true}]}}