{"id":3400,"date":"2024-03-12T16:10:31","date_gmt":"2024-03-12T15:10:31","guid":{"rendered":"https:\/\/blogsaverroes.juntadeandalucia.es\/ceiplarabida\/?p=3400"},"modified":"2024-03-12T16:22:13","modified_gmt":"2024-03-12T15:22:13","slug":"orientacion-espacial-en-el-parque","status":"publish","type":"post","link":"https:\/\/blogsaverroes.juntadeandalucia.es\/ceiplarabida\/orientacion-espacial-en-el-parque\/","title":{"rendered":"Orientaci\u00f3n espacial en el parque."},"content":{"rendered":"<p>Una vez m\u00e1s nuestro parque de Los Cipreses ha sido nuestro escenario de aprendizaje. Hoy hemos ido para realizar una actividad de orientaci\u00f3n espacial donde hemos trabajado saberes b\u00e1sicos de tres \u00e1reas, Educaci\u00f3n F\u00edsica, matem\u00e1ticas y Conocimiento del medio.<\/p>\n<p>El alumnado de 2 de Primaria ha tenido que buscar varias pistas trabajando en equipo y usando los conocimientos previos sobre orientaci\u00f3n. A continuaci\u00f3n, con las pistas encontradas han resuelto un enigma que los ha conducido a un cofre el cual ten\u00eda un premio para toda la clase.<\/p>\n<p>Ha sido una experiencia muy bonita aprovechando nuestro parque.<\/p>\n<p><iframe loading=\"lazy\" src=\"\/\/www.youtube.com\/embed\/rtdZHM66ajY?feature=shared\" width=\"560\" height=\"314\"><\/iframe><\/p>\n","protected":false},"excerpt":{"rendered":"<p>Una vez m\u00e1s nuestro parque de Los Cipreses ha sido nuestro escenario de aprendizaje. Hoy hemos ido para realizar una actividad de orientaci\u00f3n espacial donde hemos trabajado saberes b\u00e1sicos de tres \u00e1reas, Educaci\u00f3n F\u00edsica,&#46;&#46;&#46;<\/p>\n","protected":false},"author":12974,"featured_media":3401,"comment_status":"open","ping_status":"open","sticky":false,"template":"","format":"standard","meta":{"ngg_post_thumbnail":0,"footnotes":""},"categories":[27],"tags":[],"aioseo_notices":[],"_links":{"self":[{"href":"https:\/\/blogsaverroes.juntadeandalucia.es\/ceiplarabida\/wp-json\/wp\/v2\/posts\/3400"}],"collection":[{"href":"https:\/\/blogsaverroes.juntadeandalucia.es\/ceiplarabida\/wp-json\/wp\/v2\/posts"}],"about":[{"href":"https:\/\/blogsaverroes.juntadeandalucia.es\/ceiplarabida\/wp-json\/wp\/v2\/types\/post"}],"author":[{"embeddable":true,"href":"https:\/\/blogsaverroes.juntadeandalucia.es\/ceiplarabida\/wp-json\/wp\/v2\/users\/12974"}],"replies":[{"embeddable":true,"href":"https:\/\/blogsaverroes.juntadeandalucia.es\/ceiplarabida\/wp-json\/wp\/v2\/comments?post=3400"}],"version-history":[{"count":2,"href":"https:\/\/blogsaverroes.juntadeandalucia.es\/ceiplarabida\/wp-json\/wp\/v2\/posts\/3400\/revisions"}],"predecessor-version":[{"id":3404,"href":"https:\/\/blogsaverroes.juntadeandalucia.es\/ceiplarabida\/wp-json\/wp\/v2\/posts\/3400\/revisions\/3404"}],"wp:featuredmedia":[{"embeddable":true,"href":"https:\/\/blogsaverroes.juntadeandalucia.es\/ceiplarabida\/wp-json\/wp\/v2\/media\/3401"}],"wp:attachment":[{"href":"https:\/\/blogsaverroes.juntadeandalucia.es\/ceiplarabida\/wp-json\/wp\/v2\/media?parent=3400"}],"wp:term":[{"taxonomy":"category","embeddable":true,"href":"https:\/\/blogsaverroes.juntadeandalucia.es\/ceiplarabida\/wp-json\/wp\/v2\/categories?post=3400"},{"taxonomy":"post_tag","embeddable":true,"href":"https:\/\/blogsaverroes.juntadeandalucia.es\/ceiplarabida\/wp-json\/wp\/v2\/tags?post=3400"}],"curies":[{"name":"wp","href":"https:\/\/api.w.org\/{rel}","templated":true}]}}