{"id":3439,"date":"2024-03-19T23:35:37","date_gmt":"2024-03-19T22:35:37","guid":{"rendered":"https:\/\/blogsaverroes.juntadeandalucia.es\/ceiplarabida\/?p=3439"},"modified":"2024-03-19T23:35:37","modified_gmt":"2024-03-19T22:35:37","slug":"taller-de-experimentos-2o-trimestre","status":"publish","type":"post","link":"https:\/\/blogsaverroes.juntadeandalucia.es\/ceiplarabida\/taller-de-experimentos-2o-trimestre\/","title":{"rendered":"TALLER DE EXPERIMENTOS (2\u00ba TRIMESTRE)"},"content":{"rendered":"<p>Otro taller y otro trimestre m\u00e1s que llega a su fin. Un fin cargado de emociones, experiencias y aprendizajes que nuestro alumnado ha podido vivenciar en compa\u00f1\u00eda de sus familiares. Nuestras ni\u00f1as y ni\u00f1os\u00a0a lo largo del taller y mediante las diferentes situaciones de aprendizajes han podido manipular, investigar, experimentar, crear, sonre\u00edr&#8230; provocando curiosidad, chispa que prende la creaci\u00f3n del conocimiento y el aprendizaje. A continuaci\u00f3n a trav\u00e9s de un peque\u00f1o reportaje os presentamos un resumen de nuestro taller.<\/p>\n<p>https:\/\/youtu.be\/&#8211;AZHMsd-jI<\/p>\n","protected":false},"excerpt":{"rendered":"<p>Otro taller y otro trimestre m\u00e1s que llega a su fin. Un fin cargado de emociones, experiencias y aprendizajes que nuestro alumnado ha podido vivenciar en compa\u00f1\u00eda de sus familiares. Nuestras ni\u00f1as y ni\u00f1os\u00a0a&#46;&#46;&#46;<\/p>\n","protected":false},"author":14170,"featured_media":0,"comment_status":"open","ping_status":"open","sticky":false,"template":"","format":"standard","meta":{"ngg_post_thumbnail":0,"footnotes":""},"categories":[3],"tags":[],"aioseo_notices":[],"_links":{"self":[{"href":"https:\/\/blogsaverroes.juntadeandalucia.es\/ceiplarabida\/wp-json\/wp\/v2\/posts\/3439"}],"collection":[{"href":"https:\/\/blogsaverroes.juntadeandalucia.es\/ceiplarabida\/wp-json\/wp\/v2\/posts"}],"about":[{"href":"https:\/\/blogsaverroes.juntadeandalucia.es\/ceiplarabida\/wp-json\/wp\/v2\/types\/post"}],"author":[{"embeddable":true,"href":"https:\/\/blogsaverroes.juntadeandalucia.es\/ceiplarabida\/wp-json\/wp\/v2\/users\/14170"}],"replies":[{"embeddable":true,"href":"https:\/\/blogsaverroes.juntadeandalucia.es\/ceiplarabida\/wp-json\/wp\/v2\/comments?post=3439"}],"version-history":[{"count":4,"href":"https:\/\/blogsaverroes.juntadeandalucia.es\/ceiplarabida\/wp-json\/wp\/v2\/posts\/3439\/revisions"}],"predecessor-version":[{"id":3443,"href":"https:\/\/blogsaverroes.juntadeandalucia.es\/ceiplarabida\/wp-json\/wp\/v2\/posts\/3439\/revisions\/3443"}],"wp:attachment":[{"href":"https:\/\/blogsaverroes.juntadeandalucia.es\/ceiplarabida\/wp-json\/wp\/v2\/media?parent=3439"}],"wp:term":[{"taxonomy":"category","embeddable":true,"href":"https:\/\/blogsaverroes.juntadeandalucia.es\/ceiplarabida\/wp-json\/wp\/v2\/categories?post=3439"},{"taxonomy":"post_tag","embeddable":true,"href":"https:\/\/blogsaverroes.juntadeandalucia.es\/ceiplarabida\/wp-json\/wp\/v2\/tags?post=3439"}],"curies":[{"name":"wp","href":"https:\/\/api.w.org\/{rel}","templated":true}]}}