{"id":3580,"date":"2024-06-07T22:19:15","date_gmt":"2024-06-07T21:19:15","guid":{"rendered":"https:\/\/blogsaverroes.juntadeandalucia.es\/ceiplarabida\/?p=3580"},"modified":"2024-06-07T22:19:15","modified_gmt":"2024-06-07T21:19:15","slug":"exposicion-de-instrumentos-musicales","status":"publish","type":"post","link":"https:\/\/blogsaverroes.juntadeandalucia.es\/ceiplarabida\/exposicion-de-instrumentos-musicales\/","title":{"rendered":"Exposici\u00f3n de Instrumentos Musicales"},"content":{"rendered":"<p>Del 5 al 25 de junio se puede visitar la exposici\u00f3n de instrumentos musicales realizados por el alumnado del Ceip La R\u00e1bida durante todo el curso.<br \/>\nDesde el \u00c1rea de M\u00fasica se cuida y protege el medio ambiente reutilizando materiales para la elaboraci\u00f3n de instrumentos musicales.<br \/>\n&nbsp; &nbsp; &nbsp; &nbsp; &nbsp; &nbsp; &nbsp; &nbsp; &nbsp;\u00a1Ven a visitarnos!<\/p>\n<p><img loading=\"lazy\" decoding=\"async\" class=\"aligncenter size-large wp-image-3581\" src=\"https:\/\/blogsaverroes.juntadeandalucia.es\/ceiplarabida\/files\/2024\/06\/e5da023b-6ca0-4f27-89a3-abae87bc2b6e-777x1024.jpeg\" alt=\"\" width=\"660\" height=\"870\" srcset=\"https:\/\/blogsaverroes.juntadeandalucia.es\/ceiplarabida\/files\/2024\/06\/e5da023b-6ca0-4f27-89a3-abae87bc2b6e-777x1024.jpeg 777w, https:\/\/blogsaverroes.juntadeandalucia.es\/ceiplarabida\/files\/2024\/06\/e5da023b-6ca0-4f27-89a3-abae87bc2b6e-227x300.jpeg 227w, https:\/\/blogsaverroes.juntadeandalucia.es\/ceiplarabida\/files\/2024\/06\/e5da023b-6ca0-4f27-89a3-abae87bc2b6e-768x1013.jpeg 768w, https:\/\/blogsaverroes.juntadeandalucia.es\/ceiplarabida\/files\/2024\/06\/e5da023b-6ca0-4f27-89a3-abae87bc2b6e-1165x1536.jpeg 1165w, https:\/\/blogsaverroes.juntadeandalucia.es\/ceiplarabida\/files\/2024\/06\/e5da023b-6ca0-4f27-89a3-abae87bc2b6e-700x923.jpeg 700w, https:\/\/blogsaverroes.juntadeandalucia.es\/ceiplarabida\/files\/2024\/06\/e5da023b-6ca0-4f27-89a3-abae87bc2b6e-332x438.jpeg 332w, https:\/\/blogsaverroes.juntadeandalucia.es\/ceiplarabida\/files\/2024\/06\/e5da023b-6ca0-4f27-89a3-abae87bc2b6e.jpeg 1553w\" sizes=\"(max-width: 660px) 100vw, 660px\" \/><\/p>\n","protected":false},"excerpt":{"rendered":"<p>Del 5 al 25 de junio se puede visitar la exposici\u00f3n de instrumentos musicales realizados por el alumnado del Ceip La R\u00e1bida durante todo el curso. Desde el \u00c1rea de M\u00fasica se cuida y&#46;&#46;&#46;<\/p>\n","protected":false},"author":12974,"featured_media":3581,"comment_status":"open","ping_status":"open","sticky":false,"template":"","format":"standard","meta":{"ngg_post_thumbnail":0,"footnotes":""},"categories":[27,3],"tags":[],"aioseo_notices":[],"_links":{"self":[{"href":"https:\/\/blogsaverroes.juntadeandalucia.es\/ceiplarabida\/wp-json\/wp\/v2\/posts\/3580"}],"collection":[{"href":"https:\/\/blogsaverroes.juntadeandalucia.es\/ceiplarabida\/wp-json\/wp\/v2\/posts"}],"about":[{"href":"https:\/\/blogsaverroes.juntadeandalucia.es\/ceiplarabida\/wp-json\/wp\/v2\/types\/post"}],"author":[{"embeddable":true,"href":"https:\/\/blogsaverroes.juntadeandalucia.es\/ceiplarabida\/wp-json\/wp\/v2\/users\/12974"}],"replies":[{"embeddable":true,"href":"https:\/\/blogsaverroes.juntadeandalucia.es\/ceiplarabida\/wp-json\/wp\/v2\/comments?post=3580"}],"version-history":[{"count":1,"href":"https:\/\/blogsaverroes.juntadeandalucia.es\/ceiplarabida\/wp-json\/wp\/v2\/posts\/3580\/revisions"}],"predecessor-version":[{"id":3582,"href":"https:\/\/blogsaverroes.juntadeandalucia.es\/ceiplarabida\/wp-json\/wp\/v2\/posts\/3580\/revisions\/3582"}],"wp:featuredmedia":[{"embeddable":true,"href":"https:\/\/blogsaverroes.juntadeandalucia.es\/ceiplarabida\/wp-json\/wp\/v2\/media\/3581"}],"wp:attachment":[{"href":"https:\/\/blogsaverroes.juntadeandalucia.es\/ceiplarabida\/wp-json\/wp\/v2\/media?parent=3580"}],"wp:term":[{"taxonomy":"category","embeddable":true,"href":"https:\/\/blogsaverroes.juntadeandalucia.es\/ceiplarabida\/wp-json\/wp\/v2\/categories?post=3580"},{"taxonomy":"post_tag","embeddable":true,"href":"https:\/\/blogsaverroes.juntadeandalucia.es\/ceiplarabida\/wp-json\/wp\/v2\/tags?post=3580"}],"curies":[{"name":"wp","href":"https:\/\/api.w.org\/{rel}","templated":true}]}}