{"id":4604,"date":"2025-02-23T17:19:30","date_gmt":"2025-02-23T17:19:30","guid":{"rendered":"https:\/\/blogsaverroes.juntadeandalucia.es\/ceiplaraza\/?p=4604"},"modified":"2025-02-23T17:20:29","modified_gmt":"2025-02-23T17:20:29","slug":"un-proyecto-para-recordar-un-ano-de-aulas-verdes-abiertas","status":"publish","type":"post","link":"https:\/\/blogsaverroes.juntadeandalucia.es\/ceiplaraza\/un-proyecto-para-recordar-un-ano-de-aulas-verdes-abiertas\/","title":{"rendered":"Un proyecto para recordar: un a\u00f1o de Aulas Verdes Abiertas"},"content":{"rendered":"<div class=\"x1qjc9v5 x972fbf xcfux6l x1qhh985 xm0m39n x9f619 x78zum5 xdt5ytf x2lah0s xk390pu xdj266r x11i5rnm xat24cr x1mh8g0r xexx8yu x4uap5 x18d9i69 xkhd6sd x1n2onr6 xggy1nq x11njtxf\" role=\"button\">\n<div class=\"_aagu _aato\">\n<div class=\"_aagv\">&nbsp;<\/div>\n<\/div>\n<\/div>\n<p>Hoy nos apetece mucho compartir con tanto con la comunidad educativa actual como con la futura, que nuestro colegio fue uno de los afortunados en ser seleccionado para el proyecto <strong>\u00abAulas Verdes Abiertas\u00bb<\/strong>, auspiciado por la <strong>Resoluci\u00f3n de 11 de noviembre de 2022 de la Direcci\u00f3n General de Tecnolog\u00edas Avanzadas y Transformaci\u00f3n Educativa<\/strong>. Este proyecto, enfocado en la renaturalizaci\u00f3n de espacios exteriores y su aprovechamiento pedag\u00f3gico, fue implementado en los centros educativos de titularidad p\u00fablica de la Comunidad Aut\u00f3noma de Andaluc\u00eda durante los cursos 2022\/2023 y 2023\/2024.<\/p>\n<p><a href=\"https:\/\/blogsaverroes.juntadeandalucia.es\/ceiplaraza\/files\/2025\/02\/431667244_1057786425297046_2026692734472208164_n.jpg\"><img loading=\"lazy\" decoding=\"async\" class=\"alignnone size-full wp-image-4614\" src=\"https:\/\/blogsaverroes.juntadeandalucia.es\/ceiplaraza\/files\/2025\/02\/431667244_1057786425297046_2026692734472208164_n.jpg\" alt=\"\" width=\"1080\" height=\"1265\" srcset=\"https:\/\/blogsaverroes.juntadeandalucia.es\/ceiplaraza\/files\/2025\/02\/431667244_1057786425297046_2026692734472208164_n.jpg 1080w, https:\/\/blogsaverroes.juntadeandalucia.es\/ceiplaraza\/files\/2025\/02\/431667244_1057786425297046_2026692734472208164_n-256x300.jpg 256w, https:\/\/blogsaverroes.juntadeandalucia.es\/ceiplaraza\/files\/2025\/02\/431667244_1057786425297046_2026692734472208164_n-874x1024.jpg 874w, https:\/\/blogsaverroes.juntadeandalucia.es\/ceiplaraza\/files\/2025\/02\/431667244_1057786425297046_2026692734472208164_n-768x900.jpg 768w, https:\/\/blogsaverroes.juntadeandalucia.es\/ceiplaraza\/files\/2025\/02\/431667244_1057786425297046_2026692734472208164_n-700x820.jpg 700w\" sizes=\"(max-width: 1080px) 100vw, 1080px\" \/><\/a><\/p>\n<p>Hace un a\u00f1o, tuvimos el honor de inaugurar el nuevo patio de Infantil, un espacio lleno de vida y aprendizaje financiado gracias a este innovador proyecto. Hoy, recordamos con orgullo todo lo que hemos integrado y logrado desde entonces.<\/p>\n<p><strong>Zonas del Patio de Infantil:<\/strong><\/p>\n<ul>\n<li><strong>Zona de Dramatizaci\u00f3n:<\/strong> Un espacio donde los ni\u00f1os y las ni\u00f1as, pueden dejar volar su imaginaci\u00f3n y creatividad, representando historias y situaciones a trav\u00e9s del juego de roles.<\/li>\n<li><strong>Zona de Creatividad:<\/strong> Aqu\u00ed, l@s peque\u00f1os artistas pueden explorar diversas formas de expresi\u00f3n art\u00edstica, desde el dibujo y la pintura hasta la escultura con materiales naturales.<\/li>\n<li><strong>Zona Multisensorial:<\/strong> Dise\u00f1ada para estimular los sentidos. Este \u00e1rea cuenta con texturas, colores y sonidos que promueven el desarrollo sensorial y cognitivo.<\/li>\n<li><strong>Zona de Experimentaci\u00f3n:<\/strong> Un rinc\u00f3n para que l@s peque\u00f1@s cient\u00edfic@s, donde pueden realizar experimentos simples y aprender sobre el mundo natural a trav\u00e9s del juego.<\/li>\n<li><strong>Zona de Naturaleza:<\/strong> Un espacio verde donde poder interactuar con plantas y peque\u00f1os animales, aprendiendo sobre la biodiversidad y la importancia de cuidar nuestro entorno.\n\t\t<style>\n\t\t\t#gallery-1 {\n\t\t\t\tmargin: auto;\n\t\t\t}\n\t\t\t#gallery-1 .gallery-item {\n\t\t\t\tfloat: left;\n\t\t\t\tmargin-top: 10px;\n\t\t\t\ttext-align: center;\n\t\t\t\twidth: 33%;\n\t\t\t}\n\t\t\t#gallery-1 img {\n\t\t\t\tborder: 2px solid #cfcfcf;\n\t\t\t}\n\t\t\t#gallery-1 .gallery-caption {\n\t\t\t\tmargin-left: 0;\n\t\t\t}\n\t\t\t\/* see gallery_shortcode() in wp-includes\/media.php *\/\n\t\t<\/style>\n\t\t<div id='gallery-1' class='gallery galleryid-4604 gallery-columns-3 gallery-size-thumbnail'><dl class='gallery-item'>\n\t\t\t<dt class='gallery-icon portrait'>\n\t\t\t\t<a href='https:\/\/blogsaverroes.juntadeandalucia.es\/ceiplaraza\/un-proyecto-para-recordar-un-ano-de-aulas-verdes-abiertas\/431694564_461568579722538_4683310296800596182_n\/'><img loading=\"lazy\" decoding=\"async\" width=\"150\" height=\"150\" src=\"https:\/\/blogsaverroes.juntadeandalucia.es\/ceiplaraza\/files\/2025\/02\/431694564_461568579722538_4683310296800596182_n-150x150.jpg\" class=\"attachment-thumbnail size-thumbnail\" alt=\"\" srcset=\"https:\/\/blogsaverroes.juntadeandalucia.es\/ceiplaraza\/files\/2025\/02\/431694564_461568579722538_4683310296800596182_n-150x150.jpg 150w, https:\/\/blogsaverroes.juntadeandalucia.es\/ceiplaraza\/files\/2025\/02\/431694564_461568579722538_4683310296800596182_n-432x432.jpg 432w, https:\/\/blogsaverroes.juntadeandalucia.es\/ceiplaraza\/files\/2025\/02\/431694564_461568579722538_4683310296800596182_n-268x268.jpg 268w\" sizes=\"(max-width: 150px) 100vw, 150px\" \/><\/a>\n\t\t\t<\/dt><\/dl><dl class='gallery-item'>\n\t\t\t<dt class='gallery-icon portrait'>\n\t\t\t\t<a href='https:\/\/blogsaverroes.juntadeandalucia.es\/ceiplaraza\/un-proyecto-para-recordar-un-ano-de-aulas-verdes-abiertas\/431663667_644074064510928_5042839963486697971_n\/'><img loading=\"lazy\" decoding=\"async\" width=\"150\" height=\"150\" src=\"https:\/\/blogsaverroes.juntadeandalucia.es\/ceiplaraza\/files\/2025\/02\/431663667_644074064510928_5042839963486697971_n-150x150.jpg\" class=\"attachment-thumbnail size-thumbnail\" alt=\"\" srcset=\"https:\/\/blogsaverroes.juntadeandalucia.es\/ceiplaraza\/files\/2025\/02\/431663667_644074064510928_5042839963486697971_n-150x150.jpg 150w, https:\/\/blogsaverroes.juntadeandalucia.es\/ceiplaraza\/files\/2025\/02\/431663667_644074064510928_5042839963486697971_n-432x432.jpg 432w, https:\/\/blogsaverroes.juntadeandalucia.es\/ceiplaraza\/files\/2025\/02\/431663667_644074064510928_5042839963486697971_n-268x268.jpg 268w\" sizes=\"(max-width: 150px) 100vw, 150px\" \/><\/a>\n\t\t\t<\/dt><\/dl><dl class='gallery-item'>\n\t\t\t<dt class='gallery-icon portrait'>\n\t\t\t\t<a href='https:\/\/blogsaverroes.juntadeandalucia.es\/ceiplaraza\/un-proyecto-para-recordar-un-ano-de-aulas-verdes-abiertas\/431721311_860111439217597_4454111875633579238_n\/'><img loading=\"lazy\" decoding=\"async\" width=\"150\" height=\"150\" src=\"https:\/\/blogsaverroes.juntadeandalucia.es\/ceiplaraza\/files\/2025\/02\/431721311_860111439217597_4454111875633579238_n-150x150.jpg\" class=\"attachment-thumbnail size-thumbnail\" alt=\"\" srcset=\"https:\/\/blogsaverroes.juntadeandalucia.es\/ceiplaraza\/files\/2025\/02\/431721311_860111439217597_4454111875633579238_n-150x150.jpg 150w, https:\/\/blogsaverroes.juntadeandalucia.es\/ceiplaraza\/files\/2025\/02\/431721311_860111439217597_4454111875633579238_n-432x432.jpg 432w, https:\/\/blogsaverroes.juntadeandalucia.es\/ceiplaraza\/files\/2025\/02\/431721311_860111439217597_4454111875633579238_n-268x268.jpg 268w\" sizes=\"(max-width: 150px) 100vw, 150px\" \/><\/a>\n\t\t\t<\/dt><\/dl><br style=\"clear: both\" \/><dl class='gallery-item'>\n\t\t\t<dt class='gallery-icon portrait'>\n\t\t\t\t<a href='https:\/\/blogsaverroes.juntadeandalucia.es\/ceiplaraza\/un-proyecto-para-recordar-un-ano-de-aulas-verdes-abiertas\/431480830_432802389178539_270561382447696072_n-2\/'><img loading=\"lazy\" decoding=\"async\" width=\"150\" height=\"150\" src=\"https:\/\/blogsaverroes.juntadeandalucia.es\/ceiplaraza\/files\/2025\/02\/431480830_432802389178539_270561382447696072_n-1-150x150.jpg\" class=\"attachment-thumbnail size-thumbnail\" alt=\"\" srcset=\"https:\/\/blogsaverroes.juntadeandalucia.es\/ceiplaraza\/files\/2025\/02\/431480830_432802389178539_270561382447696072_n-1-150x150.jpg 150w, https:\/\/blogsaverroes.juntadeandalucia.es\/ceiplaraza\/files\/2025\/02\/431480830_432802389178539_270561382447696072_n-1-432x432.jpg 432w, https:\/\/blogsaverroes.juntadeandalucia.es\/ceiplaraza\/files\/2025\/02\/431480830_432802389178539_270561382447696072_n-1-268x268.jpg 268w\" sizes=\"(max-width: 150px) 100vw, 150px\" \/><\/a>\n\t\t\t<\/dt><\/dl><dl class='gallery-item'>\n\t\t\t<dt class='gallery-icon portrait'>\n\t\t\t\t<a href='https:\/\/blogsaverroes.juntadeandalucia.es\/ceiplaraza\/un-proyecto-para-recordar-un-ano-de-aulas-verdes-abiertas\/431667560_1080120993264424_4940480767024106302_n\/'><img loading=\"lazy\" decoding=\"async\" width=\"150\" height=\"150\" src=\"https:\/\/blogsaverroes.juntadeandalucia.es\/ceiplaraza\/files\/2025\/02\/431667560_1080120993264424_4940480767024106302_n-150x150.jpg\" class=\"attachment-thumbnail size-thumbnail\" alt=\"\" srcset=\"https:\/\/blogsaverroes.juntadeandalucia.es\/ceiplaraza\/files\/2025\/02\/431667560_1080120993264424_4940480767024106302_n-150x150.jpg 150w, https:\/\/blogsaverroes.juntadeandalucia.es\/ceiplaraza\/files\/2025\/02\/431667560_1080120993264424_4940480767024106302_n-432x432.jpg 432w, https:\/\/blogsaverroes.juntadeandalucia.es\/ceiplaraza\/files\/2025\/02\/431667560_1080120993264424_4940480767024106302_n-268x268.jpg 268w\" sizes=\"(max-width: 150px) 100vw, 150px\" \/><\/a>\n\t\t\t<\/dt><\/dl><dl class='gallery-item'>\n\t\t\t<dt class='gallery-icon portrait'>\n\t\t\t\t<a href='https:\/\/blogsaverroes.juntadeandalucia.es\/ceiplaraza\/un-proyecto-para-recordar-un-ano-de-aulas-verdes-abiertas\/431725291_944966396922517_6644769382706411372_n\/'><img loading=\"lazy\" decoding=\"async\" width=\"150\" height=\"150\" src=\"https:\/\/blogsaverroes.juntadeandalucia.es\/ceiplaraza\/files\/2025\/02\/431725291_944966396922517_6644769382706411372_n-150x150.jpg\" class=\"attachment-thumbnail size-thumbnail\" alt=\"\" srcset=\"https:\/\/blogsaverroes.juntadeandalucia.es\/ceiplaraza\/files\/2025\/02\/431725291_944966396922517_6644769382706411372_n-150x150.jpg 150w, https:\/\/blogsaverroes.juntadeandalucia.es\/ceiplaraza\/files\/2025\/02\/431725291_944966396922517_6644769382706411372_n-432x432.jpg 432w, https:\/\/blogsaverroes.juntadeandalucia.es\/ceiplaraza\/files\/2025\/02\/431725291_944966396922517_6644769382706411372_n-268x268.jpg 268w\" sizes=\"(max-width: 150px) 100vw, 150px\" \/><\/a>\n\t\t\t<\/dt><\/dl><br style=\"clear: both\" \/><dl class='gallery-item'>\n\t\t\t<dt class='gallery-icon portrait'>\n\t\t\t\t<a href='https:\/\/blogsaverroes.juntadeandalucia.es\/ceiplaraza\/un-proyecto-para-recordar-un-ano-de-aulas-verdes-abiertas\/431718240_1858700144589883_796725488485685002_n\/'><img loading=\"lazy\" decoding=\"async\" width=\"150\" height=\"150\" src=\"https:\/\/blogsaverroes.juntadeandalucia.es\/ceiplaraza\/files\/2025\/02\/431718240_1858700144589883_796725488485685002_n-150x150.jpg\" class=\"attachment-thumbnail size-thumbnail\" alt=\"\" srcset=\"https:\/\/blogsaverroes.juntadeandalucia.es\/ceiplaraza\/files\/2025\/02\/431718240_1858700144589883_796725488485685002_n-150x150.jpg 150w, https:\/\/blogsaverroes.juntadeandalucia.es\/ceiplaraza\/files\/2025\/02\/431718240_1858700144589883_796725488485685002_n-432x432.jpg 432w, https:\/\/blogsaverroes.juntadeandalucia.es\/ceiplaraza\/files\/2025\/02\/431718240_1858700144589883_796725488485685002_n-268x268.jpg 268w\" sizes=\"(max-width: 150px) 100vw, 150px\" \/><\/a>\n\t\t\t<\/dt><\/dl><dl class='gallery-item'>\n\t\t\t<dt class='gallery-icon portrait'>\n\t\t\t\t<a href='https:\/\/blogsaverroes.juntadeandalucia.es\/ceiplaraza\/un-proyecto-para-recordar-un-ano-de-aulas-verdes-abiertas\/431698401_380888608216225_7203910453838769930_n\/'><img loading=\"lazy\" decoding=\"async\" width=\"150\" height=\"150\" src=\"https:\/\/blogsaverroes.juntadeandalucia.es\/ceiplaraza\/files\/2025\/02\/431698401_380888608216225_7203910453838769930_n-150x150.jpg\" class=\"attachment-thumbnail size-thumbnail\" alt=\"\" srcset=\"https:\/\/blogsaverroes.juntadeandalucia.es\/ceiplaraza\/files\/2025\/02\/431698401_380888608216225_7203910453838769930_n-150x150.jpg 150w, https:\/\/blogsaverroes.juntadeandalucia.es\/ceiplaraza\/files\/2025\/02\/431698401_380888608216225_7203910453838769930_n-432x432.jpg 432w, https:\/\/blogsaverroes.juntadeandalucia.es\/ceiplaraza\/files\/2025\/02\/431698401_380888608216225_7203910453838769930_n-268x268.jpg 268w\" sizes=\"(max-width: 150px) 100vw, 150px\" \/><\/a>\n\t\t\t<\/dt><\/dl><dl class='gallery-item'>\n\t\t\t<dt class='gallery-icon portrait'>\n\t\t\t\t<a href='https:\/\/blogsaverroes.juntadeandalucia.es\/ceiplaraza\/un-proyecto-para-recordar-un-ano-de-aulas-verdes-abiertas\/431483373_766247525111300_4180398221259767760_n\/'><img loading=\"lazy\" decoding=\"async\" width=\"150\" height=\"150\" src=\"https:\/\/blogsaverroes.juntadeandalucia.es\/ceiplaraza\/files\/2025\/02\/431483373_766247525111300_4180398221259767760_n-150x150.jpg\" class=\"attachment-thumbnail size-thumbnail\" alt=\"\" srcset=\"https:\/\/blogsaverroes.juntadeandalucia.es\/ceiplaraza\/files\/2025\/02\/431483373_766247525111300_4180398221259767760_n-150x150.jpg 150w, https:\/\/blogsaverroes.juntadeandalucia.es\/ceiplaraza\/files\/2025\/02\/431483373_766247525111300_4180398221259767760_n-432x432.jpg 432w, https:\/\/blogsaverroes.juntadeandalucia.es\/ceiplaraza\/files\/2025\/02\/431483373_766247525111300_4180398221259767760_n-268x268.jpg 268w\" sizes=\"(max-width: 150px) 100vw, 150px\" \/><\/a>\n\t\t\t<\/dt><\/dl><br style=\"clear: both\" \/>\n\t\t<\/div>\n<\/li>\n<\/ul>\n<p>Y es que, este proyecto ha transformado f\u00edsicamente nuestro patio de Infantil y tambi\u00e9n ha enriquecido la experiencia educativa de ni\u00f1os y ni\u00f1as, fomentando el aprendizaje al aire libre y el contacto directo con la naturaleza. Nos llena de alegr\u00eda ver c\u00f3mo nuestro alumnado disfruta y aprende en estos espacios, desarrollando habilidades y valores que les acompa\u00f1ar\u00e1n toda la vida.<\/p>\n<p><a href=\"https:\/\/blogsaverroes.juntadeandalucia.es\/ceiplaraza\/files\/2025\/02\/aulaarcoiris1.jpg\"><img loading=\"lazy\" decoding=\"async\" class=\"alignnone size-full wp-image-4616\" src=\"https:\/\/blogsaverroes.juntadeandalucia.es\/ceiplaraza\/files\/2025\/02\/aulaarcoiris1.jpg\" alt=\"\" width=\"1052\" height=\"1216\" srcset=\"https:\/\/blogsaverroes.juntadeandalucia.es\/ceiplaraza\/files\/2025\/02\/aulaarcoiris1.jpg 1052w, https:\/\/blogsaverroes.juntadeandalucia.es\/ceiplaraza\/files\/2025\/02\/aulaarcoiris1-260x300.jpg 260w, https:\/\/blogsaverroes.juntadeandalucia.es\/ceiplaraza\/files\/2025\/02\/aulaarcoiris1-886x1024.jpg 886w, https:\/\/blogsaverroes.juntadeandalucia.es\/ceiplaraza\/files\/2025\/02\/aulaarcoiris1-768x888.jpg 768w, https:\/\/blogsaverroes.juntadeandalucia.es\/ceiplaraza\/files\/2025\/02\/aulaarcoiris1-700x809.jpg 700w\" sizes=\"(max-width: 1052px) 100vw, 1052px\" \/><\/a><\/p>\n<p>Y as\u00ed es como nos gustar\u00eda seguir trabajando, con entusiasmo y dedicaci\u00f3n para que nuestras <strong>\u00abAulas Verdes Abiertas\u00bb<\/strong> contin\u00faen siendo un lugar de crecimiento y descubrimiento.<\/p>\n<p>\u00a1Gracias a todos los que han hecho posible este maravilloso proyecto para que, tanto el alumnado que actualmente estudia en nuestro centro como el que se quiera incorporar, aprenda en un entorno enriquecedor y lleno de vida, donde la naturaleza y la educaci\u00f3n se entrelazan para ofrecer experiencias \u00fanicas y valiosas.<\/p>\n<p>&nbsp;<\/p>\n<p>&nbsp;<\/p>\n<p>&nbsp;<\/p>\n","protected":false},"excerpt":{"rendered":"<p>&nbsp; Hoy nos apetece mucho compartir con tanto con la comunidad educativa actual como con la futura, que nuestro colegio fue uno de los afortunados en ser seleccionado para el proyecto \u00abAulas Verdes Abiertas\u00bb,&#46;&#46;&#46;<\/p>\n","protected":false},"author":6407,"featured_media":0,"comment_status":"open","ping_status":"open","sticky":false,"template":"","format":"standard","meta":{"ngg_post_thumbnail":0,"footnotes":""},"categories":[11909],"tags":[],"aioseo_notices":[],"_links":{"self":[{"href":"https:\/\/blogsaverroes.juntadeandalucia.es\/ceiplaraza\/wp-json\/wp\/v2\/posts\/4604"}],"collection":[{"href":"https:\/\/blogsaverroes.juntadeandalucia.es\/ceiplaraza\/wp-json\/wp\/v2\/posts"}],"about":[{"href":"https:\/\/blogsaverroes.juntadeandalucia.es\/ceiplaraza\/wp-json\/wp\/v2\/types\/post"}],"author":[{"embeddable":true,"href":"https:\/\/blogsaverroes.juntadeandalucia.es\/ceiplaraza\/wp-json\/wp\/v2\/users\/6407"}],"replies":[{"embeddable":true,"href":"https:\/\/blogsaverroes.juntadeandalucia.es\/ceiplaraza\/wp-json\/wp\/v2\/comments?post=4604"}],"version-history":[{"count":3,"href":"https:\/\/blogsaverroes.juntadeandalucia.es\/ceiplaraza\/wp-json\/wp\/v2\/posts\/4604\/revisions"}],"predecessor-version":[{"id":4619,"href":"https:\/\/blogsaverroes.juntadeandalucia.es\/ceiplaraza\/wp-json\/wp\/v2\/posts\/4604\/revisions\/4619"}],"wp:attachment":[{"href":"https:\/\/blogsaverroes.juntadeandalucia.es\/ceiplaraza\/wp-json\/wp\/v2\/media?parent=4604"}],"wp:term":[{"taxonomy":"category","embeddable":true,"href":"https:\/\/blogsaverroes.juntadeandalucia.es\/ceiplaraza\/wp-json\/wp\/v2\/categories?post=4604"},{"taxonomy":"post_tag","embeddable":true,"href":"https:\/\/blogsaverroes.juntadeandalucia.es\/ceiplaraza\/wp-json\/wp\/v2\/tags?post=4604"}],"curies":[{"name":"wp","href":"https:\/\/api.w.org\/{rel}","templated":true}]}}