{"id":346,"date":"2016-10-31T13:29:38","date_gmt":"2016-10-31T12:29:38","guid":{"rendered":"https:\/\/www.ceiplaromanilla.es\/cuentos-a-la-luz-de-las-velas\/"},"modified":"2016-10-31T13:29:38","modified_gmt":"2016-10-31T12:29:38","slug":"cuentos-a-la-luz-de-las-velas","status":"publish","type":"post","link":"https:\/\/blogsaverroes.juntadeandalucia.es\/ceiplaromanilla\/cuentos-a-la-luz-de-las-velas\/","title":{"rendered":"CUENTOS A LA LUZ DE LAS VELAS"},"content":{"rendered":"<p><img fetchpriority=\"high\" fetchpriority=\"high\" decoding=\"async\" class=\"thumbnail img-responsive center-block\" src=\"\/uploads\/images\/359\/2016-10-31-581736476b92e.jpg\" alt=\"\" width=\"246\" height=\"246\" \/>El mi\u00e9rcoles 26 y jueves 27 de octubre, se realiz\u00f3 la actividad de lectura de cuentos a la luz de las velas. El profesorado prepar\u00f3 cuentos de miedo adaptados al alumnado tanto de E. Infantil como de E. Primaria. El alumnado disfrut\u00f3 mucho y se sorprendi\u00f3 de la decoraci\u00f3n del espacio preparado.\u00a0<br \/><img decoding=\"async\" class=\"thumbnail img-responsive center-block\" src=\"\/uploads\/images\/359\/2016-10-31-5817368ae38fa.jpg\" alt=\"\" width=\"254\" height=\"254\" \/><br \/>Damos las gracias al grupo de madres\/padres que decoraron el aula. Qued\u00f3&#8230; <em>\u00a1Estupendamente terror\u00edfica!<\/em><\/p>\n<p>\u00a0 \u00a0 \u00a0 \u00a0 \u00a0 \u00a0 \u00a0 \u00a0 \u00a0 \u00a0 \u00a0 \u00a0 \u00a0 \u00a0 \u00a0 \u00a0 \u00a0 \u00a0 \u00a0 \u00a0 \u00a0 \u00a0 \u00a0 \u00a0 \u00a0 \u00a0 \u00a0 \u00a0 \u00a0 \u00a0 \u00a0 \u00a0 \u00a0 \u00a0 \u00a0<\/p>\n<p>\u00a0<\/p>\n","protected":false},"excerpt":{"rendered":"<p>El mi\u00e9rcoles 26 y jueves 27 de octubre, se realiz\u00f3 la actividad de lectura de cuentos a la luz de las velas. El profesorado prepar\u00f3 cuentos de miedo adaptados al alumnado tanto de E. Infantil como de E. Primaria. El alumnado disfrut\u00f3 mucho y se sorprendi\u00f3 de la decoraci\u00f3n del espacio preparado.\u00a0Damos las gracias al [&hellip;]<\/p>\n","protected":false},"author":16029,"featured_media":0,"comment_status":"open","ping_status":"open","sticky":false,"template":"","format":"standard","meta":{"_et_pb_use_builder":"","_et_pb_old_content":"","_et_gb_content_width":"","ngg_post_thumbnail":0,"footnotes":""},"categories":[16],"tags":[],"aioseo_notices":[],"post_mailing_queue_ids":[],"_links":{"self":[{"href":"https:\/\/blogsaverroes.juntadeandalucia.es\/ceiplaromanilla\/wp-json\/wp\/v2\/posts\/346"}],"collection":[{"href":"https:\/\/blogsaverroes.juntadeandalucia.es\/ceiplaromanilla\/wp-json\/wp\/v2\/posts"}],"about":[{"href":"https:\/\/blogsaverroes.juntadeandalucia.es\/ceiplaromanilla\/wp-json\/wp\/v2\/types\/post"}],"author":[{"embeddable":true,"href":"https:\/\/blogsaverroes.juntadeandalucia.es\/ceiplaromanilla\/wp-json\/wp\/v2\/users\/16029"}],"replies":[{"embeddable":true,"href":"https:\/\/blogsaverroes.juntadeandalucia.es\/ceiplaromanilla\/wp-json\/wp\/v2\/comments?post=346"}],"version-history":[{"count":0,"href":"https:\/\/blogsaverroes.juntadeandalucia.es\/ceiplaromanilla\/wp-json\/wp\/v2\/posts\/346\/revisions"}],"wp:attachment":[{"href":"https:\/\/blogsaverroes.juntadeandalucia.es\/ceiplaromanilla\/wp-json\/wp\/v2\/media?parent=346"}],"wp:term":[{"taxonomy":"category","embeddable":true,"href":"https:\/\/blogsaverroes.juntadeandalucia.es\/ceiplaromanilla\/wp-json\/wp\/v2\/categories?post=346"},{"taxonomy":"post_tag","embeddable":true,"href":"https:\/\/blogsaverroes.juntadeandalucia.es\/ceiplaromanilla\/wp-json\/wp\/v2\/tags?post=346"}],"curies":[{"name":"wp","href":"https:\/\/api.w.org\/{rel}","templated":true}]}}