{"id":6743,"date":"2023-02-17T19:09:40","date_gmt":"2023-02-17T18:09:40","guid":{"rendered":"https:\/\/www.ceiplaromanilla.es\/?p=6163"},"modified":"2023-02-17T19:09:40","modified_gmt":"2023-02-17T18:09:40","slug":"obra-de-teatro-la-princesa-y-el-dragon","status":"publish","type":"post","link":"https:\/\/blogsaverroes.juntadeandalucia.es\/ceiplaromanilla\/obra-de-teatro-la-princesa-y-el-dragon\/","title":{"rendered":"Obra de teatro: La princesa y el drag\u00f3n"},"content":{"rendered":"<p>El pasado jueves 16 de febrero, los ni\u00f1os y ni\u00f1as de 4 y 5 a\u00f1os asistieron a una actividad organizada por el ayuntamiento. Disfrutaron de la obra de teatro infantil &#8221; La princesa y el drag\u00f3n&#8221;.<\/p>\n<p>Se lo pasaron genial!<\/p>\n<p><a href=\"https:\/\/www.ceiplaromanilla.es\/wp-content\/uploads\/2023\/02\/Imagen-de-WhatsApp-2023-02-16-a-las-11.12.25.jpg\"><img fetchpriority=\"high\" fetchpriority=\"high\" decoding=\"async\" class=\"alignnone size-large wp-image-6164\" src=\"https:\/\/www.ceiplaromanilla.es\/wp-content\/uploads\/2023\/02\/Imagen-de-WhatsApp-2023-02-16-a-las-11.12.25-1024x768.jpg\" alt=\"\" width=\"1024\" height=\"768\"><\/a> <a href=\"https:\/\/www.ceiplaromanilla.es\/wp-content\/uploads\/2023\/02\/Imagen-de-WhatsApp-2023-02-16-a-las-11.12.26.jpg\"><img decoding=\"async\" class=\"alignnone size-large wp-image-6165\" src=\"https:\/\/www.ceiplaromanilla.es\/wp-content\/uploads\/2023\/02\/Imagen-de-WhatsApp-2023-02-16-a-las-11.12.26-1024x768.jpg\" alt=\"\" width=\"1024\" height=\"768\"><\/a> <a href=\"https:\/\/www.ceiplaromanilla.es\/wp-content\/uploads\/2023\/02\/Imagen-de-WhatsApp-2023-02-16-a-las-11.12.27.jpg\"><img decoding=\"async\" class=\"alignnone size-large wp-image-6166\" src=\"https:\/\/www.ceiplaromanilla.es\/wp-content\/uploads\/2023\/02\/Imagen-de-WhatsApp-2023-02-16-a-las-11.12.27-1024x768.jpg\" alt=\"\" width=\"1024\" height=\"768\"><\/a> <a href=\"https:\/\/www.ceiplaromanilla.es\/wp-content\/uploads\/2023\/02\/Imagen-de-WhatsApp-2023-02-16-a-las-12.11.52.jpg\"><img loading=\"lazy\" loading=\"lazy\" decoding=\"async\" class=\"alignnone size-large wp-image-6167\" src=\"https:\/\/www.ceiplaromanilla.es\/wp-content\/uploads\/2023\/02\/Imagen-de-WhatsApp-2023-02-16-a-las-12.11.52-1024x768.jpg\" alt=\"\" width=\"1024\" height=\"768\"><\/a><\/p>\n","protected":false},"excerpt":{"rendered":"<p>El pasado jueves 16 de febrero, los ni\u00f1os y ni\u00f1as de 4 y 5 a\u00f1os asistieron a una actividad organizada por el ayuntamiento. Disfrutaron de la obra de teatro infantil &#8221; La princesa y el drag\u00f3n&#8221;. Se lo pasaron genial!<\/p>\n","protected":false},"author":16029,"featured_media":0,"comment_status":"closed","ping_status":"closed","sticky":false,"template":"","format":"standard","meta":{"_et_pb_use_builder":"","_et_pb_old_content":"","_et_gb_content_width":"","ngg_post_thumbnail":0,"footnotes":""},"categories":[16],"tags":[22],"aioseo_notices":[],"post_mailing_queue_ids":[],"_links":{"self":[{"href":"https:\/\/blogsaverroes.juntadeandalucia.es\/ceiplaromanilla\/wp-json\/wp\/v2\/posts\/6743"}],"collection":[{"href":"https:\/\/blogsaverroes.juntadeandalucia.es\/ceiplaromanilla\/wp-json\/wp\/v2\/posts"}],"about":[{"href":"https:\/\/blogsaverroes.juntadeandalucia.es\/ceiplaromanilla\/wp-json\/wp\/v2\/types\/post"}],"author":[{"embeddable":true,"href":"https:\/\/blogsaverroes.juntadeandalucia.es\/ceiplaromanilla\/wp-json\/wp\/v2\/users\/16029"}],"replies":[{"embeddable":true,"href":"https:\/\/blogsaverroes.juntadeandalucia.es\/ceiplaromanilla\/wp-json\/wp\/v2\/comments?post=6743"}],"version-history":[{"count":0,"href":"https:\/\/blogsaverroes.juntadeandalucia.es\/ceiplaromanilla\/wp-json\/wp\/v2\/posts\/6743\/revisions"}],"wp:attachment":[{"href":"https:\/\/blogsaverroes.juntadeandalucia.es\/ceiplaromanilla\/wp-json\/wp\/v2\/media?parent=6743"}],"wp:term":[{"taxonomy":"category","embeddable":true,"href":"https:\/\/blogsaverroes.juntadeandalucia.es\/ceiplaromanilla\/wp-json\/wp\/v2\/categories?post=6743"},{"taxonomy":"post_tag","embeddable":true,"href":"https:\/\/blogsaverroes.juntadeandalucia.es\/ceiplaromanilla\/wp-json\/wp\/v2\/tags?post=6743"}],"curies":[{"name":"wp","href":"https:\/\/api.w.org\/{rel}","templated":true}]}}