{"id":7710,"date":"2025-05-27T13:12:43","date_gmt":"2025-05-27T12:12:43","guid":{"rendered":"https:\/\/blogsaverroes.juntadeandalucia.es\/ceiplaromanilla\/?p=7710"},"modified":"2025-05-27T13:16:47","modified_gmt":"2025-05-27T12:16:47","slug":"matriculacion","status":"publish","type":"post","link":"https:\/\/blogsaverroes.juntadeandalucia.es\/ceiplaromanilla\/matriculacion\/","title":{"rendered":"MATRICULACI\u00d3N"},"content":{"rendered":"<p><strong><b>Desde el d\u00eda 1 al 9 de junio&nbsp;<\/b><\/strong><strong><b>del 2025<\/b><\/strong>&nbsp;queda abierto el procedimiento ordinario de matriculaci\u00f3n del alumnado para el curso 2025\/26.<\/p>\n<p>Deben&nbsp;<strong><b>realizar dicho tr\u00e1mite y presentar la solicitud&nbsp;<\/b><\/strong>de matriculaci\u00f3n al Centro el siguiente alumnado:<\/p>\n<ul>\n<li>Alumnado del CEIP La Romanilla que est\u00e1 en el Centro y contin\u00faa en el siguiente curso.<\/li>\n<li>Alumnado de&nbsp;<strong><b>nueva incorporaci\u00f3n para el curso de Infantil de 3 a\u00f1os&nbsp;<\/b><\/strong>que ha sido admitido en el nuestro centro.<\/li>\n<li>Alumnado que cursando estudios en otro Centro educativo este curso,&nbsp;<strong><b>haya sido admitido en el <\/b><\/strong><strong><b>nuestro centro <\/b><\/strong><strong><b>para el siguiente curso.<\/b><\/strong><\/li>\n<\/ul>\n<p><a href=\"https:\/\/view.genial.ly\/60b4a898368aa70d719b8b79\/guide-matriculacion-andalucia-posidonia\"><strong><u><b>Tutorial<\/b><\/u><\/strong><\/a><a href=\"https:\/\/view.genially.com\/60b4a898368aa70d719b8b79\/guide-matriculacion-andalucia-posidonia\"><strong><u><b>\u2002(pinchando aqu\u00ed) para realizar la matr\u00edcula electr\u00f3nica<\/b><\/u><\/strong><\/a><strong><b>.<\/b><\/strong><\/p>\n<p><strong><b>\u00bfCU\u00c1NDO HAY QUE MATRICULAR?<\/b><\/strong><\/p>\n<p><strong><b>Todo el alumnado&nbsp;<\/b><\/strong>debe matricular<strong><b>&nbsp;del 1 al 9 de junio.<\/b><\/strong><\/p>\n<p>Si va a solicitar servicios del Plan de Familia (Aula Matinal, Comedor o Actividades Extraescolares) puede hacerlo del 1 al 10 de junio.<\/p>\n<p><strong><b>\u00bfC\u00d3MO SE PUEDE REALIZAR EL PROCEDIMIENTO?<\/b><\/strong><\/p>\n<p>A\u00fan pudiendo proceder de forma presencial,&nbsp;<strong><u>les aconsejamos que cumplimenten la matr\u00edcula de forma telem\u00e1tica.<\/u><\/strong><\/p>\n<p><a href=\"https:\/\/www.juntadeandalucia.es\/educacion\/secretariavirtual\/accesoTramite\/365\/\"><u>(Enlace a MATR\u00cdCULA ELECTR\u00d3NICA<\/u><u>&nbsp;( proximamente)<\/u><\/a><\/p>\n<ul>\n<li><b><\/b><strong><b>De forma telem\u00e1tica<\/b><\/strong>: Se realiza desde la Secretar\u00eda virtual. Para acceder se puede hacer por clave iANDE (les ha llegado a su Ipasen o sms), por certificado digital Cl@ve.&nbsp;<\/li>\n<li><b><\/b><strong><b>De forma presencial:&nbsp;<\/b><\/strong>acudiendo a la Secretar\u00eda del Colegio con el Anexo cumplimentado y fotocopia del mismo en el horario:<\/li>\n<\/ul>\n<p>Lunes, jueves y viernes: 9 a 10h&nbsp; &nbsp; &nbsp; &nbsp; &nbsp; &nbsp; &nbsp; &nbsp; &nbsp; &nbsp; &nbsp; &nbsp; &nbsp;Martes de 13 a 14h&nbsp; &nbsp; &nbsp; &nbsp; &nbsp; &nbsp; &nbsp; &nbsp; &nbsp; &nbsp; &nbsp; &nbsp; &nbsp; &nbsp; &nbsp; &nbsp; &nbsp; &nbsp; &nbsp; &nbsp; &nbsp; &nbsp; &nbsp;Mi\u00e9rcoles de 11 a 12h<\/p>\n<p><strong><b>\u00bfQU\u00c9 DOCUMENTOS DEBE CUMPLIMENTAR EN PAPEL ?<\/b><\/strong><\/p>\n<p>Aqu\u00ed tienen acceso a los documentos en pdf para cada etapa educativa. En caso de tener problemas de acceso, pueden imprimirlos y entregar en Secretar\u00eda en el horario establecido de atenci\u00f3n al publico.<\/p>\n<ul>\n<li><a href=\"https:\/\/www.juntadeandalucia.es\/educacion\/portales\/documents\/100629\/669349\/4_Anexo IV_002536_4.pdf\/2857e311-abaf-10f1-c03a-b980ff594de5?version=1.0\"><u>ANEXO IV:<\/u><\/a>para el alumnado que vaya a cursar Ed.Infantil.<\/li>\n<li><a href=\"https:\/\/www.juntadeandalucia.es\/educacion\/portales\/documents\/100629\/669349\/5_Anexo V_002537_4.pdf\/acd7344a-e127-4e2c-5be7-b1f12b0a07c2?version=1.1\"><u>ANEXO V:<\/u><\/a>para el alumnado que vaya a cursar Ed.Primaria.<\/li>\n<li><a href=\"https:\/\/www.juntadeandalucia.es\/educacion\/portales\/documents\/100629\/669355\/Anexo Religio%C2%BFn.pdf\/c9b72559-ae2b-45b4-746c-8c63fda85020?version=1.1\"><u>Religi\u00f3n\/Atenci\u00f3n Educativa.<\/u><\/a><\/li>\n<li><a href=\"https:\/\/www.juntadeandalucia.es\/educacion\/portales\/documents\/100629\/669355\/Anexo Proteccio%C2%BFn de datos.pdf\/d64d32c3-910f-2371-24a6-b852df3234d1?version=1.1\"><u>Permiso de im\u00e1genes<\/u><\/a><\/li>\n<li><a href=\"https:\/\/www.juntadeandalucia.es\/educacion\/portales\/documents\/100629\/669355\/Cuestionario Fondo Social Europeo.pdf\/4dfb30ce-13d3-68d6-4fb8-bcd530857aa8?version=1.0\"><u>Cuestionario del Fondo Social Europeo<\/u><\/a><\/li>\n<\/ul>\n<p>El alumnado nuevo deber\u00e1 aportar copia del DNI de los tutores legales y del alumnado,fotocopia del libro de familia, de cartilla de vacunas,de la tarjeta sanitaria y una&nbsp;fotograf\u00eda del ni\u00f1o\/a tama\u00f1o DNI.<\/p>\n<p><strong><b>\u00bfCU\u00c1NDO SE PUEDE SOLICITAR AULA MATINAL, COMEDOR Y\/O ACTIVIDADES EXTRAESCOLARES?<\/b><\/strong><\/p>\n<p>Se pueden solicitar del&nbsp;<u>1 al 10 de junio.<\/u><\/p>\n<p>De manera telem\u00e1tica, a continuaci\u00f3n de cumplimentar la matr\u00edcula&nbsp;<strong><b>(IMPORTANTE: no olvide adjuntar archivos de acreditaci\u00f3n de situaci\u00f3n laboral)<\/b><\/strong><\/p>\n<p>Si lo realiza de manera presencial debe incluir:<\/p>\n<ul>\n<li><b><\/b><strong><b>Solicitud de Servicios<\/b><\/strong>de Aula Matinal, Comedor y\/o Actividades Extraescolares debidamente cumplimentada<a href=\"https:\/\/www.juntadeandalucia.es\/educacion\/portals\/delegate\/content\/6c4342f7-1581-4c26-bc7e-2e49b4b64cee\/Anexo II.- Servicio de Aula Matinal, Comedor Escolar y actividades Extraescolares\"><u>\u2002(Descargar aqu\u00ed<\/u><\/a>) .<\/li>\n<li><b><\/b><strong><b>Documentaci\u00f3n que acredite las distintas situaciones<\/b><\/strong>:\n<ul>\n<li><b><i><\/i><\/b><strong><em><b><i>Acreditaci\u00f3n de guarda y custodia<\/i><\/b><\/em><\/strong>ejercida por solo uno de los\/ as representantes legales. Cuando la guarda y custodia sea ejercida por solo uno de los representantes legales deber\u00e1 presentar una copia compulsada del libro de familia o el documento judicial acreditativo de esa circunstancia.<\/li>\n<li><b><i><\/i><\/b><strong><em><b><i>Acreditaci\u00f3n de la actividad laboral<\/i><\/b><\/em><\/strong>o profesional de las personas que ostentan la guarda y custodia del alumnado. Para acreditar la actividad laboral o profesional de las personas que ostenten la guarda y custodia del alumnado ser\u00e1 necesario presentar, por cada uno:\n<ul>\n<li><b><i><\/i><\/b><strong><em><b><i>Informe de vida laboral&nbsp;<\/i><\/b><\/em><\/strong>expedido por el organismo oficial competente en la materia o certificado de la unidad de personal de su destino como funcionario.<\/li>\n<li><b><i><\/i><\/b><strong><em><b><i>Certificaci\u00f3n de la empresa<\/i><\/b><\/em><\/strong>justificativo de la duraci\u00f3n de la jornada, as\u00ed como el&nbsp;horario de trabajo&nbsp;a efectos de lo establecido en los art\u00edculos 11.2.c) y 15.2.c) del Decreto 6\/2017, de 16 de enero.<\/li>\n<\/ul>\n<\/li>\n<li>En el caso de que desarrollen su actividad laboral por&nbsp;<em><i>cuenta propia (aut\u00f3nomos)<\/i><\/em>, deber\u00e1n presentar:<\/li>\n<\/ul>\n<\/li>\n<\/ul>\n<ol>\n<li>\n<ol>\n<li><b><\/b><strong><b>Informe de vida laboral.<\/b><\/strong><\/li>\n<li>Certificaci\u00f3n demostrativa del&nbsp;<strong><b>alta en el Impuesto de Actividades Econ\u00f3micas<\/b><\/strong><\/li>\n<li><b><\/b><strong><b>Declaraci\u00f3n responsable<\/b><\/strong>de la persona interesada sobre la&nbsp;<strong><b>vigencia<\/b><\/strong>&nbsp;de la misma y del&nbsp;<strong><b>horario<\/b><\/strong>&nbsp;que requiere la actividad.&nbsp;<\/li>\n<\/ol>\n<\/li>\n<\/ol>\n<p>En el supuesto de que no exista obligaci\u00f3n legal de estar dado de alta en el Impuesto de Actividades Econ\u00f3micas, se acreditar\u00e1 mediante la presentaci\u00f3n de alguno de los siguientes documentos:<\/p>\n<ul>\n<li><b><\/b><strong><b>Alta en el Censo de empresarios<\/b><\/strong>, profesionales y retenedores, para aquellas personas que desarrollen actividades empresariales o profesionales, incluidas las agr\u00edcolas, forestales, ganaderas o pesqueras.<\/li>\n<li>Copia autenticada de la correspondiente&nbsp;<strong><b>licencia de apertura<\/b><\/strong>expedida por el Ayuntamiento respectivo<strong><b>.<\/b><\/strong><\/li>\n<li><b><\/b><strong><b>Alta en la Seguridad Social<\/b><\/strong>y una declaraci\u00f3n responsable de la persona interesada sobre la vigencia de la misma.<\/li>\n<li><b><\/b><strong><b>Acreditaci\u00f3n de la situaci\u00f3n de cursar estudios<\/b><\/strong>conducentes a titulaciones acad\u00e9micas oficiales. Para acreditar la situaci\u00f3n de cursar estudios conducentes a titulaciones acad\u00e9micas oficiales de las personas que ostentan la guarda y custodia del alumnado ser\u00e1 necesario presentar certificado expedido por el centro docente donde figure estar matriculado y el horario lectivo.<\/li>\n<li><b><\/b><strong><b>Acreditaci\u00f3n de la situaci\u00f3n de dificultad social extrema o riesgo de exclusi\u00f3<\/b><\/strong> Para acreditar la situaci\u00f3n de dificultad social extrema o riesgo de exclusi\u00f3n, ser\u00e1 necesario presentar una certificaci\u00f3n expedida al efecto por la persona titular de los servicios sociales provinciales donde resida la persona solicitante.<\/li>\n<\/ul>\n<p><strong><b>\u00bfCU\u00c1NDO PUEDO SABER SI EST\u00c1 ADMITIDO EN LOS SERVICIOS COMPLEMENTARIOS?<\/b><\/strong><\/p>\n<p>El&nbsp;<strong><em><b><i>listado provisional<\/i><\/b><\/em><\/strong>&nbsp;de admitidos y suplentes en Aula Matinal, Comedor y Actividades Extraescolares se publicar\u00e1 el&nbsp;<strong><em><b><i>12 de Junio<\/i><\/b><\/em><\/strong>, abri\u00e9ndose plazo de reclamaciones del 13 al 26 de Junio y el<strong><em><b><i>&nbsp;listado definitivo el 30 de Junio<\/i><\/b><\/em><\/strong>.<\/p>\n<p><strong><b>\u00bfCU\u00c1NDO TENGO QUE SOLICITAR LA BONIFICACI\u00d3N?<\/b><\/strong><\/p>\n<p>Del 1 al 7 de septiembre.<\/p>\n<p><strong><b>\u00bfQU\u00c9 ACTIVIDADES EXTRAESCOLARES SE OFERTAN PARA EL CURSO 25\/26?<\/b><\/strong><\/p>\n<p><img decoding=\"async\" class=\"alignleft wp-image-7711 size-medium\" src=\"https:\/\/blogsaverroes.juntadeandalucia.es\/ceiplaromanilla\/files\/2025\/05\/Captura-de-pantalla-2025-05-27-140100-300x147.png\" alt=\"\" width=\"300\" height=\"147\"><\/p>\n<p>&nbsp;<\/p>\n<p>&nbsp;<\/p>\n<p>&nbsp;<\/p>\n<p><strong><b>\u00bfC\u00d3MO PUEDO ESCANEAR LOS DOCUMENTOS EN PDF?<\/b><\/strong><\/p>\n<p>Hay varias aplicaciones. Nosotros usamos CamScanner para hacer fotos y guardarlas como documento PDF.<\/p>\n<p>As\u00ed mismo pueden realizar una consulta a trav\u00e9s del correo electr\u00f3nico <a href=\"mailto:04004589.edu@juntadeandalucia.es\"><u>04004589.edu@juntadeandalucia.es<\/u><\/a>&nbsp;&nbsp;o a trav\u00e9s del tel\u00e9fono del Centro 950 15 66 06.<\/p>\n","protected":false},"excerpt":{"rendered":"<p>Desde el d\u00eda 1 al 9 de junio&nbsp;del 2025&nbsp;queda abierto el procedimiento ordinario de matriculaci\u00f3n del alumnado para el curso 2025\/26. Deben&nbsp;realizar dicho tr\u00e1mite y presentar la solicitud&nbsp;de matriculaci\u00f3n al Centro el siguiente alumnado: Alumnado del CEIP La Romanilla que est\u00e1 en el Centro y contin\u00faa en el siguiente curso. Alumnado de&nbsp;nueva incorporaci\u00f3n para el [&hellip;]<\/p>\n","protected":false},"author":16029,"featured_media":7714,"comment_status":"closed","ping_status":"open","sticky":false,"template":"","format":"standard","meta":{"_et_pb_use_builder":"","_et_pb_old_content":"","_et_gb_content_width":"","ngg_post_thumbnail":0,"footnotes":""},"categories":[16,3],"tags":[],"aioseo_notices":[],"post_mailing_queue_ids":[],"_links":{"self":[{"href":"https:\/\/blogsaverroes.juntadeandalucia.es\/ceiplaromanilla\/wp-json\/wp\/v2\/posts\/7710"}],"collection":[{"href":"https:\/\/blogsaverroes.juntadeandalucia.es\/ceiplaromanilla\/wp-json\/wp\/v2\/posts"}],"about":[{"href":"https:\/\/blogsaverroes.juntadeandalucia.es\/ceiplaromanilla\/wp-json\/wp\/v2\/types\/post"}],"author":[{"embeddable":true,"href":"https:\/\/blogsaverroes.juntadeandalucia.es\/ceiplaromanilla\/wp-json\/wp\/v2\/users\/16029"}],"replies":[{"embeddable":true,"href":"https:\/\/blogsaverroes.juntadeandalucia.es\/ceiplaromanilla\/wp-json\/wp\/v2\/comments?post=7710"}],"version-history":[{"count":1,"href":"https:\/\/blogsaverroes.juntadeandalucia.es\/ceiplaromanilla\/wp-json\/wp\/v2\/posts\/7710\/revisions"}],"predecessor-version":[{"id":7712,"href":"https:\/\/blogsaverroes.juntadeandalucia.es\/ceiplaromanilla\/wp-json\/wp\/v2\/posts\/7710\/revisions\/7712"}],"wp:featuredmedia":[{"embeddable":true,"href":"https:\/\/blogsaverroes.juntadeandalucia.es\/ceiplaromanilla\/wp-json\/wp\/v2\/media\/7714"}],"wp:attachment":[{"href":"https:\/\/blogsaverroes.juntadeandalucia.es\/ceiplaromanilla\/wp-json\/wp\/v2\/media?parent=7710"}],"wp:term":[{"taxonomy":"category","embeddable":true,"href":"https:\/\/blogsaverroes.juntadeandalucia.es\/ceiplaromanilla\/wp-json\/wp\/v2\/categories?post=7710"},{"taxonomy":"post_tag","embeddable":true,"href":"https:\/\/blogsaverroes.juntadeandalucia.es\/ceiplaromanilla\/wp-json\/wp\/v2\/tags?post=7710"}],"curies":[{"name":"wp","href":"https:\/\/api.w.org\/{rel}","templated":true}]}}