{"id":7870,"date":"2025-12-07T10:19:25","date_gmt":"2025-12-07T09:19:25","guid":{"rendered":"https:\/\/blogsaverroes.juntadeandalucia.es\/ceiplaromanilla\/?p=7870"},"modified":"2025-12-07T10:19:25","modified_gmt":"2025-12-07T09:19:25","slug":"dia-de-la-constitucion-2","status":"publish","type":"post","link":"https:\/\/blogsaverroes.juntadeandalucia.es\/ceiplaromanilla\/dia-de-la-constitucion-2\/","title":{"rendered":"D\u00cdA DE LA CONSTITUCI\u00d3N"},"content":{"rendered":"<p data-start=\"110\" data-end=\"339\">El pasado viernes celebramos en el colegio el <em data-start=\"156\" data-end=\"180\">D\u00eda de la Constituci\u00f3n<\/em>. Fue una jornada especial en la que nuestro alumnado pudo conocer, de forma sencilla y cercana, qu\u00e9 significa este d\u00eda y por qu\u00e9 es tan importante para todos.<\/p>\n<p data-start=\"341\" data-end=\"693\">A trav\u00e9s de lecturas, actividades y peque\u00f1as reflexiones en clase, los ni\u00f1os y ni\u00f1as trabajaron valores como la convivencia, el respeto y la importancia de participar para mejorar nuestra sociedad.&nbsp;<\/p>\n<p data-start=\"123\" data-end=\"396\">Despu\u00e9s del recreo, en el patio, el alumnado de 5\u00ba de Primaria realiz\u00f3 la lectura de varios art\u00edculos de la Constituci\u00f3n, acercando su significado al resto de compa\u00f1eros y compa\u00f1eras de una forma clara y cercana.<\/p>\n<p data-start=\"398\" data-end=\"601\">Posteriormente,realizamos la izada de la bandera y la escucha del himno, un acto sencillo pero muy emotivo que vivimos todos juntos.<\/p>\n<p data-start=\"603\" data-end=\"801\">Queremos destacar especialmente el excelente comportamiento de todos los ni\u00f1os y ni\u00f1as, incluso de los m\u00e1s peque\u00f1os, que participaron con respeto y atenci\u00f3n en todas las actividades del patio.<\/p>\n<p data-start=\"803\" data-end=\"909\">Una celebraci\u00f3n que nos permiti\u00f3 recordar la importancia de convivir, respetar y aprender juntos cada d\u00eda.<\/p>\n<p data-start=\"803\" data-end=\"909\"><img fetchpriority=\"high\" fetchpriority=\"high\" decoding=\"async\" class=\"aligncenter wp-image-7871 size-large\" src=\"https:\/\/blogsaverroes.juntadeandalucia.es\/ceiplaromanilla\/files\/2025\/12\/IMG_1343-768x1024.jpeg\" alt=\"\" width=\"768\" height=\"1024\"> <img decoding=\"async\" class=\"wp-image-7873 size-large aligncenter\" src=\"https:\/\/blogsaverroes.juntadeandalucia.es\/ceiplaromanilla\/files\/2025\/12\/IMG_1342-768x1024.jpeg\" alt=\"\" width=\"768\" height=\"1024\"><\/p>\n<div style=\"width: 848px;\" class=\"wp-video\"><!--[if lt IE 9]><script>document.createElement('video');<\/script><![endif]-->\n<video class=\"wp-video-shortcode\" id=\"video-7870-1\" width=\"848\" height=\"478\" preload=\"metadata\" controls=\"controls\"><source type=\"video\/mp4\" src=\"https:\/\/blogsaverroes.juntadeandalucia.es\/ceiplaromanilla\/files\/2025\/12\/VIDEO-2025-12-05-12-34-01.mp4?_=1\" \/><a href=\"https:\/\/blogsaverroes.juntadeandalucia.es\/ceiplaromanilla\/files\/2025\/12\/VIDEO-2025-12-05-12-34-01.mp4\">https:\/\/blogsaverroes.juntadeandalucia.es\/ceiplaromanilla\/files\/2025\/12\/VIDEO-2025-12-05-12-34-01.mp4<\/a><\/video><\/div>\n<p data-start=\"803\" data-end=\"909\">&nbsp;<\/p>\n<p data-start=\"803\" data-end=\"909\"><img decoding=\"async\" class=\"aligncenter wp-image-7875 size-large\" src=\"https:\/\/blogsaverroes.juntadeandalucia.es\/ceiplaromanilla\/files\/2025\/12\/IMG_1338-1024x768.jpeg\" alt=\"\" width=\"1024\" height=\"768\" srcset=\"https:\/\/blogsaverroes.juntadeandalucia.es\/ceiplaromanilla\/files\/2025\/12\/IMG_1338-980x735.jpeg 980w, https:\/\/blogsaverroes.juntadeandalucia.es\/ceiplaromanilla\/files\/2025\/12\/IMG_1338-480x360.jpeg 480w\" sizes=\"(min-width: 0px) and (max-width: 480px) 480px, (min-width: 481px) and (max-width: 980px) 980px, (min-width: 981px) 1024px, 100vw\" \/><\/p>\n<p data-start=\"803\" data-end=\"909\"><img loading=\"lazy\" loading=\"lazy\" decoding=\"async\" class=\"aligncenter wp-image-7879 size-large\" src=\"https:\/\/blogsaverroes.juntadeandalucia.es\/ceiplaromanilla\/files\/2025\/12\/PHOTO-2025-12-05-12-32-55-1024x461.jpg\" alt=\"\" width=\"1024\" height=\"461\" srcset=\"https:\/\/blogsaverroes.juntadeandalucia.es\/ceiplaromanilla\/files\/2025\/12\/PHOTO-2025-12-05-12-32-55-980x441.jpg 980w, https:\/\/blogsaverroes.juntadeandalucia.es\/ceiplaromanilla\/files\/2025\/12\/PHOTO-2025-12-05-12-32-55-480x216.jpg 480w\" sizes=\"(min-width: 0px) and (max-width: 480px) 480px, (min-width: 481px) and (max-width: 980px) 980px, (min-width: 981px) 1024px, 100vw\" \/><\/p>\n","protected":false},"excerpt":{"rendered":"<p>El pasado viernes celebramos en el colegio el D\u00eda de la Constituci\u00f3n. Fue una jornada especial en la que nuestro alumnado pudo conocer, de forma sencilla y cercana, qu\u00e9 significa este d\u00eda y por qu\u00e9 es tan importante para todos. A trav\u00e9s de lecturas, actividades y peque\u00f1as reflexiones en clase, los ni\u00f1os y ni\u00f1as trabajaron [&hellip;]<\/p>\n","protected":false},"author":16029,"featured_media":7875,"comment_status":"closed","ping_status":"open","sticky":false,"template":"","format":"standard","meta":{"_et_pb_use_builder":"","_et_pb_old_content":"","_et_gb_content_width":"","ngg_post_thumbnail":0,"footnotes":""},"categories":[16,3],"tags":[],"aioseo_notices":[],"post_mailing_queue_ids":[],"_links":{"self":[{"href":"https:\/\/blogsaverroes.juntadeandalucia.es\/ceiplaromanilla\/wp-json\/wp\/v2\/posts\/7870"}],"collection":[{"href":"https:\/\/blogsaverroes.juntadeandalucia.es\/ceiplaromanilla\/wp-json\/wp\/v2\/posts"}],"about":[{"href":"https:\/\/blogsaverroes.juntadeandalucia.es\/ceiplaromanilla\/wp-json\/wp\/v2\/types\/post"}],"author":[{"embeddable":true,"href":"https:\/\/blogsaverroes.juntadeandalucia.es\/ceiplaromanilla\/wp-json\/wp\/v2\/users\/16029"}],"replies":[{"embeddable":true,"href":"https:\/\/blogsaverroes.juntadeandalucia.es\/ceiplaromanilla\/wp-json\/wp\/v2\/comments?post=7870"}],"version-history":[{"count":2,"href":"https:\/\/blogsaverroes.juntadeandalucia.es\/ceiplaromanilla\/wp-json\/wp\/v2\/posts\/7870\/revisions"}],"predecessor-version":[{"id":7881,"href":"https:\/\/blogsaverroes.juntadeandalucia.es\/ceiplaromanilla\/wp-json\/wp\/v2\/posts\/7870\/revisions\/7881"}],"wp:featuredmedia":[{"embeddable":true,"href":"https:\/\/blogsaverroes.juntadeandalucia.es\/ceiplaromanilla\/wp-json\/wp\/v2\/media\/7875"}],"wp:attachment":[{"href":"https:\/\/blogsaverroes.juntadeandalucia.es\/ceiplaromanilla\/wp-json\/wp\/v2\/media?parent=7870"}],"wp:term":[{"taxonomy":"category","embeddable":true,"href":"https:\/\/blogsaverroes.juntadeandalucia.es\/ceiplaromanilla\/wp-json\/wp\/v2\/categories?post=7870"},{"taxonomy":"post_tag","embeddable":true,"href":"https:\/\/blogsaverroes.juntadeandalucia.es\/ceiplaromanilla\/wp-json\/wp\/v2\/tags?post=7870"}],"curies":[{"name":"wp","href":"https:\/\/api.w.org\/{rel}","templated":true}]}}