{"id":3824,"date":"2022-12-14T09:08:21","date_gmt":"2022-12-14T09:08:21","guid":{"rendered":"https:\/\/blogsaverroes.juntadeandalucia.es\/ceiplasalbinas\/?p=3824"},"modified":"2022-12-14T09:33:19","modified_gmt":"2022-12-14T09:33:19","slug":"salida-a-navilandia","status":"publish","type":"post","link":"https:\/\/blogsaverroes.juntadeandalucia.es\/ceiplasalbinas\/salida-a-navilandia\/","title":{"rendered":"SALIDA A NAVILANDIA 2\u00ba Y 3\u00ba DE PRIMARIA"},"content":{"rendered":"<p>Hoy los alumnos\/as de segundo y tercer curso de Educaci\u00f3n Primaria han disfrutado en la Sala Box de la feria educativa Navilandia, realizando diferentes talleres relacionados con la Navidad. Las actividades han sido ricas y variadas, desde juegos de mesa en formato gigante convirti\u00e9ndose en fichas de tableros, hasta karaoke de villancicos en ingl\u00e9s, elaboraci\u00f3n de galletas y elaboraci\u00f3n de bolas de navidad.<\/p>\n<p>Os dejamos el siguiente enlace donde pod\u00e9is ver im\u00e1genes de las actividades realizadas por el alumnado.<\/p>\n<p style=\"text-align: center\"><a href=\"https:\/\/photos.app.goo.gl\/yimNSs618G5qcXpJ8\" target=\"_blank\" rel=\"noopener noreferrer\">Haz clic para ver las im\u00e1genes&nbsp;<\/a><\/p>\n","protected":false},"excerpt":{"rendered":"<p>Hoy los alumnos\/as de segundo y tercer curso de Educaci\u00f3n Primaria han disfrutado en la Sala Box de la feria educativa Navilandia, realizando diferentes talleres&hellip;<\/p>\n","protected":false},"author":10177,"featured_media":3823,"comment_status":"closed","ping_status":"open","sticky":false,"template":"","format":"standard","meta":{"ngg_post_thumbnail":0,"footnotes":""},"categories":[2351655,2351658,2351659],"tags":[],"aioseo_notices":[],"_links":{"self":[{"href":"https:\/\/blogsaverroes.juntadeandalucia.es\/ceiplasalbinas\/wp-json\/wp\/v2\/posts\/3824"}],"collection":[{"href":"https:\/\/blogsaverroes.juntadeandalucia.es\/ceiplasalbinas\/wp-json\/wp\/v2\/posts"}],"about":[{"href":"https:\/\/blogsaverroes.juntadeandalucia.es\/ceiplasalbinas\/wp-json\/wp\/v2\/types\/post"}],"author":[{"embeddable":true,"href":"https:\/\/blogsaverroes.juntadeandalucia.es\/ceiplasalbinas\/wp-json\/wp\/v2\/users\/10177"}],"replies":[{"embeddable":true,"href":"https:\/\/blogsaverroes.juntadeandalucia.es\/ceiplasalbinas\/wp-json\/wp\/v2\/comments?post=3824"}],"version-history":[{"count":4,"href":"https:\/\/blogsaverroes.juntadeandalucia.es\/ceiplasalbinas\/wp-json\/wp\/v2\/posts\/3824\/revisions"}],"predecessor-version":[{"id":3828,"href":"https:\/\/blogsaverroes.juntadeandalucia.es\/ceiplasalbinas\/wp-json\/wp\/v2\/posts\/3824\/revisions\/3828"}],"wp:featuredmedia":[{"embeddable":true,"href":"https:\/\/blogsaverroes.juntadeandalucia.es\/ceiplasalbinas\/wp-json\/wp\/v2\/media\/3823"}],"wp:attachment":[{"href":"https:\/\/blogsaverroes.juntadeandalucia.es\/ceiplasalbinas\/wp-json\/wp\/v2\/media?parent=3824"}],"wp:term":[{"taxonomy":"category","embeddable":true,"href":"https:\/\/blogsaverroes.juntadeandalucia.es\/ceiplasalbinas\/wp-json\/wp\/v2\/categories?post=3824"},{"taxonomy":"post_tag","embeddable":true,"href":"https:\/\/blogsaverroes.juntadeandalucia.es\/ceiplasalbinas\/wp-json\/wp\/v2\/tags?post=3824"}],"curies":[{"name":"wp","href":"https:\/\/api.w.org\/{rel}","templated":true}]}}