{"id":3886,"date":"2023-02-01T10:09:32","date_gmt":"2023-02-01T10:09:32","guid":{"rendered":"https:\/\/blogsaverroes.juntadeandalucia.es\/ceiplasalbinas\/?p=3886"},"modified":"2023-02-01T11:22:16","modified_gmt":"2023-02-01T11:22:16","slug":"olimpiadas-de-la-paz","status":"publish","type":"post","link":"https:\/\/blogsaverroes.juntadeandalucia.es\/ceiplasalbinas\/olimpiadas-de-la-paz\/","title":{"rendered":"OLIMPIADAS POR LA PAZ"},"content":{"rendered":"<p>La celebraci\u00f3n del D\u00eda Escolar de la No-violencia y la Paz (DENYP) se celebra el d\u00eda 30 de enero como rechazo al asesinato de Mahatma Gandhi que tanto promulg\u00f3 la paz. Este d\u00eda tiene el objetivo promover un mensaje de renuncia al uso de la violencia y fomentar el respeto por la naturaleza, la vida y la libertad de los dem\u00e1s. Desde los colegios se intenta incentivar una educaci\u00f3n para la tolerancia, la solidaridad, el respeto y la paz, con la idea de conseguir una sociedad futura m\u00e1s tolerante y que lleguen a resolver los conflictos de forma pac\u00edfica.<\/p>\n<p>Por ello, entre otras actividades, en nuestro este d\u00eda 30 de enero se han celebrado las I Olimpiadas Albineras de la Paz. Con esta actividad se le ha explicado al alumnado que originalmente durante los JJOO se establec\u00eda una tregua y no exist\u00edan conflictos b\u00e9licos. Y hoy ellos han recreado la Paz que exist\u00eda en aquellas Olimpiadas y han estado entrenando esa actitud para llevarla a su d\u00eda a d\u00eda.<\/p>\n<p><a href=\"https:\/\/blogsaverroes.juntadeandalucia.es\/ceiplasalbinas\/files\/2023\/02\/IMG_20230130_101944-scaled.jpg\"><img loading=\"lazy\" decoding=\"async\" class=\" wp-image-3890 aligncenter\" src=\"https:\/\/blogsaverroes.juntadeandalucia.es\/ceiplasalbinas\/files\/2023\/02\/IMG_20230130_101944-300x224.jpg\" alt=\"\" width=\"466\" height=\"348\" srcset=\"https:\/\/blogsaverroes.juntadeandalucia.es\/ceiplasalbinas\/files\/2023\/02\/IMG_20230130_101944-300x224.jpg 300w, https:\/\/blogsaverroes.juntadeandalucia.es\/ceiplasalbinas\/files\/2023\/02\/IMG_20230130_101944-1024x766.jpg 1024w, https:\/\/blogsaverroes.juntadeandalucia.es\/ceiplasalbinas\/files\/2023\/02\/IMG_20230130_101944-768x575.jpg 768w, https:\/\/blogsaverroes.juntadeandalucia.es\/ceiplasalbinas\/files\/2023\/02\/IMG_20230130_101944-1536x1149.jpg 1536w, https:\/\/blogsaverroes.juntadeandalucia.es\/ceiplasalbinas\/files\/2023\/02\/IMG_20230130_101944-2048x1532.jpg 2048w\" sizes=\"(max-width: 466px) 100vw, 466px\" \/><\/a><\/p>\n<p>Se han realizado distintas pruebas atl\u00e9ticas para todo el alumnado del centro y con la colaboraci\u00f3n de toda la comunidad educativa de Las Albinas, en especial destacar la&nbsp; gran ayuda de madres y padres del AMPA. Gracias a todos\/as hemos conseguido una jornada pac\u00edfica, activa y educativa.<\/p>\n<p>En el siguiente enlace pod\u00e9is ver im\u00e1genes de esta actividad. <a href=\"https:\/\/photos.app.goo.gl\/BH5bVrb4TNbG5tFL9\" target=\"_blank\" rel=\"noopener noreferrer\">Pincha aqu\u00ed.<\/a><\/p>\n<p>Muchas gracias a todos\/as por su colaboraci\u00f3n.<\/p>\n","protected":false},"excerpt":{"rendered":"<p>La celebraci\u00f3n del D\u00eda Escolar de la No-violencia y la Paz (DENYP) se celebra el d\u00eda 30 de enero como rechazo al asesinato de Mahatma&hellip;<\/p>\n","protected":false},"author":10177,"featured_media":3887,"comment_status":"closed","ping_status":"open","sticky":false,"template":"","format":"standard","meta":{"ngg_post_thumbnail":0,"footnotes":""},"categories":[2351712,2351655],"tags":[],"aioseo_notices":[],"_links":{"self":[{"href":"https:\/\/blogsaverroes.juntadeandalucia.es\/ceiplasalbinas\/wp-json\/wp\/v2\/posts\/3886"}],"collection":[{"href":"https:\/\/blogsaverroes.juntadeandalucia.es\/ceiplasalbinas\/wp-json\/wp\/v2\/posts"}],"about":[{"href":"https:\/\/blogsaverroes.juntadeandalucia.es\/ceiplasalbinas\/wp-json\/wp\/v2\/types\/post"}],"author":[{"embeddable":true,"href":"https:\/\/blogsaverroes.juntadeandalucia.es\/ceiplasalbinas\/wp-json\/wp\/v2\/users\/10177"}],"replies":[{"embeddable":true,"href":"https:\/\/blogsaverroes.juntadeandalucia.es\/ceiplasalbinas\/wp-json\/wp\/v2\/comments?post=3886"}],"version-history":[{"count":4,"href":"https:\/\/blogsaverroes.juntadeandalucia.es\/ceiplasalbinas\/wp-json\/wp\/v2\/posts\/3886\/revisions"}],"predecessor-version":[{"id":3893,"href":"https:\/\/blogsaverroes.juntadeandalucia.es\/ceiplasalbinas\/wp-json\/wp\/v2\/posts\/3886\/revisions\/3893"}],"wp:featuredmedia":[{"embeddable":true,"href":"https:\/\/blogsaverroes.juntadeandalucia.es\/ceiplasalbinas\/wp-json\/wp\/v2\/media\/3887"}],"wp:attachment":[{"href":"https:\/\/blogsaverroes.juntadeandalucia.es\/ceiplasalbinas\/wp-json\/wp\/v2\/media?parent=3886"}],"wp:term":[{"taxonomy":"category","embeddable":true,"href":"https:\/\/blogsaverroes.juntadeandalucia.es\/ceiplasalbinas\/wp-json\/wp\/v2\/categories?post=3886"},{"taxonomy":"post_tag","embeddable":true,"href":"https:\/\/blogsaverroes.juntadeandalucia.es\/ceiplasalbinas\/wp-json\/wp\/v2\/tags?post=3886"}],"curies":[{"name":"wp","href":"https:\/\/api.w.org\/{rel}","templated":true}]}}