{"id":4136,"date":"2023-05-25T12:14:02","date_gmt":"2023-05-25T12:14:02","guid":{"rendered":"https:\/\/blogsaverroes.juntadeandalucia.es\/ceiplasalbinas\/?p=4136"},"modified":"2023-05-25T12:14:02","modified_gmt":"2023-05-25T12:14:02","slug":"refuerzo-estival","status":"publish","type":"post","link":"https:\/\/blogsaverroes.juntadeandalucia.es\/ceiplasalbinas\/refuerzo-estival\/","title":{"rendered":"REFUERZO ESTIVAL"},"content":{"rendered":"<p>Estimadas familias.&nbsp;<\/p>\n<p>Informaros que el periodo de solicitud del Programa de Refuerzo Educativo en periodo estival para alumnado est\u00e1 abierto hasta el 30 de mayo.<\/p>\n<p><a href=\"https:\/\/blogsaverroes.juntadeandalucia.es\/ceiplasalbinas\/files\/2023\/05\/REFUERZO-ESTIVAL-2023-FAMILIAS-724x1024-1.jpg\"><img loading=\"lazy\" decoding=\"async\" class=\"aligncenter  wp-image-4138\" src=\"https:\/\/blogsaverroes.juntadeandalucia.es\/ceiplasalbinas\/files\/2023\/05\/REFUERZO-ESTIVAL-2023-FAMILIAS-724x1024-1-212x300.jpg\" alt=\"\" width=\"437\" height=\"619\" srcset=\"https:\/\/blogsaverroes.juntadeandalucia.es\/ceiplasalbinas\/files\/2023\/05\/REFUERZO-ESTIVAL-2023-FAMILIAS-724x1024-1-212x300.jpg 212w, https:\/\/blogsaverroes.juntadeandalucia.es\/ceiplasalbinas\/files\/2023\/05\/REFUERZO-ESTIVAL-2023-FAMILIAS-724x1024-1.jpg 724w\" sizes=\"(max-width: 437px) 100vw, 437px\" \/><\/a><\/p>\n<p>&nbsp;<\/p>\n<p>Los padres, madres o personas que ejerzan la tutela legal del alumnado (de 1\u00ba a 6\u00ba de Primaria) y que est\u00e9n interesados en solicitar la participaci\u00f3n en el Programa deber\u00e1n hacerlo a trav\u00e9s de <a href=\"https:\/\/www.juntadeandalucia.es\/educacion\/secretariavirtual\/solicitudes\/\">Secretaria Virtual<\/a> o bien directamente en la secretar\u00eda del CEIP Alameda, que es el centro educativo seleccionado para este programa en la localidad.&nbsp;<\/p>\n<p>Os dejo cartel informativo del Programa de Refuerzo Estival del CEIP Alameda<\/p>\n<p><a href=\"https:\/\/blogsaverroes.juntadeandalucia.es\/ceiplasalbinas\/files\/2023\/05\/1.jpeg\"><img loading=\"lazy\" decoding=\"async\" class=\"aligncenter  wp-image-4137\" src=\"https:\/\/blogsaverroes.juntadeandalucia.es\/ceiplasalbinas\/files\/2023\/05\/1-300x300.jpeg\" alt=\"\" width=\"436\" height=\"436\" srcset=\"https:\/\/blogsaverroes.juntadeandalucia.es\/ceiplasalbinas\/files\/2023\/05\/1-300x300.jpeg 300w, https:\/\/blogsaverroes.juntadeandalucia.es\/ceiplasalbinas\/files\/2023\/05\/1-1024x1024.jpeg 1024w, https:\/\/blogsaverroes.juntadeandalucia.es\/ceiplasalbinas\/files\/2023\/05\/1-150x150.jpeg 150w, https:\/\/blogsaverroes.juntadeandalucia.es\/ceiplasalbinas\/files\/2023\/05\/1-768x768.jpeg 768w, https:\/\/blogsaverroes.juntadeandalucia.es\/ceiplasalbinas\/files\/2023\/05\/1-1536x1536.jpeg 1536w, https:\/\/blogsaverroes.juntadeandalucia.es\/ceiplasalbinas\/files\/2023\/05\/1.jpeg 2048w\" sizes=\"(max-width: 436px) 100vw, 436px\" \/><\/a><\/p>\n<p>Para m\u00e1s informaci\u00f3n, consulte el&nbsp;<a href=\"https:\/\/www.juntadeandalucia.es\/educacion\/portals\/web\/ced\/familias\/programa-refuerzo-estival-2023\">portal web del Programa<\/a>.<\/p>\n<p>Reciba un cordial saludo.<\/p>\n","protected":false},"excerpt":{"rendered":"<p>Estimadas familias.&nbsp; Informaros que el periodo de solicitud del Programa de Refuerzo Educativo en periodo estival para alumnado est\u00e1 abierto hasta el 30 de mayo.&hellip;<\/p>\n","protected":false},"author":10177,"featured_media":4138,"comment_status":"closed","ping_status":"open","sticky":false,"template":"","format":"standard","meta":{"ngg_post_thumbnail":0,"footnotes":""},"categories":[2351656,2351655],"tags":[],"aioseo_notices":[],"_links":{"self":[{"href":"https:\/\/blogsaverroes.juntadeandalucia.es\/ceiplasalbinas\/wp-json\/wp\/v2\/posts\/4136"}],"collection":[{"href":"https:\/\/blogsaverroes.juntadeandalucia.es\/ceiplasalbinas\/wp-json\/wp\/v2\/posts"}],"about":[{"href":"https:\/\/blogsaverroes.juntadeandalucia.es\/ceiplasalbinas\/wp-json\/wp\/v2\/types\/post"}],"author":[{"embeddable":true,"href":"https:\/\/blogsaverroes.juntadeandalucia.es\/ceiplasalbinas\/wp-json\/wp\/v2\/users\/10177"}],"replies":[{"embeddable":true,"href":"https:\/\/blogsaverroes.juntadeandalucia.es\/ceiplasalbinas\/wp-json\/wp\/v2\/comments?post=4136"}],"version-history":[{"count":1,"href":"https:\/\/blogsaverroes.juntadeandalucia.es\/ceiplasalbinas\/wp-json\/wp\/v2\/posts\/4136\/revisions"}],"predecessor-version":[{"id":4139,"href":"https:\/\/blogsaverroes.juntadeandalucia.es\/ceiplasalbinas\/wp-json\/wp\/v2\/posts\/4136\/revisions\/4139"}],"wp:featuredmedia":[{"embeddable":true,"href":"https:\/\/blogsaverroes.juntadeandalucia.es\/ceiplasalbinas\/wp-json\/wp\/v2\/media\/4138"}],"wp:attachment":[{"href":"https:\/\/blogsaverroes.juntadeandalucia.es\/ceiplasalbinas\/wp-json\/wp\/v2\/media?parent=4136"}],"wp:term":[{"taxonomy":"category","embeddable":true,"href":"https:\/\/blogsaverroes.juntadeandalucia.es\/ceiplasalbinas\/wp-json\/wp\/v2\/categories?post=4136"},{"taxonomy":"post_tag","embeddable":true,"href":"https:\/\/blogsaverroes.juntadeandalucia.es\/ceiplasalbinas\/wp-json\/wp\/v2\/tags?post=4136"}],"curies":[{"name":"wp","href":"https:\/\/api.w.org\/{rel}","templated":true}]}}