{"id":4259,"date":"2023-08-31T21:48:21","date_gmt":"2023-08-31T21:48:21","guid":{"rendered":"https:\/\/blogsaverroes.juntadeandalucia.es\/ceiplasalbinas\/?p=4259"},"modified":"2023-08-31T21:59:27","modified_gmt":"2023-08-31T21:59:27","slug":"informacion-importante-para-el-inicio-del-curso-2023-2024","status":"publish","type":"post","link":"https:\/\/blogsaverroes.juntadeandalucia.es\/ceiplasalbinas\/informacion-importante-para-el-inicio-del-curso-2023-2024\/","title":{"rendered":"INFORMACI\u00d3N IMPORTANTE PARA EL INICIO DEL CURSO 2023-2024"},"content":{"rendered":"<p>Estimadas familias.<\/p>\n<p>Comenzamos un curso 2023-24 lleno de ilusi\u00f3n y con la pilas cargadas para poder emprender un nuevo paso en la educaci\u00f3n de nuestro alumnado. Antes de comenzar queremos transmitirles una serie de aspectos a tener en cuenta:<\/p>\n<ol>\n<li>Este curso escolar se va a llevar a cabo la renovaci\u00f3n de los libros de textos (de 1\u00ba a 6\u00ba) dentro del Programa de Gratuidad de Libros de Texto que oferta la Junta de Andaluc\u00eda. Para ello es necesario que todas las familias del alumnado de Educaci\u00f3n Primaria lleven el documento <strong>cheque libro<\/strong> a cualquier papeler\u00eda y poder as\u00ed canjearlo por el lote de libros asignados a su nivel. Este lote de libros ser\u00e1 entregado por el alumnado a su tutora una vez comenzadas las clases.<\/li>\n<li>Para mantener un correcto estado de conservaci\u00f3n durante los a\u00f1os de uso de los libros, se recomienda que las familias del alumnado de 3\u00ba a 6\u00ba<strong> forren los libros de texto<\/strong>.<\/li>\n<li>El documento cheque libro se encuentra disponible en el apartado <strong>\u00abpunto de recogida\u00bb de la aplicaci\u00f3n iPasen\/Pasen<\/strong> (lo pueden presentar impreso o a trav\u00e9s de la pantalla del m\u00f3vil).&nbsp; Aquellas familias que no puedan acceder al documento o no tengan dificultades para descargarlo del&nbsp; punto de recogida, pueden recoger el mismo en la secretar\u00eda del centro en horario de 9:30 a 13:00 a partir del d\u00eda 1 de septiembre.&nbsp;<\/li>\n<li>Antes del 4 de septiembre se publicar\u00e1 en la web del centro y en la aplicaci\u00f3n iPasen\/Pasen el <strong>material de clase fungible<\/strong> de cada grupo de Educaci\u00f3n Primaria.&nbsp;<\/li>\n<li>Durante la semana del 4 al 7 de septiembre se le har\u00e1 llegar el documento <strong>\u00abOrganizaci\u00f3n y funcionamiento del CEIP Las Albinas curso 2023-2024\u00bb<\/strong> en el que tendr\u00e1n toda la informaci\u00f3n sobre la organizaci\u00f3n, horarios, personal docente y no docente, servicios, entradas y salidas del centro, etc., informaci\u00f3n necesaria y \u00fatil para comenzar el nuevo curso.&nbsp;&nbsp;<\/li>\n<li>Las <strong>clases lectivas<\/strong> comenzar\u00e1n el lunes 11 de septiembre. Este primer d\u00eda habr\u00e1 un horario flexible de adaptaci\u00f3n de 10:00 h. a 12:30 h. para todo el alumnado. A partir de martes 12 de septiembre el horario ser\u00e1 el habitual de 9:00 a 14:00 h.&nbsp;<\/li>\n<li>Los servicios complementarios de <strong>aula matinal y comedor<\/strong> comenzar\u00e1n el martes 12 de septiembre.&nbsp;&nbsp;<\/li>\n<li>Le recordamos que el periodo para presentar la <strong>solicitud de bonificaci\u00f3n de los servicios complementarios<\/strong> (aula matinal, comedor y actividades complementarias) es del 1 al 7 de septiembre. La solicitud la pueden solicitar y entregar en la secretar\u00eda del centro o de forma telem\u00e1tica a trav\u00e9s de la Secretar\u00eda Virtual de los centros educativos (Solicitudes &gt; Servicios Complementarios).<\/li>\n<\/ol>\n<p><a href=\"https:\/\/www.juntadeandalucia.es\/educacion\/secretariavirtual\/\" target=\"_blank\" rel=\"noopener noreferrer\"><img loading=\"lazy\" decoding=\"async\" class=\"aligncenter\" src=\"https:\/\/www.juntadeandalucia.es\/educacion\/secretariavirtual\/images\/logo_secretaria_virtual.svg\" alt=\"Secretar\u00eda Virtual\" width=\"383\" height=\"87\"><\/a><\/p>\n<p>Pr\u00f3ximamente recibir\u00e1n&nbsp;m\u00e1s informaci\u00f3n a trav\u00e9s de la web del centro y de la aplicaci\u00f3n iPasen\/Pasen. Para cualquier duda o informaci\u00f3n pueden utilizar los diferentes canales de comunicaci\u00f3n con el centro.&nbsp;<\/p>\n<p>&nbsp;<\/p>\n<p style=\"text-align: center\"><strong>Ventanilla de secretar\u00eda<\/strong>, de lunes a viernes de 9:00 a 13:00 horas.<\/p>\n<p style=\"text-align: center\"><strong>Mensajer\u00eda<\/strong> de la aplicaci\u00f3n<strong> iPasen \/Pasen<\/strong><\/p>\n<p style=\"text-align: center\"><strong>Tel\u00e9fono<\/strong> de secretar\u00eda: 956243207<\/p>\n<p style=\"text-align: center\"><strong>Correo electr\u00f3nico<\/strong>: secretaria@ceiplasalbinas.es&nbsp; ,&nbsp; &nbsp;11603476.edu@juntadeandalucia.es<\/p>\n","protected":false},"excerpt":{"rendered":"<p>Estimadas familias. Comenzamos un curso 2023-24 lleno de ilusi\u00f3n y con la pilas cargadas para poder emprender un nuevo paso en la educaci\u00f3n de nuestro&hellip;<\/p>\n","protected":false},"author":10177,"featured_media":4258,"comment_status":"closed","ping_status":"open","sticky":false,"template":"","format":"standard","meta":{"ngg_post_thumbnail":0,"footnotes":""},"categories":[2351656,2351655],"tags":[],"aioseo_notices":[],"_links":{"self":[{"href":"https:\/\/blogsaverroes.juntadeandalucia.es\/ceiplasalbinas\/wp-json\/wp\/v2\/posts\/4259"}],"collection":[{"href":"https:\/\/blogsaverroes.juntadeandalucia.es\/ceiplasalbinas\/wp-json\/wp\/v2\/posts"}],"about":[{"href":"https:\/\/blogsaverroes.juntadeandalucia.es\/ceiplasalbinas\/wp-json\/wp\/v2\/types\/post"}],"author":[{"embeddable":true,"href":"https:\/\/blogsaverroes.juntadeandalucia.es\/ceiplasalbinas\/wp-json\/wp\/v2\/users\/10177"}],"replies":[{"embeddable":true,"href":"https:\/\/blogsaverroes.juntadeandalucia.es\/ceiplasalbinas\/wp-json\/wp\/v2\/comments?post=4259"}],"version-history":[{"count":4,"href":"https:\/\/blogsaverroes.juntadeandalucia.es\/ceiplasalbinas\/wp-json\/wp\/v2\/posts\/4259\/revisions"}],"predecessor-version":[{"id":4263,"href":"https:\/\/blogsaverroes.juntadeandalucia.es\/ceiplasalbinas\/wp-json\/wp\/v2\/posts\/4259\/revisions\/4263"}],"wp:featuredmedia":[{"embeddable":true,"href":"https:\/\/blogsaverroes.juntadeandalucia.es\/ceiplasalbinas\/wp-json\/wp\/v2\/media\/4258"}],"wp:attachment":[{"href":"https:\/\/blogsaverroes.juntadeandalucia.es\/ceiplasalbinas\/wp-json\/wp\/v2\/media?parent=4259"}],"wp:term":[{"taxonomy":"category","embeddable":true,"href":"https:\/\/blogsaverroes.juntadeandalucia.es\/ceiplasalbinas\/wp-json\/wp\/v2\/categories?post=4259"},{"taxonomy":"post_tag","embeddable":true,"href":"https:\/\/blogsaverroes.juntadeandalucia.es\/ceiplasalbinas\/wp-json\/wp\/v2\/tags?post=4259"}],"curies":[{"name":"wp","href":"https:\/\/api.w.org\/{rel}","templated":true}]}}